{"id":4352,"date":"2025-06-26T10:43:57","date_gmt":"2025-06-26T08:43:57","guid":{"rendered":"https:\/\/etab.ac-reunion.fr\/clg-ravine-des-cabris\/?p=4352"},"modified":"2025-06-26T10:46:35","modified_gmt":"2025-06-26T08:46:35","slug":"concert-au-kerveguen-mai-2025","status":"publish","type":"post","link":"https:\/\/etab.ac-reunion.fr\/clg-ravine-des-cabris\/2025\/06\/26\/concert-au-kerveguen-mai-2025\/","title":{"rendered":"concert au Kerveguen mai 2025"},"content":{"rendered":"\n<div class=\"wp-block-media-text is-stacked-on-mobile\"><figure class=\"wp-block-media-text__media\"><a href=\"https:\/\/tube-action-educative.apps.education.fr\/w\/icf73ky28ykoYvVnictDp4\"><img loading=\"lazy\" decoding=\"async\" width=\"1436\" height=\"908\" src=\"https:\/\/etab.ac-reunion.fr\/clg-ravine-des-cabris\/wp-content\/uploads\/sites\/158\/2025\/06\/Capture-decran-2025-06-26-a-12.33.40.png\" alt=\"\" class=\"wp-image-4355 size-full\" srcset=\"https:\/\/etab.ac-reunion.fr\/clg-ravine-des-cabris\/wp-content\/uploads\/sites\/158\/2025\/06\/Capture-decran-2025-06-26-a-12.33.40.png 1436w, https:\/\/etab.ac-reunion.fr\/clg-ravine-des-cabris\/wp-content\/uploads\/sites\/158\/2025\/06\/Capture-decran-2025-06-26-a-12.33.40-800x506.png 800w, https:\/\/etab.ac-reunion.fr\/clg-ravine-des-cabris\/wp-content\/uploads\/sites\/158\/2025\/06\/Capture-decran-2025-06-26-a-12.33.40-768x486.png 768w, https:\/\/etab.ac-reunion.fr\/clg-ravine-des-cabris\/wp-content\/uploads\/sites\/158\/2025\/06\/Capture-decran-2025-06-26-a-12.33.40-209x132.png 209w\" sizes=\"auto, (max-width: 1436px) 100vw, 1436px\" \/><\/a><\/figure><div class=\"wp-block-media-text__content\">\n<p class=\"has-text-align-center has-accent-2-color has-text-color has-link-color has-large-font-size wp-elements-b69c238cd76c14beee024ec16572531c\"><strong><a href=\"https:\/\/tube-action-educative.apps.education.fr\/w\/icf73ky28ykoYvVnictDp4\">John Williams par l&rsquo;O.A.E. du coll\u00e8ge de la Ravine des Cabris<\/a><\/strong><\/p>\n\n\n\n<p>Concert de restitution devant les parents film\u00e9 en mai 2025 dans la salle du kerveguen de la ville de Saint Pierre (\u00cele de la R\u00e9union). Une classe orchestre (19 \u00e9l\u00e8ves) de 4\u00e8me, dirig\u00e9e par Jos\u00e9 Subileau joue du John Williams.<\/p>\n<\/div><\/div>\n\n\n\n<div class=\"wp-block-media-text is-stacked-on-mobile\"><figure class=\"wp-block-media-text__media\"><a href=\"https:\/\/tube-action-educative.apps.education.fr\/w\/m7Rsv2sGN5NHscLbxhcMeF\"><img loading=\"lazy\" decoding=\"async\" width=\"1436\" height=\"908\" src=\"https:\/\/etab.ac-reunion.fr\/clg-ravine-des-cabris\/wp-content\/uploads\/sites\/158\/2025\/06\/Capture-decran-2025-06-26-a-12.33.40-1.png\" alt=\"\" class=\"wp-image-4356 size-full\" srcset=\"https:\/\/etab.ac-reunion.fr\/clg-ravine-des-cabris\/wp-content\/uploads\/sites\/158\/2025\/06\/Capture-decran-2025-06-26-a-12.33.40-1.png 1436w, https:\/\/etab.ac-reunion.fr\/clg-ravine-des-cabris\/wp-content\/uploads\/sites\/158\/2025\/06\/Capture-decran-2025-06-26-a-12.33.40-1-800x506.png 800w, https:\/\/etab.ac-reunion.fr\/clg-ravine-des-cabris\/wp-content\/uploads\/sites\/158\/2025\/06\/Capture-decran-2025-06-26-a-12.33.40-1-768x486.png 768w, https:\/\/etab.ac-reunion.fr\/clg-ravine-des-cabris\/wp-content\/uploads\/sites\/158\/2025\/06\/Capture-decran-2025-06-26-a-12.33.40-1-209x132.png 209w\" sizes=\"auto, (max-width: 1436px) 100vw, 1436px\" \/><\/a><\/figure><div class=\"wp-block-media-text__content\">\n<p class=\"has-text-align-center has-accent-2-color has-text-color has-link-color has-large-font-size wp-elements-d337fa085020006cc1e5594c7b143956\"><strong><a href=\"https:\/\/tube-action-educative.apps.education.fr\/w\/m7Rsv2sGN5NHscLbxhcMeF\">Orchestre \u00c0 l&rsquo;\u00c9cole du coll\u00e8ge de la Ravine des Cabris, concert Kerveguen mai 2025<\/a><\/strong><\/p>\n\n\n\n<p class=\"has-text-align-left\">Apr\u00e8s trois ans d&rsquo;apprentissage au coll\u00e8ge de la Ravine des Cabris sous la direction de Jos\u00e9 Subileau (enseignant en Education Musicale), l&rsquo;Orchestre \u00c0 l&rsquo;\u00c9cole nous donne un dernier concert dans la salle du Kerveguen lors des rencontres orchestrales organis\u00e9es par le rectorat de l&rsquo;acad\u00e9mie de la R\u00e9union. Ces \u00e9l\u00e8ves de 4\u00e8mes vont devoir rendre leurs instruments pr\u00eat\u00e9s par la F\u00e9d\u00e9ration Musicale de la R\u00e9union pour accueillir une nouvelle cohorte en 6\u00e8me \u00e0 la rentr\u00e9e 2025<\/p>\n<\/div><\/div>\n\n\n\n<p><\/p>\n","protected":false},"excerpt":{"rendered":"","protected":false},"author":28090,"featured_media":4353,"comment_status":"closed","ping_status":"closed","sticky":false,"template":"","format":"standard","meta":{"footnotes":"","_links_to":"","_links_to_target":""},"categories":[28,55],"tags":[],"class_list":["post-4352","post","type-post","status-publish","format-standard","has-post-thumbnail","hentry","category-education-musicale","category-parcours-deducation-artistique-et-culturelle"],"_links":{"self":[{"href":"https:\/\/etab.ac-reunion.fr\/clg-ravine-des-cabris\/wp-json\/wp\/v2\/posts\/4352","targetHints":{"allow":["GET"]}}],"collection":[{"href":"https:\/\/etab.ac-reunion.fr\/clg-ravine-des-cabris\/wp-json\/wp\/v2\/posts"}],"about":[{"href":"https:\/\/etab.ac-reunion.fr\/clg-ravine-des-cabris\/wp-json\/wp\/v2\/types\/post"}],"author":[{"embeddable":true,"href":"https:\/\/etab.ac-reunion.fr\/clg-ravine-des-cabris\/wp-json\/wp\/v2\/users\/28090"}],"replies":[{"embeddable":true,"href":"https:\/\/etab.ac-reunion.fr\/clg-ravine-des-cabris\/wp-json\/wp\/v2\/comments?post=4352"}],"version-history":[{"count":4,"href":"https:\/\/etab.ac-reunion.fr\/clg-ravine-des-cabris\/wp-json\/wp\/v2\/posts\/4352\/revisions"}],"predecessor-version":[{"id":4360,"href":"https:\/\/etab.ac-reunion.fr\/clg-ravine-des-cabris\/wp-json\/wp\/v2\/posts\/4352\/revisions\/4360"}],"wp:featuredmedia":[{"embeddable":true,"href":"https:\/\/etab.ac-reunion.fr\/clg-ravine-des-cabris\/wp-json\/wp\/v2\/media\/4353"}],"wp:attachment":[{"href":"https:\/\/etab.ac-reunion.fr\/clg-ravine-des-cabris\/wp-json\/wp\/v2\/media?parent=4352"}],"wp:term":[{"taxonomy":"category","embeddable":true,"href":"https:\/\/etab.ac-reunion.fr\/clg-ravine-des-cabris\/wp-json\/wp\/v2\/categories?post=4352"},{"taxonomy":"post_tag","embeddable":true,"href":"https:\/\/etab.ac-reunion.fr\/clg-ravine-des-cabris\/wp-json\/wp\/v2\/tags?post=4352"}],"curies":[{"name":"wp","href":"https:\/\/api.w.org\/{rel}","templated":true}]}}