{"id":4361,"date":"2025-08-19T05:47:27","date_gmt":"2025-08-19T03:47:27","guid":{"rendered":"https:\/\/etab.ac-reunion.fr\/clg-ravine-des-cabris\/?p=4361"},"modified":"2025-08-19T05:47:48","modified_gmt":"2025-08-19T03:47:48","slug":"3-lce-anglais-diner-dansant","status":"publish","type":"post","link":"https:\/\/etab.ac-reunion.fr\/clg-ravine-des-cabris\/2025\/08\/19\/3-lce-anglais-diner-dansant\/","title":{"rendered":"3\u00b0 LCE Anglais &#8211; d\u00eener dansant"},"content":{"rendered":"\n<p class=\"has-accent-2-color has-text-color has-link-color has-large-font-size wp-elements-a82ea3191ed5d1860b341a2fa3a8587f\">\u00ab\u00a0Dans le cadre d&rsquo;un voyage p\u00e9dagogique, linguistique et culturel, du 21 f\u00e9vrier au 5 mars 2026, un groupe d&rsquo;\u00e9l\u00e8ves de 3\u00e8me s&rsquo;envolera pour le Royaume-Uni.&nbsp;<\/p>\n\n\n\n<p class=\"has-accent-2-color has-text-color has-link-color has-large-font-size wp-elements-4a322117bfa555e057542368acd4aab3\">Ils partiront \u00e0 la d\u00e9couverte de Londres, ainsi que Liverpool, et KNUTSFORD ACADEMY, le coll\u00e8ge de leurs correspondants depuis l&rsquo;an dernier. Afin de financer leur voyage, un d\u00eener dansant est organis\u00e9 le samedi 13 septembre 2025 \u00e0 la salle du Cap Marine 1 \u00e0 20h. Ils vous attendent nombreux!\u00a0\u00bb<\/p>\n\n\n\n<figure class=\"wp-block-image size-full\"><img loading=\"lazy\" decoding=\"async\" width=\"1092\" height=\"1536\" src=\"https:\/\/etab.ac-reunion.fr\/clg-ravine-des-cabris\/wp-content\/uploads\/sites\/158\/2025\/08\/Capture-decran-2025-08-19-a-07.40.36.png\" alt=\"\" class=\"wp-image-4362\" srcset=\"https:\/\/etab.ac-reunion.fr\/clg-ravine-des-cabris\/wp-content\/uploads\/sites\/158\/2025\/08\/Capture-decran-2025-08-19-a-07.40.36.png 1092w, https:\/\/etab.ac-reunion.fr\/clg-ravine-des-cabris\/wp-content\/uploads\/sites\/158\/2025\/08\/Capture-decran-2025-08-19-a-07.40.36-427x600.png 427w, https:\/\/etab.ac-reunion.fr\/clg-ravine-des-cabris\/wp-content\/uploads\/sites\/158\/2025\/08\/Capture-decran-2025-08-19-a-07.40.36-768x1080.png 768w, https:\/\/etab.ac-reunion.fr\/clg-ravine-des-cabris\/wp-content\/uploads\/sites\/158\/2025\/08\/Capture-decran-2025-08-19-a-07.40.36-94x132.png 94w\" sizes=\"auto, (max-width: 1092px) 100vw, 1092px\" \/><\/figure>\n","protected":false},"excerpt":{"rendered":"","protected":false},"author":28090,"featured_media":4363,"comment_status":"closed","ping_status":"closed","sticky":false,"template":"","format":"standard","meta":{"footnotes":"","_links_to":"","_links_to_target":""},"categories":[34,12,56,13,10],"tags":[],"class_list":["post-4361","post","type-post","status-publish","format-standard","has-post-thumbnail","hentry","category-anglais","category-infos-parents","category-lceanglaisallemandespagnol","category-projets-pedagogique","category-voyages-scolaires"],"_links":{"self":[{"href":"https:\/\/etab.ac-reunion.fr\/clg-ravine-des-cabris\/wp-json\/wp\/v2\/posts\/4361","targetHints":{"allow":["GET"]}}],"collection":[{"href":"https:\/\/etab.ac-reunion.fr\/clg-ravine-des-cabris\/wp-json\/wp\/v2\/posts"}],"about":[{"href":"https:\/\/etab.ac-reunion.fr\/clg-ravine-des-cabris\/wp-json\/wp\/v2\/types\/post"}],"author":[{"embeddable":true,"href":"https:\/\/etab.ac-reunion.fr\/clg-ravine-des-cabris\/wp-json\/wp\/v2\/users\/28090"}],"replies":[{"embeddable":true,"href":"https:\/\/etab.ac-reunion.fr\/clg-ravine-des-cabris\/wp-json\/wp\/v2\/comments?post=4361"}],"version-history":[{"count":2,"href":"https:\/\/etab.ac-reunion.fr\/clg-ravine-des-cabris\/wp-json\/wp\/v2\/posts\/4361\/revisions"}],"predecessor-version":[{"id":4365,"href":"https:\/\/etab.ac-reunion.fr\/clg-ravine-des-cabris\/wp-json\/wp\/v2\/posts\/4361\/revisions\/4365"}],"wp:featuredmedia":[{"embeddable":true,"href":"https:\/\/etab.ac-reunion.fr\/clg-ravine-des-cabris\/wp-json\/wp\/v2\/media\/4363"}],"wp:attachment":[{"href":"https:\/\/etab.ac-reunion.fr\/clg-ravine-des-cabris\/wp-json\/wp\/v2\/media?parent=4361"}],"wp:term":[{"taxonomy":"category","embeddable":true,"href":"https:\/\/etab.ac-reunion.fr\/clg-ravine-des-cabris\/wp-json\/wp\/v2\/categories?post=4361"},{"taxonomy":"post_tag","embeddable":true,"href":"https:\/\/etab.ac-reunion.fr\/clg-ravine-des-cabris\/wp-json\/wp\/v2\/tags?post=4361"}],"curies":[{"name":"wp","href":"https:\/\/api.w.org\/{rel}","templated":true}]}}