{"id":4489,"date":"2025-11-11T17:42:12","date_gmt":"2025-11-11T16:42:12","guid":{"rendered":"https:\/\/etab.ac-reunion.fr\/clg-ravine-des-cabris\/?p=4489"},"modified":"2026-01-26T15:29:39","modified_gmt":"2026-01-26T14:29:39","slug":"concurso-de-la-portada-mas-chula-de-4eme","status":"publish","type":"post","link":"https:\/\/etab.ac-reunion.fr\/clg-ravine-des-cabris\/2025\/11\/11\/concurso-de-la-portada-mas-chula-de-4eme\/","title":{"rendered":"CONCURSO DE LA PORTADA M\u00c1S CHULA\u00a0 DE 4\u00e9me"},"content":{"rendered":"\n<div class=\"wp-block-media-text is-stacked-on-mobile\"><figure class=\"wp-block-media-text__media\"><img loading=\"lazy\" decoding=\"async\" width=\"890\" height=\"630\" src=\"https:\/\/etab.ac-reunion.fr\/clg-ravine-des-cabris\/wp-content\/uploads\/sites\/158\/2025\/11\/Capture-decran-2025-11-11-a-20.23.15.png\" alt=\"\" class=\"wp-image-4494 size-full\" srcset=\"https:\/\/etab.ac-reunion.fr\/clg-ravine-des-cabris\/wp-content\/uploads\/sites\/158\/2025\/11\/Capture-decran-2025-11-11-a-20.23.15.png 890w, https:\/\/etab.ac-reunion.fr\/clg-ravine-des-cabris\/wp-content\/uploads\/sites\/158\/2025\/11\/Capture-decran-2025-11-11-a-20.23.15-800x566.png 800w, https:\/\/etab.ac-reunion.fr\/clg-ravine-des-cabris\/wp-content\/uploads\/sites\/158\/2025\/11\/Capture-decran-2025-11-11-a-20.23.15-768x544.png 768w, https:\/\/etab.ac-reunion.fr\/clg-ravine-des-cabris\/wp-content\/uploads\/sites\/158\/2025\/11\/Capture-decran-2025-11-11-a-20.23.15-186x132.png 186w\" sizes=\"auto, (max-width: 890px) 100vw, 890px\" \/><\/figure><div class=\"wp-block-media-text__content\">\n<p>Dans le cadre du concours des pages de garde en espagnol organis\u00e9 dans les classes de 4\u00e8me, les \u00e9l\u00e8ves ont imagin\u00e9 des pages de garde originales et color\u00e9es. A vous de d\u00e9cider laquelle m\u00e9rite le titre de \u00ab&nbsp;la plus belle page de garde&nbsp;\u00bb.<\/p>\n<\/div><\/div>\n\n\n\n<p><\/p>\n\n\n\n<div class=\"wp-block-media-text is-stacked-on-mobile\"><figure class=\"wp-block-media-text__media\"><a href=\"https:\/\/nuage02.apps.education.fr\/index.php\/s\/AakYZiNc8XPeCY6\"><img loading=\"lazy\" decoding=\"async\" width=\"1350\" height=\"1812\" src=\"https:\/\/etab.ac-reunion.fr\/clg-ravine-des-cabris\/wp-content\/uploads\/sites\/158\/2025\/11\/Capture-decran-2025-11-11-a-20.27.15.png\" alt=\"\" class=\"wp-image-4490 size-full\" srcset=\"https:\/\/etab.ac-reunion.fr\/clg-ravine-des-cabris\/wp-content\/uploads\/sites\/158\/2025\/11\/Capture-decran-2025-11-11-a-20.27.15.png 1350w, https:\/\/etab.ac-reunion.fr\/clg-ravine-des-cabris\/wp-content\/uploads\/sites\/158\/2025\/11\/Capture-decran-2025-11-11-a-20.27.15-447x600.png 447w, https:\/\/etab.ac-reunion.fr\/clg-ravine-des-cabris\/wp-content\/uploads\/sites\/158\/2025\/11\/Capture-decran-2025-11-11-a-20.27.15-768x1031.png 768w, https:\/\/etab.ac-reunion.fr\/clg-ravine-des-cabris\/wp-content\/uploads\/sites\/158\/2025\/11\/Capture-decran-2025-11-11-a-20.27.15-1144x1536.png 1144w, https:\/\/etab.ac-reunion.fr\/clg-ravine-des-cabris\/wp-content\/uploads\/sites\/158\/2025\/11\/Capture-decran-2025-11-11-a-20.27.15-98x132.png 98w\" sizes=\"auto, (max-width: 1350px) 100vw, 1350px\" \/><\/a><\/figure><div class=\"wp-block-media-text__content\">\n<p class=\"has-text-align-left has-headings-color has-text-color has-link-color has-normal-font-size wp-elements-4c0a53e5b0c37f317cd396acb459a377\">Apr\u00e8s avoir visualis\u00e9 les cr\u00e9ations en cliquant sur <a href=\"https:\/\/nuage02.apps.education.fr\/index.php\/s\/AakYZiNc8XPeCY6\">ce lien <\/a>ou sur la page de garde ci-contre, allez ensuite sur pronote pour voter et choisir votre page de garde pr\u00e9f\u00e9r\u00e9e.<\/p>\n\n\n\n<p class=\"has-headings-color has-text-color has-link-color wp-elements-ebf3af9e943255c3db5a9f83959d4198\">La cl\u00f4ture des votes est pr\u00e9vue le <em><strong>10 d\u00e9cembre<\/strong><\/em>.<\/p>\n\n\n\n<p class=\"has-text-align-center has-normal-font-size\">Merci \u00e0 tous pour votre participation !<\/p>\n\n\n\n<p class=\"has-text-align-center has-sitebg-color has-accent-2-background-color has-text-color has-background has-link-color has-normal-font-size wp-elements-87933fd0fe85b5034952ae015b52119d\"><strong>\u00a1 Los alumnos de 4\u00e8me tienen talento&nbsp;!<\/strong><\/p>\n\n\n\n<p class=\"has-text-align-center has-sitebg-color has-accent-2-background-color has-text-color has-background has-link-color has-normal-font-size wp-elements-9513875b2a55676fca0323dffb92890d\"><strong>\u00a1Y que gane el mejor&nbsp;!<\/strong><\/p>\n\n\n\n<figure class=\"wp-block-image size-full is-resized\"><img loading=\"lazy\" decoding=\"async\" width=\"626\" height=\"626\" src=\"https:\/\/etab.ac-reunion.fr\/clg-ravine-des-cabris\/wp-content\/uploads\/sites\/158\/2025\/11\/rendu-3d-du-drapeau-du-coeur-espagne_601748-21720.avif\" alt=\"\" class=\"wp-image-4493\" style=\"width:285px;height:auto\" srcset=\"https:\/\/etab.ac-reunion.fr\/clg-ravine-des-cabris\/wp-content\/uploads\/sites\/158\/2025\/11\/rendu-3d-du-drapeau-du-coeur-espagne_601748-21720.avif 626w, https:\/\/etab.ac-reunion.fr\/clg-ravine-des-cabris\/wp-content\/uploads\/sites\/158\/2025\/11\/rendu-3d-du-drapeau-du-coeur-espagne_601748-21720-600x600.jpg 600w, https:\/\/etab.ac-reunion.fr\/clg-ravine-des-cabris\/wp-content\/uploads\/sites\/158\/2025\/11\/rendu-3d-du-drapeau-du-coeur-espagne_601748-21720-150x150.jpg 150w, https:\/\/etab.ac-reunion.fr\/clg-ravine-des-cabris\/wp-content\/uploads\/sites\/158\/2025\/11\/rendu-3d-du-drapeau-du-coeur-espagne_601748-21720-132x132.jpg 132w\" sizes=\"auto, (max-width: 626px) 100vw, 626px\" \/><\/figure>\n<\/div><\/div>\n\n\n\n<p><\/p>\n","protected":false},"excerpt":{"rendered":"","protected":false},"author":28090,"featured_media":4500,"comment_status":"closed","ping_status":"closed","sticky":false,"template":"","format":"standard","meta":{"footnotes":"","_links_to":"","_links_to_target":""},"categories":[70,16,1],"tags":[],"class_list":["post-4489","post","type-post","status-publish","format-standard","has-post-thumbnail","hentry","category-a-la-une","category-espagnol","category-non-classe"],"_links":{"self":[{"href":"https:\/\/etab.ac-reunion.fr\/clg-ravine-des-cabris\/wp-json\/wp\/v2\/posts\/4489","targetHints":{"allow":["GET"]}}],"collection":[{"href":"https:\/\/etab.ac-reunion.fr\/clg-ravine-des-cabris\/wp-json\/wp\/v2\/posts"}],"about":[{"href":"https:\/\/etab.ac-reunion.fr\/clg-ravine-des-cabris\/wp-json\/wp\/v2\/types\/post"}],"author":[{"embeddable":true,"href":"https:\/\/etab.ac-reunion.fr\/clg-ravine-des-cabris\/wp-json\/wp\/v2\/users\/28090"}],"replies":[{"embeddable":true,"href":"https:\/\/etab.ac-reunion.fr\/clg-ravine-des-cabris\/wp-json\/wp\/v2\/comments?post=4489"}],"version-history":[{"count":3,"href":"https:\/\/etab.ac-reunion.fr\/clg-ravine-des-cabris\/wp-json\/wp\/v2\/posts\/4489\/revisions"}],"predecessor-version":[{"id":4497,"href":"https:\/\/etab.ac-reunion.fr\/clg-ravine-des-cabris\/wp-json\/wp\/v2\/posts\/4489\/revisions\/4497"}],"wp:featuredmedia":[{"embeddable":true,"href":"https:\/\/etab.ac-reunion.fr\/clg-ravine-des-cabris\/wp-json\/wp\/v2\/media\/4500"}],"wp:attachment":[{"href":"https:\/\/etab.ac-reunion.fr\/clg-ravine-des-cabris\/wp-json\/wp\/v2\/media?parent=4489"}],"wp:term":[{"taxonomy":"category","embeddable":true,"href":"https:\/\/etab.ac-reunion.fr\/clg-ravine-des-cabris\/wp-json\/wp\/v2\/categories?post=4489"},{"taxonomy":"post_tag","embeddable":true,"href":"https:\/\/etab.ac-reunion.fr\/clg-ravine-des-cabris\/wp-json\/wp\/v2\/tags?post=4489"}],"curies":[{"name":"wp","href":"https:\/\/api.w.org\/{rel}","templated":true}]}}