{"id":4512,"date":"2025-11-18T16:55:05","date_gmt":"2025-11-18T15:55:05","guid":{"rendered":"https:\/\/etab.ac-reunion.fr\/clg-ravine-des-cabris\/?p=4512"},"modified":"2026-01-23T08:25:45","modified_gmt":"2026-01-23T07:25:45","slug":"sortie-appn","status":"publish","type":"post","link":"https:\/\/etab.ac-reunion.fr\/clg-ravine-des-cabris\/2025\/11\/18\/sortie-appn\/","title":{"rendered":"Sortie APPN"},"content":{"rendered":"\n<p class=\"has-accent-2-color has-text-color has-link-color has-large-font-size wp-elements-3afe17cce5bef64ef0a81e3e327ce7cb\">Samedi 15 novembre &#8211; Randonn\u00e9e avec les \u00e9l\u00e8ves de la 5 \u00e8me De Gouges et la 5 \u00e8me Exup\u00e9ry \u00e0 L&rsquo;Entre Deux, coteau sec et bassin Sassa.<\/p>\n\n\n\n<figure class=\"wp-block-gallery has-nested-images columns-1 is-cropped wp-block-gallery-1 is-layout-flex wp-block-gallery-is-layout-flex\">\n<figure class=\"wp-block-image size-full\"><img loading=\"lazy\" decoding=\"async\" width=\"1280\" height=\"720\" data-id=\"4513\" src=\"https:\/\/etab.ac-reunion.fr\/clg-ravine-des-cabris\/wp-content\/uploads\/sites\/158\/2025\/11\/PHOTO-2025-11-15-15-15-47.jpg\" alt=\"\" class=\"wp-image-4513\" srcset=\"https:\/\/etab.ac-reunion.fr\/clg-ravine-des-cabris\/wp-content\/uploads\/sites\/158\/2025\/11\/PHOTO-2025-11-15-15-15-47.jpg 1280w, https:\/\/etab.ac-reunion.fr\/clg-ravine-des-cabris\/wp-content\/uploads\/sites\/158\/2025\/11\/PHOTO-2025-11-15-15-15-47-800x450.jpg 800w, https:\/\/etab.ac-reunion.fr\/clg-ravine-des-cabris\/wp-content\/uploads\/sites\/158\/2025\/11\/PHOTO-2025-11-15-15-15-47-768x432.jpg 768w, https:\/\/etab.ac-reunion.fr\/clg-ravine-des-cabris\/wp-content\/uploads\/sites\/158\/2025\/11\/PHOTO-2025-11-15-15-15-47-235x132.jpg 235w\" sizes=\"auto, (max-width: 1280px) 100vw, 1280px\" \/><\/figure>\n\n\n\n<figure class=\"wp-block-image size-full\"><img loading=\"lazy\" decoding=\"async\" width=\"1280\" height=\"720\" data-id=\"4514\" src=\"https:\/\/etab.ac-reunion.fr\/clg-ravine-des-cabris\/wp-content\/uploads\/sites\/158\/2025\/11\/PHOTO-2025-11-15-15-16-18.jpg\" alt=\"\" class=\"wp-image-4514\" srcset=\"https:\/\/etab.ac-reunion.fr\/clg-ravine-des-cabris\/wp-content\/uploads\/sites\/158\/2025\/11\/PHOTO-2025-11-15-15-16-18.jpg 1280w, https:\/\/etab.ac-reunion.fr\/clg-ravine-des-cabris\/wp-content\/uploads\/sites\/158\/2025\/11\/PHOTO-2025-11-15-15-16-18-800x450.jpg 800w, https:\/\/etab.ac-reunion.fr\/clg-ravine-des-cabris\/wp-content\/uploads\/sites\/158\/2025\/11\/PHOTO-2025-11-15-15-16-18-768x432.jpg 768w, https:\/\/etab.ac-reunion.fr\/clg-ravine-des-cabris\/wp-content\/uploads\/sites\/158\/2025\/11\/PHOTO-2025-11-15-15-16-18-235x132.jpg 235w\" sizes=\"auto, (max-width: 1280px) 100vw, 1280px\" \/><\/figure>\n\n\n\n<figure class=\"wp-block-image size-full\"><img loading=\"lazy\" decoding=\"async\" width=\"720\" height=\"1280\" data-id=\"4515\" src=\"https:\/\/etab.ac-reunion.fr\/clg-ravine-des-cabris\/wp-content\/uploads\/sites\/158\/2025\/11\/PHOTO-2025-11-15-15-16-49.jpg\" alt=\"\" class=\"wp-image-4515\" srcset=\"https:\/\/etab.ac-reunion.fr\/clg-ravine-des-cabris\/wp-content\/uploads\/sites\/158\/2025\/11\/PHOTO-2025-11-15-15-16-49.jpg 720w, https:\/\/etab.ac-reunion.fr\/clg-ravine-des-cabris\/wp-content\/uploads\/sites\/158\/2025\/11\/PHOTO-2025-11-15-15-16-49-338x600.jpg 338w, https:\/\/etab.ac-reunion.fr\/clg-ravine-des-cabris\/wp-content\/uploads\/sites\/158\/2025\/11\/PHOTO-2025-11-15-15-16-49-74x132.jpg 74w\" sizes=\"auto, (max-width: 720px) 100vw, 720px\" \/><\/figure>\n<\/figure>\n\n\n\n<p><\/p>\n","protected":false},"excerpt":{"rendered":"","protected":false},"author":28090,"featured_media":4516,"comment_status":"closed","ping_status":"closed","sticky":false,"template":"","format":"standard","meta":{"footnotes":"","_links_to":"","_links_to_target":""},"categories":[70,27],"tags":[],"class_list":["post-4512","post","type-post","status-publish","format-standard","has-post-thumbnail","hentry","category-a-la-une","category-education-physique-et-sportive"],"_links":{"self":[{"href":"https:\/\/etab.ac-reunion.fr\/clg-ravine-des-cabris\/wp-json\/wp\/v2\/posts\/4512","targetHints":{"allow":["GET"]}}],"collection":[{"href":"https:\/\/etab.ac-reunion.fr\/clg-ravine-des-cabris\/wp-json\/wp\/v2\/posts"}],"about":[{"href":"https:\/\/etab.ac-reunion.fr\/clg-ravine-des-cabris\/wp-json\/wp\/v2\/types\/post"}],"author":[{"embeddable":true,"href":"https:\/\/etab.ac-reunion.fr\/clg-ravine-des-cabris\/wp-json\/wp\/v2\/users\/28090"}],"replies":[{"embeddable":true,"href":"https:\/\/etab.ac-reunion.fr\/clg-ravine-des-cabris\/wp-json\/wp\/v2\/comments?post=4512"}],"version-history":[{"count":1,"href":"https:\/\/etab.ac-reunion.fr\/clg-ravine-des-cabris\/wp-json\/wp\/v2\/posts\/4512\/revisions"}],"predecessor-version":[{"id":4517,"href":"https:\/\/etab.ac-reunion.fr\/clg-ravine-des-cabris\/wp-json\/wp\/v2\/posts\/4512\/revisions\/4517"}],"wp:featuredmedia":[{"embeddable":true,"href":"https:\/\/etab.ac-reunion.fr\/clg-ravine-des-cabris\/wp-json\/wp\/v2\/media\/4516"}],"wp:attachment":[{"href":"https:\/\/etab.ac-reunion.fr\/clg-ravine-des-cabris\/wp-json\/wp\/v2\/media?parent=4512"}],"wp:term":[{"taxonomy":"category","embeddable":true,"href":"https:\/\/etab.ac-reunion.fr\/clg-ravine-des-cabris\/wp-json\/wp\/v2\/categories?post=4512"},{"taxonomy":"post_tag","embeddable":true,"href":"https:\/\/etab.ac-reunion.fr\/clg-ravine-des-cabris\/wp-json\/wp\/v2\/tags?post=4512"}],"curies":[{"name":"wp","href":"https:\/\/api.w.org\/{rel}","templated":true}]}}