{"id":4795,"date":"2026-02-24T09:55:34","date_gmt":"2026-02-24T08:55:34","guid":{"rendered":"https:\/\/etab.ac-reunion.fr\/clg-ravine-des-cabris\/?p=4795"},"modified":"2026-03-04T15:24:42","modified_gmt":"2026-03-04T14:24:42","slug":"voyage-a-londres-des-3emes-lce","status":"publish","type":"post","link":"https:\/\/etab.ac-reunion.fr\/clg-ravine-des-cabris\/2026\/02\/24\/voyage-a-londres-des-3emes-lce\/","title":{"rendered":"Voyage \u00e0 Londres des 3\u00e8mes LCE"},"content":{"rendered":"\n<div class=\"wp-block-media-text is-stacked-on-mobile\"><figure class=\"wp-block-media-text__media\"><img loading=\"lazy\" decoding=\"async\" width=\"899\" height=\"1599\" src=\"https:\/\/etab.ac-reunion.fr\/clg-ravine-des-cabris\/wp-content\/uploads\/sites\/158\/2026\/02\/PHOTO-2026-02-23-14-26-09.jpg\" alt=\"\" class=\"wp-image-4796 size-full\" srcset=\"https:\/\/etab.ac-reunion.fr\/clg-ravine-des-cabris\/wp-content\/uploads\/sites\/158\/2026\/02\/PHOTO-2026-02-23-14-26-09.jpg 899w, https:\/\/etab.ac-reunion.fr\/clg-ravine-des-cabris\/wp-content\/uploads\/sites\/158\/2026\/02\/PHOTO-2026-02-23-14-26-09-337x600.jpg 337w, https:\/\/etab.ac-reunion.fr\/clg-ravine-des-cabris\/wp-content\/uploads\/sites\/158\/2026\/02\/PHOTO-2026-02-23-14-26-09-768x1366.jpg 768w, https:\/\/etab.ac-reunion.fr\/clg-ravine-des-cabris\/wp-content\/uploads\/sites\/158\/2026\/02\/PHOTO-2026-02-23-14-26-09-864x1536.jpg 864w, https:\/\/etab.ac-reunion.fr\/clg-ravine-des-cabris\/wp-content\/uploads\/sites\/158\/2026\/02\/PHOTO-2026-02-23-14-26-09-74x132.jpg 74w\" sizes=\"auto, (max-width: 899px) 100vw, 899px\" \/><\/figure><div class=\"wp-block-media-text__content\">\n<p class=\"has-accent-1-color has-text-color has-link-color wp-elements-3ec5c0d991bff846cbed05aa0c67a07c\">Les \u00e9l\u00e8ves au Cutty Sark<\/p>\n<\/div><\/div>\n\n\n\n<div class=\"wp-block-media-text is-stacked-on-mobile\"><figure class=\"wp-block-media-text__media\"><img loading=\"lazy\" decoding=\"async\" width=\"1599\" height=\"899\" src=\"https:\/\/etab.ac-reunion.fr\/clg-ravine-des-cabris\/wp-content\/uploads\/sites\/158\/2026\/02\/PHOTO-2026-02-23-14-27-02.jpg\" alt=\"\" class=\"wp-image-4797 size-full\" srcset=\"https:\/\/etab.ac-reunion.fr\/clg-ravine-des-cabris\/wp-content\/uploads\/sites\/158\/2026\/02\/PHOTO-2026-02-23-14-27-02.jpg 1599w, https:\/\/etab.ac-reunion.fr\/clg-ravine-des-cabris\/wp-content\/uploads\/sites\/158\/2026\/02\/PHOTO-2026-02-23-14-27-02-800x450.jpg 800w, https:\/\/etab.ac-reunion.fr\/clg-ravine-des-cabris\/wp-content\/uploads\/sites\/158\/2026\/02\/PHOTO-2026-02-23-14-27-02-768x432.jpg 768w, https:\/\/etab.ac-reunion.fr\/clg-ravine-des-cabris\/wp-content\/uploads\/sites\/158\/2026\/02\/PHOTO-2026-02-23-14-27-02-1536x864.jpg 1536w, https:\/\/etab.ac-reunion.fr\/clg-ravine-des-cabris\/wp-content\/uploads\/sites\/158\/2026\/02\/PHOTO-2026-02-23-14-27-02-235x132.jpg 235w\" sizes=\"auto, (max-width: 1599px) 100vw, 1599px\" \/><\/figure><div class=\"wp-block-media-text__content\">\n<p class=\"has-accent-1-color has-text-color has-link-color wp-elements-25dfe415947683435d07a0163feb655d\">Les \u00e9l\u00e8ves au Greenwich park<\/p>\n<\/div><\/div>\n\n\n\n<div class=\"wp-block-media-text is-stacked-on-mobile\"><figure class=\"wp-block-media-text__media\"><img loading=\"lazy\" decoding=\"async\" width=\"720\" height=\"1280\" src=\"https:\/\/etab.ac-reunion.fr\/clg-ravine-des-cabris\/wp-content\/uploads\/sites\/158\/2026\/02\/PHOTO-2026-02-23-14-27-19.jpg\" alt=\"\" class=\"wp-image-4798 size-full\" srcset=\"https:\/\/etab.ac-reunion.fr\/clg-ravine-des-cabris\/wp-content\/uploads\/sites\/158\/2026\/02\/PHOTO-2026-02-23-14-27-19.jpg 720w, https:\/\/etab.ac-reunion.fr\/clg-ravine-des-cabris\/wp-content\/uploads\/sites\/158\/2026\/02\/PHOTO-2026-02-23-14-27-19-338x600.jpg 338w, https:\/\/etab.ac-reunion.fr\/clg-ravine-des-cabris\/wp-content\/uploads\/sites\/158\/2026\/02\/PHOTO-2026-02-23-14-27-19-74x132.jpg 74w\" sizes=\"auto, (max-width: 720px) 100vw, 720px\" \/><\/figure><div class=\"wp-block-media-text__content\">\n<p class=\"has-accent-1-color has-text-color has-link-color wp-elements-855b9dfbd6a63d20668e15f7b9a2ded6\">telephone booth<\/p>\n<\/div><\/div>\n\n\n\n<div class=\"wp-block-media-text is-stacked-on-mobile\"><figure class=\"wp-block-media-text__media\"><img loading=\"lazy\" decoding=\"async\" width=\"720\" height=\"1280\" src=\"https:\/\/etab.ac-reunion.fr\/clg-ravine-des-cabris\/wp-content\/uploads\/sites\/158\/2026\/02\/PHOTO-2026-02-24-16-37-22.jpg\" alt=\"\" class=\"wp-image-4802 size-full\" srcset=\"https:\/\/etab.ac-reunion.fr\/clg-ravine-des-cabris\/wp-content\/uploads\/sites\/158\/2026\/02\/PHOTO-2026-02-24-16-37-22.jpg 720w, https:\/\/etab.ac-reunion.fr\/clg-ravine-des-cabris\/wp-content\/uploads\/sites\/158\/2026\/02\/PHOTO-2026-02-24-16-37-22-338x600.jpg 338w, https:\/\/etab.ac-reunion.fr\/clg-ravine-des-cabris\/wp-content\/uploads\/sites\/158\/2026\/02\/PHOTO-2026-02-24-16-37-22-74x132.jpg 74w\" sizes=\"auto, (max-width: 720px) 100vw, 720px\" \/><\/figure><div class=\"wp-block-media-text__content\">\n<p class=\"has-accent-1-color has-text-color has-link-color wp-elements-bcccb0df29d1fc47da1d244b5bf8e492\">Mme Bellon et le pr\u00e9sident Barack Obama<\/p>\n<\/div><\/div>\n\n\n\n<div class=\"wp-block-media-text is-stacked-on-mobile\"><figure class=\"wp-block-media-text__media\"><img loading=\"lazy\" decoding=\"async\" width=\"720\" height=\"1280\" src=\"https:\/\/etab.ac-reunion.fr\/clg-ravine-des-cabris\/wp-content\/uploads\/sites\/158\/2026\/02\/PHOTO-2026-02-24-16-35-47.jpg\" alt=\"\" class=\"wp-image-4803 size-full\" srcset=\"https:\/\/etab.ac-reunion.fr\/clg-ravine-des-cabris\/wp-content\/uploads\/sites\/158\/2026\/02\/PHOTO-2026-02-24-16-35-47.jpg 720w, https:\/\/etab.ac-reunion.fr\/clg-ravine-des-cabris\/wp-content\/uploads\/sites\/158\/2026\/02\/PHOTO-2026-02-24-16-35-47-338x600.jpg 338w, https:\/\/etab.ac-reunion.fr\/clg-ravine-des-cabris\/wp-content\/uploads\/sites\/158\/2026\/02\/PHOTO-2026-02-24-16-35-47-74x132.jpg 74w\" sizes=\"auto, (max-width: 720px) 100vw, 720px\" \/><\/figure><div class=\"wp-block-media-text__content\">\n<p class=\"has-accent-1-color has-text-color has-link-color wp-elements-aff80ed42963e951926a187eaaa247fd\">Mme Fontaine a \u00e9galement sa statue au mus\u00e9e de Mme Tussauds.<\/p>\n<\/div><\/div>\n\n\n\n<blockquote class=\"wp-block-quote is-layout-flow wp-block-quote-is-layout-flow\">\n<p class=\"has-accent-1-color has-text-color has-link-color wp-elements-c7570690a9a679901e65f117db5f90e2\">Les \u00e9l\u00e8ves assistent \u00e0 des com\u00e9dies musicales<\/p>\n<\/blockquote>\n\n\n\n<figure class=\"wp-block-gallery has-nested-images columns-2 is-cropped wp-block-gallery-1 is-layout-flex wp-block-gallery-is-layout-flex\">\n<figure class=\"wp-block-image size-large\"><img loading=\"lazy\" decoding=\"async\" width=\"899\" height=\"1599\" data-id=\"4859\" src=\"https:\/\/etab.ac-reunion.fr\/clg-ravine-des-cabris\/wp-content\/uploads\/sites\/158\/2026\/02\/PHOTO-2026-02-24-23-12-08.jpg\" alt=\"\" class=\"wp-image-4859\" srcset=\"https:\/\/etab.ac-reunion.fr\/clg-ravine-des-cabris\/wp-content\/uploads\/sites\/158\/2026\/02\/PHOTO-2026-02-24-23-12-08.jpg 899w, https:\/\/etab.ac-reunion.fr\/clg-ravine-des-cabris\/wp-content\/uploads\/sites\/158\/2026\/02\/PHOTO-2026-02-24-23-12-08-337x600.jpg 337w, https:\/\/etab.ac-reunion.fr\/clg-ravine-des-cabris\/wp-content\/uploads\/sites\/158\/2026\/02\/PHOTO-2026-02-24-23-12-08-768x1366.jpg 768w, https:\/\/etab.ac-reunion.fr\/clg-ravine-des-cabris\/wp-content\/uploads\/sites\/158\/2026\/02\/PHOTO-2026-02-24-23-12-08-864x1536.jpg 864w, https:\/\/etab.ac-reunion.fr\/clg-ravine-des-cabris\/wp-content\/uploads\/sites\/158\/2026\/02\/PHOTO-2026-02-24-23-12-08-74x132.jpg 74w\" sizes=\"auto, (max-width: 899px) 100vw, 899px\" \/><\/figure>\n\n\n\n<figure class=\"wp-block-image size-large\"><img loading=\"lazy\" decoding=\"async\" width=\"720\" height=\"1280\" data-id=\"4860\" src=\"https:\/\/etab.ac-reunion.fr\/clg-ravine-des-cabris\/wp-content\/uploads\/sites\/158\/2026\/02\/PHOTO-2026-02-25-14-40-35.jpg\" alt=\"\" class=\"wp-image-4860\" srcset=\"https:\/\/etab.ac-reunion.fr\/clg-ravine-des-cabris\/wp-content\/uploads\/sites\/158\/2026\/02\/PHOTO-2026-02-25-14-40-35.jpg 720w, https:\/\/etab.ac-reunion.fr\/clg-ravine-des-cabris\/wp-content\/uploads\/sites\/158\/2026\/02\/PHOTO-2026-02-25-14-40-35-338x600.jpg 338w, https:\/\/etab.ac-reunion.fr\/clg-ravine-des-cabris\/wp-content\/uploads\/sites\/158\/2026\/02\/PHOTO-2026-02-25-14-40-35-74x132.jpg 74w\" sizes=\"auto, (max-width: 720px) 100vw, 720px\" \/><\/figure>\n\n\n\n<figure class=\"wp-block-image size-large\"><img loading=\"lazy\" decoding=\"async\" width=\"1600\" height=\"1200\" data-id=\"4862\" src=\"https:\/\/etab.ac-reunion.fr\/clg-ravine-des-cabris\/wp-content\/uploads\/sites\/158\/2026\/02\/PHOTO-2026-02-25-14-41-55.jpg\" alt=\"\" class=\"wp-image-4862\" srcset=\"https:\/\/etab.ac-reunion.fr\/clg-ravine-des-cabris\/wp-content\/uploads\/sites\/158\/2026\/02\/PHOTO-2026-02-25-14-41-55.jpg 1600w, https:\/\/etab.ac-reunion.fr\/clg-ravine-des-cabris\/wp-content\/uploads\/sites\/158\/2026\/02\/PHOTO-2026-02-25-14-41-55-800x600.jpg 800w, https:\/\/etab.ac-reunion.fr\/clg-ravine-des-cabris\/wp-content\/uploads\/sites\/158\/2026\/02\/PHOTO-2026-02-25-14-41-55-768x576.jpg 768w, https:\/\/etab.ac-reunion.fr\/clg-ravine-des-cabris\/wp-content\/uploads\/sites\/158\/2026\/02\/PHOTO-2026-02-25-14-41-55-1536x1152.jpg 1536w, https:\/\/etab.ac-reunion.fr\/clg-ravine-des-cabris\/wp-content\/uploads\/sites\/158\/2026\/02\/PHOTO-2026-02-25-14-41-55-176x132.jpg 176w\" sizes=\"auto, (max-width: 1600px) 100vw, 1600px\" \/><\/figure>\n\n\n\n<figure class=\"wp-block-image size-large\"><img loading=\"lazy\" decoding=\"async\" width=\"720\" height=\"1280\" data-id=\"4861\" src=\"https:\/\/etab.ac-reunion.fr\/clg-ravine-des-cabris\/wp-content\/uploads\/sites\/158\/2026\/02\/PHOTO-2026-02-25-18-25-38.jpg\" alt=\"\" class=\"wp-image-4861\" srcset=\"https:\/\/etab.ac-reunion.fr\/clg-ravine-des-cabris\/wp-content\/uploads\/sites\/158\/2026\/02\/PHOTO-2026-02-25-18-25-38.jpg 720w, https:\/\/etab.ac-reunion.fr\/clg-ravine-des-cabris\/wp-content\/uploads\/sites\/158\/2026\/02\/PHOTO-2026-02-25-18-25-38-338x600.jpg 338w, https:\/\/etab.ac-reunion.fr\/clg-ravine-des-cabris\/wp-content\/uploads\/sites\/158\/2026\/02\/PHOTO-2026-02-25-18-25-38-74x132.jpg 74w\" sizes=\"auto, (max-width: 720px) 100vw, 720px\" \/><\/figure>\n<\/figure>\n\n\n\n<div class=\"wp-block-media-text is-stacked-on-mobile\"><figure class=\"wp-block-media-text__media\"><img loading=\"lazy\" decoding=\"async\" width=\"720\" height=\"1280\" src=\"https:\/\/etab.ac-reunion.fr\/clg-ravine-des-cabris\/wp-content\/uploads\/sites\/158\/2026\/02\/PHOTO-2026-02-26-19-04-55.jpg\" alt=\"\" class=\"wp-image-4874 size-full\" srcset=\"https:\/\/etab.ac-reunion.fr\/clg-ravine-des-cabris\/wp-content\/uploads\/sites\/158\/2026\/02\/PHOTO-2026-02-26-19-04-55.jpg 720w, https:\/\/etab.ac-reunion.fr\/clg-ravine-des-cabris\/wp-content\/uploads\/sites\/158\/2026\/02\/PHOTO-2026-02-26-19-04-55-338x600.jpg 338w, https:\/\/etab.ac-reunion.fr\/clg-ravine-des-cabris\/wp-content\/uploads\/sites\/158\/2026\/02\/PHOTO-2026-02-26-19-04-55-74x132.jpg 74w\" sizes=\"auto, (max-width: 720px) 100vw, 720px\" \/><\/figure><div class=\"wp-block-media-text__content\">\n<p class=\"has-accent-1-color has-text-color has-link-color wp-elements-7bb8544549f085d4a08de96a1de37e4b\">La tour de Londres<\/p>\n<\/div><\/div>\n\n\n\n<div class=\"wp-block-media-text is-stacked-on-mobile\"><figure class=\"wp-block-media-text__media\"><img loading=\"lazy\" decoding=\"async\" width=\"1280\" height=\"720\" src=\"https:\/\/etab.ac-reunion.fr\/clg-ravine-des-cabris\/wp-content\/uploads\/sites\/158\/2026\/02\/PHOTO-2026-02-26-19-05-35.jpg\" alt=\"\" class=\"wp-image-4875 size-full\" srcset=\"https:\/\/etab.ac-reunion.fr\/clg-ravine-des-cabris\/wp-content\/uploads\/sites\/158\/2026\/02\/PHOTO-2026-02-26-19-05-35.jpg 1280w, https:\/\/etab.ac-reunion.fr\/clg-ravine-des-cabris\/wp-content\/uploads\/sites\/158\/2026\/02\/PHOTO-2026-02-26-19-05-35-800x450.jpg 800w, https:\/\/etab.ac-reunion.fr\/clg-ravine-des-cabris\/wp-content\/uploads\/sites\/158\/2026\/02\/PHOTO-2026-02-26-19-05-35-768x432.jpg 768w, https:\/\/etab.ac-reunion.fr\/clg-ravine-des-cabris\/wp-content\/uploads\/sites\/158\/2026\/02\/PHOTO-2026-02-26-19-05-35-235x132.jpg 235w\" sizes=\"auto, (max-width: 1280px) 100vw, 1280px\" \/><\/figure><div class=\"wp-block-media-text__content\">\n<p class=\"has-accent-1-color has-text-color has-link-color wp-elements-7bb8544549f085d4a08de96a1de37e4b\">La tour de Londres<\/p>\n<\/div><\/div>\n\n\n\n<div class=\"wp-block-media-text is-stacked-on-mobile\"><figure class=\"wp-block-media-text__media\"><img loading=\"lazy\" decoding=\"async\" width=\"1599\" height=\"899\" src=\"https:\/\/etab.ac-reunion.fr\/clg-ravine-des-cabris\/wp-content\/uploads\/sites\/158\/2026\/02\/PHOTO-2026-02-26-19-04-38.jpg\" alt=\"\" class=\"wp-image-4877 size-full\" srcset=\"https:\/\/etab.ac-reunion.fr\/clg-ravine-des-cabris\/wp-content\/uploads\/sites\/158\/2026\/02\/PHOTO-2026-02-26-19-04-38.jpg 1599w, https:\/\/etab.ac-reunion.fr\/clg-ravine-des-cabris\/wp-content\/uploads\/sites\/158\/2026\/02\/PHOTO-2026-02-26-19-04-38-800x450.jpg 800w, https:\/\/etab.ac-reunion.fr\/clg-ravine-des-cabris\/wp-content\/uploads\/sites\/158\/2026\/02\/PHOTO-2026-02-26-19-04-38-768x432.jpg 768w, https:\/\/etab.ac-reunion.fr\/clg-ravine-des-cabris\/wp-content\/uploads\/sites\/158\/2026\/02\/PHOTO-2026-02-26-19-04-38-1536x864.jpg 1536w, https:\/\/etab.ac-reunion.fr\/clg-ravine-des-cabris\/wp-content\/uploads\/sites\/158\/2026\/02\/PHOTO-2026-02-26-19-04-38-235x132.jpg 235w\" sizes=\"auto, (max-width: 1599px) 100vw, 1599px\" \/><\/figure><div class=\"wp-block-media-text__content\">\n<p class=\"has-accent-1-color has-text-color has-link-color wp-elements-2a509793d87ab63a4d3b56f3388095f1\">Vue du Millennium Bridge<\/p>\n<\/div><\/div>\n\n\n\n<blockquote class=\"wp-block-quote is-layout-flow wp-block-quote-is-layout-flow\">\n<p class=\"has-accent-1-color has-text-color has-link-color wp-elements-15c56e70c09973139abf34f39e5f3e5e\">Le London eye<\/p>\n<\/blockquote>\n\n\n\n<figure class=\"wp-block-gallery has-nested-images columns-2 is-cropped wp-block-gallery-2 is-layout-flex wp-block-gallery-is-layout-flex\">\n<figure class=\"wp-block-image size-large\"><img loading=\"lazy\" decoding=\"async\" width=\"900\" height=\"1599\" data-id=\"4880\" src=\"https:\/\/etab.ac-reunion.fr\/clg-ravine-des-cabris\/wp-content\/uploads\/sites\/158\/2026\/02\/PHOTO-2026-02-26-20-05-39.jpg\" alt=\"\" class=\"wp-image-4880\" srcset=\"https:\/\/etab.ac-reunion.fr\/clg-ravine-des-cabris\/wp-content\/uploads\/sites\/158\/2026\/02\/PHOTO-2026-02-26-20-05-39.jpg 900w, https:\/\/etab.ac-reunion.fr\/clg-ravine-des-cabris\/wp-content\/uploads\/sites\/158\/2026\/02\/PHOTO-2026-02-26-20-05-39-338x600.jpg 338w, https:\/\/etab.ac-reunion.fr\/clg-ravine-des-cabris\/wp-content\/uploads\/sites\/158\/2026\/02\/PHOTO-2026-02-26-20-05-39-768x1364.jpg 768w, https:\/\/etab.ac-reunion.fr\/clg-ravine-des-cabris\/wp-content\/uploads\/sites\/158\/2026\/02\/PHOTO-2026-02-26-20-05-39-865x1536.jpg 865w, https:\/\/etab.ac-reunion.fr\/clg-ravine-des-cabris\/wp-content\/uploads\/sites\/158\/2026\/02\/PHOTO-2026-02-26-20-05-39-74x132.jpg 74w\" sizes=\"auto, (max-width: 900px) 100vw, 900px\" \/><\/figure>\n\n\n\n<figure class=\"wp-block-image size-large\"><img loading=\"lazy\" decoding=\"async\" width=\"1200\" height=\"1600\" data-id=\"4881\" src=\"https:\/\/etab.ac-reunion.fr\/clg-ravine-des-cabris\/wp-content\/uploads\/sites\/158\/2026\/02\/PHOTO-2026-02-26-20-05-49.jpg\" alt=\"\" class=\"wp-image-4881\" srcset=\"https:\/\/etab.ac-reunion.fr\/clg-ravine-des-cabris\/wp-content\/uploads\/sites\/158\/2026\/02\/PHOTO-2026-02-26-20-05-49.jpg 1200w, https:\/\/etab.ac-reunion.fr\/clg-ravine-des-cabris\/wp-content\/uploads\/sites\/158\/2026\/02\/PHOTO-2026-02-26-20-05-49-450x600.jpg 450w, https:\/\/etab.ac-reunion.fr\/clg-ravine-des-cabris\/wp-content\/uploads\/sites\/158\/2026\/02\/PHOTO-2026-02-26-20-05-49-768x1024.jpg 768w, https:\/\/etab.ac-reunion.fr\/clg-ravine-des-cabris\/wp-content\/uploads\/sites\/158\/2026\/02\/PHOTO-2026-02-26-20-05-49-1152x1536.jpg 1152w, https:\/\/etab.ac-reunion.fr\/clg-ravine-des-cabris\/wp-content\/uploads\/sites\/158\/2026\/02\/PHOTO-2026-02-26-20-05-49-99x132.jpg 99w, https:\/\/etab.ac-reunion.fr\/clg-ravine-des-cabris\/wp-content\/uploads\/sites\/158\/2026\/02\/PHOTO-2026-02-26-20-05-49-350x468.jpg 350w\" sizes=\"auto, (max-width: 1200px) 100vw, 1200px\" \/><\/figure>\n\n\n\n<figure class=\"wp-block-image size-large\"><img loading=\"lazy\" decoding=\"async\" width=\"1599\" height=\"899\" data-id=\"4882\" src=\"https:\/\/etab.ac-reunion.fr\/clg-ravine-des-cabris\/wp-content\/uploads\/sites\/158\/2026\/02\/PHOTO-2026-02-26-20-06-05.jpg\" alt=\"\" class=\"wp-image-4882\" srcset=\"https:\/\/etab.ac-reunion.fr\/clg-ravine-des-cabris\/wp-content\/uploads\/sites\/158\/2026\/02\/PHOTO-2026-02-26-20-06-05.jpg 1599w, https:\/\/etab.ac-reunion.fr\/clg-ravine-des-cabris\/wp-content\/uploads\/sites\/158\/2026\/02\/PHOTO-2026-02-26-20-06-05-800x450.jpg 800w, https:\/\/etab.ac-reunion.fr\/clg-ravine-des-cabris\/wp-content\/uploads\/sites\/158\/2026\/02\/PHOTO-2026-02-26-20-06-05-768x432.jpg 768w, https:\/\/etab.ac-reunion.fr\/clg-ravine-des-cabris\/wp-content\/uploads\/sites\/158\/2026\/02\/PHOTO-2026-02-26-20-06-05-1536x864.jpg 1536w, https:\/\/etab.ac-reunion.fr\/clg-ravine-des-cabris\/wp-content\/uploads\/sites\/158\/2026\/02\/PHOTO-2026-02-26-20-06-05-235x132.jpg 235w\" sizes=\"auto, (max-width: 1599px) 100vw, 1599px\" \/><\/figure>\n<\/figure>\n\n\n\n<blockquote class=\"wp-block-quote is-layout-flow wp-block-quote-is-layout-flow\">\n<p class=\"has-text-align-center has-accent-1-color has-text-color has-link-color has-large-font-size wp-elements-6bbd148cc6bdecd158901a30f075061f\">Le mus\u00e9e des sciences<\/p>\n<\/blockquote>\n\n\n\n<figure class=\"wp-block-gallery has-nested-images columns-2 is-cropped wp-block-gallery-3 is-layout-flex wp-block-gallery-is-layout-flex\">\n<figure class=\"wp-block-image size-large\"><img loading=\"lazy\" decoding=\"async\" width=\"720\" height=\"1280\" data-id=\"4895\" src=\"https:\/\/etab.ac-reunion.fr\/clg-ravine-des-cabris\/wp-content\/uploads\/sites\/158\/2026\/02\/PHOTO-2026-02-27-18-22-57.jpg\" alt=\"\" class=\"wp-image-4895\" srcset=\"https:\/\/etab.ac-reunion.fr\/clg-ravine-des-cabris\/wp-content\/uploads\/sites\/158\/2026\/02\/PHOTO-2026-02-27-18-22-57.jpg 720w, https:\/\/etab.ac-reunion.fr\/clg-ravine-des-cabris\/wp-content\/uploads\/sites\/158\/2026\/02\/PHOTO-2026-02-27-18-22-57-338x600.jpg 338w, https:\/\/etab.ac-reunion.fr\/clg-ravine-des-cabris\/wp-content\/uploads\/sites\/158\/2026\/02\/PHOTO-2026-02-27-18-22-57-74x132.jpg 74w\" sizes=\"auto, (max-width: 720px) 100vw, 720px\" \/><\/figure>\n\n\n\n<figure class=\"wp-block-image size-large\"><img loading=\"lazy\" decoding=\"async\" width=\"720\" height=\"1280\" data-id=\"4897\" src=\"https:\/\/etab.ac-reunion.fr\/clg-ravine-des-cabris\/wp-content\/uploads\/sites\/158\/2026\/02\/PHOTO-2026-02-27-18-22-59.jpg\" alt=\"\" class=\"wp-image-4897\" srcset=\"https:\/\/etab.ac-reunion.fr\/clg-ravine-des-cabris\/wp-content\/uploads\/sites\/158\/2026\/02\/PHOTO-2026-02-27-18-22-59.jpg 720w, https:\/\/etab.ac-reunion.fr\/clg-ravine-des-cabris\/wp-content\/uploads\/sites\/158\/2026\/02\/PHOTO-2026-02-27-18-22-59-338x600.jpg 338w, https:\/\/etab.ac-reunion.fr\/clg-ravine-des-cabris\/wp-content\/uploads\/sites\/158\/2026\/02\/PHOTO-2026-02-27-18-22-59-74x132.jpg 74w\" sizes=\"auto, (max-width: 720px) 100vw, 720px\" \/><\/figure>\n<\/figure>\n\n\n\n<blockquote class=\"wp-block-quote is-layout-flow wp-block-quote-is-layout-flow\">\n<p class=\"has-accent-1-color has-text-color has-link-color wp-elements-d40dd30872532e70dbc2314227aba02b\">D\u00e9part pour Liverpool, r\u00e9veil \u00e0 5h30<\/p>\n<\/blockquote>\n\n\n\n<figure class=\"wp-block-gallery has-nested-images columns-default is-cropped wp-block-gallery-4 is-layout-flex wp-block-gallery-is-layout-flex\">\n<figure class=\"wp-block-image size-large\"><img loading=\"lazy\" decoding=\"async\" width=\"1599\" height=\"899\" data-id=\"4902\" src=\"https:\/\/etab.ac-reunion.fr\/clg-ravine-des-cabris\/wp-content\/uploads\/sites\/158\/2026\/02\/PHOTO-2026-02-28-11-19-49.jpg\" alt=\"\" class=\"wp-image-4902\" srcset=\"https:\/\/etab.ac-reunion.fr\/clg-ravine-des-cabris\/wp-content\/uploads\/sites\/158\/2026\/02\/PHOTO-2026-02-28-11-19-49.jpg 1599w, https:\/\/etab.ac-reunion.fr\/clg-ravine-des-cabris\/wp-content\/uploads\/sites\/158\/2026\/02\/PHOTO-2026-02-28-11-19-49-800x450.jpg 800w, https:\/\/etab.ac-reunion.fr\/clg-ravine-des-cabris\/wp-content\/uploads\/sites\/158\/2026\/02\/PHOTO-2026-02-28-11-19-49-768x432.jpg 768w, https:\/\/etab.ac-reunion.fr\/clg-ravine-des-cabris\/wp-content\/uploads\/sites\/158\/2026\/02\/PHOTO-2026-02-28-11-19-49-1536x864.jpg 1536w, https:\/\/etab.ac-reunion.fr\/clg-ravine-des-cabris\/wp-content\/uploads\/sites\/158\/2026\/02\/PHOTO-2026-02-28-11-19-49-235x132.jpg 235w\" sizes=\"auto, (max-width: 1599px) 100vw, 1599px\" \/><\/figure>\n\n\n\n<figure class=\"wp-block-image size-large\"><img loading=\"lazy\" decoding=\"async\" width=\"1599\" height=\"899\" data-id=\"4901\" src=\"https:\/\/etab.ac-reunion.fr\/clg-ravine-des-cabris\/wp-content\/uploads\/sites\/158\/2026\/02\/PHOTO-2026-02-28-11-21-00.jpg\" alt=\"\" class=\"wp-image-4901\" srcset=\"https:\/\/etab.ac-reunion.fr\/clg-ravine-des-cabris\/wp-content\/uploads\/sites\/158\/2026\/02\/PHOTO-2026-02-28-11-21-00.jpg 1599w, https:\/\/etab.ac-reunion.fr\/clg-ravine-des-cabris\/wp-content\/uploads\/sites\/158\/2026\/02\/PHOTO-2026-02-28-11-21-00-800x450.jpg 800w, https:\/\/etab.ac-reunion.fr\/clg-ravine-des-cabris\/wp-content\/uploads\/sites\/158\/2026\/02\/PHOTO-2026-02-28-11-21-00-768x432.jpg 768w, https:\/\/etab.ac-reunion.fr\/clg-ravine-des-cabris\/wp-content\/uploads\/sites\/158\/2026\/02\/PHOTO-2026-02-28-11-21-00-1536x864.jpg 1536w, https:\/\/etab.ac-reunion.fr\/clg-ravine-des-cabris\/wp-content\/uploads\/sites\/158\/2026\/02\/PHOTO-2026-02-28-11-21-00-235x132.jpg 235w\" sizes=\"auto, (max-width: 1599px) 100vw, 1599px\" \/><\/figure>\n<\/figure>\n\n\n\n<blockquote class=\"wp-block-quote is-layout-flow wp-block-quote-is-layout-flow\">\n<blockquote class=\"wp-block-quote is-layout-flow wp-block-quote-is-layout-flow\">\n<p class=\"has-accent-1-color has-text-color has-link-color wp-elements-31bac4a795eec3f81ce7721075831986\">Liverpool<\/p>\n<\/blockquote>\n<\/blockquote>\n\n\n\n<figure class=\"wp-block-gallery has-nested-images columns-1 is-cropped wp-block-gallery-5 is-layout-flex wp-block-gallery-is-layout-flex\">\n<figure class=\"wp-block-image size-large\"><img loading=\"lazy\" decoding=\"async\" width=\"1280\" height=\"720\" data-id=\"4905\" src=\"https:\/\/etab.ac-reunion.fr\/clg-ravine-des-cabris\/wp-content\/uploads\/sites\/158\/2026\/02\/PHOTO-2026-02-28-15-41-52.jpg\" alt=\"\" class=\"wp-image-4905\" srcset=\"https:\/\/etab.ac-reunion.fr\/clg-ravine-des-cabris\/wp-content\/uploads\/sites\/158\/2026\/02\/PHOTO-2026-02-28-15-41-52.jpg 1280w, https:\/\/etab.ac-reunion.fr\/clg-ravine-des-cabris\/wp-content\/uploads\/sites\/158\/2026\/02\/PHOTO-2026-02-28-15-41-52-800x450.jpg 800w, https:\/\/etab.ac-reunion.fr\/clg-ravine-des-cabris\/wp-content\/uploads\/sites\/158\/2026\/02\/PHOTO-2026-02-28-15-41-52-768x432.jpg 768w, https:\/\/etab.ac-reunion.fr\/clg-ravine-des-cabris\/wp-content\/uploads\/sites\/158\/2026\/02\/PHOTO-2026-02-28-15-41-52-235x132.jpg 235w\" sizes=\"auto, (max-width: 1280px) 100vw, 1280px\" \/><\/figure>\n\n\n\n<figure class=\"wp-block-image size-large\"><img loading=\"lazy\" decoding=\"async\" width=\"1599\" height=\"899\" data-id=\"4906\" src=\"https:\/\/etab.ac-reunion.fr\/clg-ravine-des-cabris\/wp-content\/uploads\/sites\/158\/2026\/02\/PHOTO-2026-02-28-17-44-51.jpg\" alt=\"\" class=\"wp-image-4906\" srcset=\"https:\/\/etab.ac-reunion.fr\/clg-ravine-des-cabris\/wp-content\/uploads\/sites\/158\/2026\/02\/PHOTO-2026-02-28-17-44-51.jpg 1599w, https:\/\/etab.ac-reunion.fr\/clg-ravine-des-cabris\/wp-content\/uploads\/sites\/158\/2026\/02\/PHOTO-2026-02-28-17-44-51-800x450.jpg 800w, https:\/\/etab.ac-reunion.fr\/clg-ravine-des-cabris\/wp-content\/uploads\/sites\/158\/2026\/02\/PHOTO-2026-02-28-17-44-51-768x432.jpg 768w, https:\/\/etab.ac-reunion.fr\/clg-ravine-des-cabris\/wp-content\/uploads\/sites\/158\/2026\/02\/PHOTO-2026-02-28-17-44-51-1536x864.jpg 1536w, https:\/\/etab.ac-reunion.fr\/clg-ravine-des-cabris\/wp-content\/uploads\/sites\/158\/2026\/02\/PHOTO-2026-02-28-17-44-51-235x132.jpg 235w\" sizes=\"auto, (max-width: 1599px) 100vw, 1599px\" \/><\/figure>\n\n\n\n<figure class=\"wp-block-image size-large\"><img loading=\"lazy\" decoding=\"async\" width=\"1200\" height=\"1600\" data-id=\"4907\" src=\"https:\/\/etab.ac-reunion.fr\/clg-ravine-des-cabris\/wp-content\/uploads\/sites\/158\/2026\/02\/PHOTO-2026-02-28-17-46-34.jpg\" alt=\"\" class=\"wp-image-4907\" srcset=\"https:\/\/etab.ac-reunion.fr\/clg-ravine-des-cabris\/wp-content\/uploads\/sites\/158\/2026\/02\/PHOTO-2026-02-28-17-46-34.jpg 1200w, https:\/\/etab.ac-reunion.fr\/clg-ravine-des-cabris\/wp-content\/uploads\/sites\/158\/2026\/02\/PHOTO-2026-02-28-17-46-34-450x600.jpg 450w, https:\/\/etab.ac-reunion.fr\/clg-ravine-des-cabris\/wp-content\/uploads\/sites\/158\/2026\/02\/PHOTO-2026-02-28-17-46-34-768x1024.jpg 768w, https:\/\/etab.ac-reunion.fr\/clg-ravine-des-cabris\/wp-content\/uploads\/sites\/158\/2026\/02\/PHOTO-2026-02-28-17-46-34-1152x1536.jpg 1152w, https:\/\/etab.ac-reunion.fr\/clg-ravine-des-cabris\/wp-content\/uploads\/sites\/158\/2026\/02\/PHOTO-2026-02-28-17-46-34-99x132.jpg 99w, https:\/\/etab.ac-reunion.fr\/clg-ravine-des-cabris\/wp-content\/uploads\/sites\/158\/2026\/02\/PHOTO-2026-02-28-17-46-34-350x468.jpg 350w\" sizes=\"auto, (max-width: 1200px) 100vw, 1200px\" \/><\/figure>\n<\/figure>\n\n\n\n<figure class=\"wp-block-image size-full\"><img loading=\"lazy\" decoding=\"async\" width=\"1280\" height=\"720\" src=\"https:\/\/etab.ac-reunion.fr\/clg-ravine-des-cabris\/wp-content\/uploads\/sites\/158\/2026\/02\/PHOTO-2026-02-28-23-36-51.jpg\" alt=\"\" class=\"wp-image-4909\" srcset=\"https:\/\/etab.ac-reunion.fr\/clg-ravine-des-cabris\/wp-content\/uploads\/sites\/158\/2026\/02\/PHOTO-2026-02-28-23-36-51.jpg 1280w, https:\/\/etab.ac-reunion.fr\/clg-ravine-des-cabris\/wp-content\/uploads\/sites\/158\/2026\/02\/PHOTO-2026-02-28-23-36-51-800x450.jpg 800w, https:\/\/etab.ac-reunion.fr\/clg-ravine-des-cabris\/wp-content\/uploads\/sites\/158\/2026\/02\/PHOTO-2026-02-28-23-36-51-768x432.jpg 768w, https:\/\/etab.ac-reunion.fr\/clg-ravine-des-cabris\/wp-content\/uploads\/sites\/158\/2026\/02\/PHOTO-2026-02-28-23-36-51-235x132.jpg 235w\" sizes=\"auto, (max-width: 1280px) 100vw, 1280px\" \/><\/figure>\n\n\n\n<blockquote class=\"wp-block-quote is-layout-flow wp-block-quote-is-layout-flow\">\n<blockquote class=\"wp-block-quote is-layout-flow wp-block-quote-is-layout-flow\">\n<p class=\"has-accent-1-color has-text-color has-link-color wp-elements-641250ab21973aedccd9d9a9feb3c805\">Conwy au Pays de Galles<\/p>\n<\/blockquote>\n<\/blockquote>\n\n\n\n<figure class=\"wp-block-gallery has-nested-images columns-default is-cropped wp-block-gallery-6 is-layout-flex wp-block-gallery-is-layout-flex\">\n<figure class=\"wp-block-image size-large\"><img loading=\"lazy\" decoding=\"async\" width=\"720\" height=\"1280\" data-id=\"4912\" src=\"https:\/\/etab.ac-reunion.fr\/clg-ravine-des-cabris\/wp-content\/uploads\/sites\/158\/2026\/02\/PHOTO-2026-03-01-18-28-42.jpg\" alt=\"\" class=\"wp-image-4912\" srcset=\"https:\/\/etab.ac-reunion.fr\/clg-ravine-des-cabris\/wp-content\/uploads\/sites\/158\/2026\/02\/PHOTO-2026-03-01-18-28-42.jpg 720w, https:\/\/etab.ac-reunion.fr\/clg-ravine-des-cabris\/wp-content\/uploads\/sites\/158\/2026\/02\/PHOTO-2026-03-01-18-28-42-338x600.jpg 338w, https:\/\/etab.ac-reunion.fr\/clg-ravine-des-cabris\/wp-content\/uploads\/sites\/158\/2026\/02\/PHOTO-2026-03-01-18-28-42-74x132.jpg 74w\" sizes=\"auto, (max-width: 720px) 100vw, 720px\" \/><\/figure>\n\n\n\n<figure class=\"wp-block-image size-large\"><img loading=\"lazy\" decoding=\"async\" width=\"720\" height=\"1280\" data-id=\"4913\" src=\"https:\/\/etab.ac-reunion.fr\/clg-ravine-des-cabris\/wp-content\/uploads\/sites\/158\/2026\/02\/PHOTO-2026-03-01-18-29-18.jpg\" alt=\"\" class=\"wp-image-4913\" srcset=\"https:\/\/etab.ac-reunion.fr\/clg-ravine-des-cabris\/wp-content\/uploads\/sites\/158\/2026\/02\/PHOTO-2026-03-01-18-29-18.jpg 720w, https:\/\/etab.ac-reunion.fr\/clg-ravine-des-cabris\/wp-content\/uploads\/sites\/158\/2026\/02\/PHOTO-2026-03-01-18-29-18-338x600.jpg 338w, https:\/\/etab.ac-reunion.fr\/clg-ravine-des-cabris\/wp-content\/uploads\/sites\/158\/2026\/02\/PHOTO-2026-03-01-18-29-18-74x132.jpg 74w\" sizes=\"auto, (max-width: 720px) 100vw, 720px\" \/><\/figure>\n<\/figure>\n\n\n\n<p class=\"has-accent-1-color has-text-color has-link-color wp-elements-eff1ea311a177cf13d7c327a07970104\">Visite du stade Anfield et du club de foot LFC<\/p>\n\n\n\n<figure class=\"wp-block-gallery has-nested-images columns-default is-cropped wp-block-gallery-7 is-layout-flex wp-block-gallery-is-layout-flex\">\n<figure class=\"wp-block-image size-full\"><img loading=\"lazy\" decoding=\"async\" width=\"1496\" height=\"1496\" data-id=\"4917\" src=\"https:\/\/etab.ac-reunion.fr\/clg-ravine-des-cabris\/wp-content\/uploads\/sites\/158\/2026\/02\/PHOTO-2026-03-04-13-45-11.jpg\" alt=\"\" class=\"wp-image-4917\" srcset=\"https:\/\/etab.ac-reunion.fr\/clg-ravine-des-cabris\/wp-content\/uploads\/sites\/158\/2026\/02\/PHOTO-2026-03-04-13-45-11.jpg 1496w, https:\/\/etab.ac-reunion.fr\/clg-ravine-des-cabris\/wp-content\/uploads\/sites\/158\/2026\/02\/PHOTO-2026-03-04-13-45-11-600x600.jpg 600w, https:\/\/etab.ac-reunion.fr\/clg-ravine-des-cabris\/wp-content\/uploads\/sites\/158\/2026\/02\/PHOTO-2026-03-04-13-45-11-150x150.jpg 150w, https:\/\/etab.ac-reunion.fr\/clg-ravine-des-cabris\/wp-content\/uploads\/sites\/158\/2026\/02\/PHOTO-2026-03-04-13-45-11-768x768.jpg 768w, https:\/\/etab.ac-reunion.fr\/clg-ravine-des-cabris\/wp-content\/uploads\/sites\/158\/2026\/02\/PHOTO-2026-03-04-13-45-11-132x132.jpg 132w\" sizes=\"auto, (max-width: 1496px) 100vw, 1496px\" \/><\/figure>\n\n\n\n<figure class=\"wp-block-image size-full\"><img loading=\"lazy\" decoding=\"async\" width=\"1600\" height=\"1200\" data-id=\"4918\" src=\"https:\/\/etab.ac-reunion.fr\/clg-ravine-des-cabris\/wp-content\/uploads\/sites\/158\/2026\/02\/PHOTO-2026-03-04-13-46-10.jpg\" alt=\"\" class=\"wp-image-4918\" srcset=\"https:\/\/etab.ac-reunion.fr\/clg-ravine-des-cabris\/wp-content\/uploads\/sites\/158\/2026\/02\/PHOTO-2026-03-04-13-46-10.jpg 1600w, https:\/\/etab.ac-reunion.fr\/clg-ravine-des-cabris\/wp-content\/uploads\/sites\/158\/2026\/02\/PHOTO-2026-03-04-13-46-10-800x600.jpg 800w, https:\/\/etab.ac-reunion.fr\/clg-ravine-des-cabris\/wp-content\/uploads\/sites\/158\/2026\/02\/PHOTO-2026-03-04-13-46-10-768x576.jpg 768w, https:\/\/etab.ac-reunion.fr\/clg-ravine-des-cabris\/wp-content\/uploads\/sites\/158\/2026\/02\/PHOTO-2026-03-04-13-46-10-1536x1152.jpg 1536w, https:\/\/etab.ac-reunion.fr\/clg-ravine-des-cabris\/wp-content\/uploads\/sites\/158\/2026\/02\/PHOTO-2026-03-04-13-46-10-176x132.jpg 176w\" sizes=\"auto, (max-width: 1600px) 100vw, 1600px\" \/><\/figure>\n\n\n\n<figure class=\"wp-block-image size-full\"><img loading=\"lazy\" decoding=\"async\" width=\"972\" height=\"1296\" data-id=\"4916\" src=\"https:\/\/etab.ac-reunion.fr\/clg-ravine-des-cabris\/wp-content\/uploads\/sites\/158\/2026\/02\/PHOTO-2026-03-04-13-46-48.jpg\" alt=\"\" class=\"wp-image-4916\" srcset=\"https:\/\/etab.ac-reunion.fr\/clg-ravine-des-cabris\/wp-content\/uploads\/sites\/158\/2026\/02\/PHOTO-2026-03-04-13-46-48.jpg 972w, https:\/\/etab.ac-reunion.fr\/clg-ravine-des-cabris\/wp-content\/uploads\/sites\/158\/2026\/02\/PHOTO-2026-03-04-13-46-48-450x600.jpg 450w, https:\/\/etab.ac-reunion.fr\/clg-ravine-des-cabris\/wp-content\/uploads\/sites\/158\/2026\/02\/PHOTO-2026-03-04-13-46-48-768x1024.jpg 768w, https:\/\/etab.ac-reunion.fr\/clg-ravine-des-cabris\/wp-content\/uploads\/sites\/158\/2026\/02\/PHOTO-2026-03-04-13-46-48-99x132.jpg 99w, https:\/\/etab.ac-reunion.fr\/clg-ravine-des-cabris\/wp-content\/uploads\/sites\/158\/2026\/02\/PHOTO-2026-03-04-13-46-48-350x468.jpg 350w\" sizes=\"auto, (max-width: 972px) 100vw, 972px\" \/><\/figure>\n\n\n\n<figure class=\"wp-block-image size-full\"><img loading=\"lazy\" decoding=\"async\" width=\"1280\" height=\"720\" data-id=\"4919\" src=\"https:\/\/etab.ac-reunion.fr\/clg-ravine-des-cabris\/wp-content\/uploads\/sites\/158\/2026\/02\/PHOTO-2026-03-04-13-47-02.jpg\" alt=\"\" class=\"wp-image-4919\" srcset=\"https:\/\/etab.ac-reunion.fr\/clg-ravine-des-cabris\/wp-content\/uploads\/sites\/158\/2026\/02\/PHOTO-2026-03-04-13-47-02.jpg 1280w, https:\/\/etab.ac-reunion.fr\/clg-ravine-des-cabris\/wp-content\/uploads\/sites\/158\/2026\/02\/PHOTO-2026-03-04-13-47-02-800x450.jpg 800w, https:\/\/etab.ac-reunion.fr\/clg-ravine-des-cabris\/wp-content\/uploads\/sites\/158\/2026\/02\/PHOTO-2026-03-04-13-47-02-768x432.jpg 768w, https:\/\/etab.ac-reunion.fr\/clg-ravine-des-cabris\/wp-content\/uploads\/sites\/158\/2026\/02\/PHOTO-2026-03-04-13-47-02-235x132.jpg 235w\" sizes=\"auto, (max-width: 1280px) 100vw, 1280px\" \/><\/figure>\n\n\n\n<figure class=\"wp-block-image size-full\"><img loading=\"lazy\" decoding=\"async\" width=\"1599\" height=\"899\" data-id=\"4920\" src=\"https:\/\/etab.ac-reunion.fr\/clg-ravine-des-cabris\/wp-content\/uploads\/sites\/158\/2026\/02\/PHOTO-2026-03-04-13-47-46.jpg\" alt=\"\" class=\"wp-image-4920\" srcset=\"https:\/\/etab.ac-reunion.fr\/clg-ravine-des-cabris\/wp-content\/uploads\/sites\/158\/2026\/02\/PHOTO-2026-03-04-13-47-46.jpg 1599w, https:\/\/etab.ac-reunion.fr\/clg-ravine-des-cabris\/wp-content\/uploads\/sites\/158\/2026\/02\/PHOTO-2026-03-04-13-47-46-800x450.jpg 800w, https:\/\/etab.ac-reunion.fr\/clg-ravine-des-cabris\/wp-content\/uploads\/sites\/158\/2026\/02\/PHOTO-2026-03-04-13-47-46-768x432.jpg 768w, https:\/\/etab.ac-reunion.fr\/clg-ravine-des-cabris\/wp-content\/uploads\/sites\/158\/2026\/02\/PHOTO-2026-03-04-13-47-46-1536x864.jpg 1536w, https:\/\/etab.ac-reunion.fr\/clg-ravine-des-cabris\/wp-content\/uploads\/sites\/158\/2026\/02\/PHOTO-2026-03-04-13-47-46-235x132.jpg 235w\" sizes=\"auto, (max-width: 1599px) 100vw, 1599px\" \/><\/figure>\n<\/figure>\n\n\n\n<blockquote class=\"wp-block-quote is-layout-flow wp-block-quote-is-layout-flow\">\n<div class=\"wp-block-media-text is-stacked-on-mobile\"><figure class=\"wp-block-media-text__media\"><img loading=\"lazy\" decoding=\"async\" width=\"1200\" height=\"1600\" src=\"https:\/\/etab.ac-reunion.fr\/clg-ravine-des-cabris\/wp-content\/uploads\/sites\/158\/2026\/02\/PHOTO-2026-03-04-13-43-27.jpg\" alt=\"\" class=\"wp-image-4923 size-full\" srcset=\"https:\/\/etab.ac-reunion.fr\/clg-ravine-des-cabris\/wp-content\/uploads\/sites\/158\/2026\/02\/PHOTO-2026-03-04-13-43-27.jpg 1200w, https:\/\/etab.ac-reunion.fr\/clg-ravine-des-cabris\/wp-content\/uploads\/sites\/158\/2026\/02\/PHOTO-2026-03-04-13-43-27-450x600.jpg 450w, https:\/\/etab.ac-reunion.fr\/clg-ravine-des-cabris\/wp-content\/uploads\/sites\/158\/2026\/02\/PHOTO-2026-03-04-13-43-27-768x1024.jpg 768w, https:\/\/etab.ac-reunion.fr\/clg-ravine-des-cabris\/wp-content\/uploads\/sites\/158\/2026\/02\/PHOTO-2026-03-04-13-43-27-1152x1536.jpg 1152w, https:\/\/etab.ac-reunion.fr\/clg-ravine-des-cabris\/wp-content\/uploads\/sites\/158\/2026\/02\/PHOTO-2026-03-04-13-43-27-99x132.jpg 99w, https:\/\/etab.ac-reunion.fr\/clg-ravine-des-cabris\/wp-content\/uploads\/sites\/158\/2026\/02\/PHOTO-2026-03-04-13-43-27-350x468.jpg 350w\" sizes=\"auto, (max-width: 1200px) 100vw, 1200px\" \/><\/figure><div class=\"wp-block-media-text__content\">\n<p class=\"has-accent-1-color has-text-color has-link-color wp-elements-d0c1a9b21597e6381681d89ac28fcddc\">Visite de Merchant Taylor&rsquo;s  school<\/p>\n<\/div><\/div>\n<\/blockquote>\n\n\n\n<div class=\"wp-block-media-text is-stacked-on-mobile\"><figure class=\"wp-block-media-text__media\"><img loading=\"lazy\" decoding=\"async\" width=\"1600\" height=\"1200\" src=\"https:\/\/etab.ac-reunion.fr\/clg-ravine-des-cabris\/wp-content\/uploads\/sites\/158\/2026\/02\/PHOTO-2026-03-04-13-44-41.jpg\" alt=\"\" class=\"wp-image-4924 size-full\" srcset=\"https:\/\/etab.ac-reunion.fr\/clg-ravine-des-cabris\/wp-content\/uploads\/sites\/158\/2026\/02\/PHOTO-2026-03-04-13-44-41.jpg 1600w, https:\/\/etab.ac-reunion.fr\/clg-ravine-des-cabris\/wp-content\/uploads\/sites\/158\/2026\/02\/PHOTO-2026-03-04-13-44-41-800x600.jpg 800w, https:\/\/etab.ac-reunion.fr\/clg-ravine-des-cabris\/wp-content\/uploads\/sites\/158\/2026\/02\/PHOTO-2026-03-04-13-44-41-768x576.jpg 768w, https:\/\/etab.ac-reunion.fr\/clg-ravine-des-cabris\/wp-content\/uploads\/sites\/158\/2026\/02\/PHOTO-2026-03-04-13-44-41-1536x1152.jpg 1536w, https:\/\/etab.ac-reunion.fr\/clg-ravine-des-cabris\/wp-content\/uploads\/sites\/158\/2026\/02\/PHOTO-2026-03-04-13-44-41-176x132.jpg 176w\" sizes=\"auto, (max-width: 1600px) 100vw, 1600px\" \/><\/figure><div class=\"wp-block-media-text__content\">\n<p class=\"has-accent-1-color has-text-color has-link-color wp-elements-d90020b482d58617f847b9f9e455c6a3\">cours de th\u00e9\u00e2tre<\/p>\n<\/div><\/div>\n","protected":false},"excerpt":{"rendered":"","protected":false},"author":28090,"featured_media":4799,"comment_status":"closed","ping_status":"closed","sticky":false,"template":"","format":"standard","meta":{"footnotes":"","_links_to":"","_links_to_target":""},"categories":[70,34,56,73],"tags":[],"class_list":["post-4795","post","type-post","status-publish","format-standard","has-post-thumbnail","hentry","category-a-la-une","category-anglais","category-lceanglaisallemandespagnol","category-mobilites-eleves"],"_links":{"self":[{"href":"https:\/\/etab.ac-reunion.fr\/clg-ravine-des-cabris\/wp-json\/wp\/v2\/posts\/4795","targetHints":{"allow":["GET"]}}],"collection":[{"href":"https:\/\/etab.ac-reunion.fr\/clg-ravine-des-cabris\/wp-json\/wp\/v2\/posts"}],"about":[{"href":"https:\/\/etab.ac-reunion.fr\/clg-ravine-des-cabris\/wp-json\/wp\/v2\/types\/post"}],"author":[{"embeddable":true,"href":"https:\/\/etab.ac-reunion.fr\/clg-ravine-des-cabris\/wp-json\/wp\/v2\/users\/28090"}],"replies":[{"embeddable":true,"href":"https:\/\/etab.ac-reunion.fr\/clg-ravine-des-cabris\/wp-json\/wp\/v2\/comments?post=4795"}],"version-history":[{"count":16,"href":"https:\/\/etab.ac-reunion.fr\/clg-ravine-des-cabris\/wp-json\/wp\/v2\/posts\/4795\/revisions"}],"predecessor-version":[{"id":4926,"href":"https:\/\/etab.ac-reunion.fr\/clg-ravine-des-cabris\/wp-json\/wp\/v2\/posts\/4795\/revisions\/4926"}],"wp:featuredmedia":[{"embeddable":true,"href":"https:\/\/etab.ac-reunion.fr\/clg-ravine-des-cabris\/wp-json\/wp\/v2\/media\/4799"}],"wp:attachment":[{"href":"https:\/\/etab.ac-reunion.fr\/clg-ravine-des-cabris\/wp-json\/wp\/v2\/media?parent=4795"}],"wp:term":[{"taxonomy":"category","embeddable":true,"href":"https:\/\/etab.ac-reunion.fr\/clg-ravine-des-cabris\/wp-json\/wp\/v2\/categories?post=4795"},{"taxonomy":"post_tag","embeddable":true,"href":"https:\/\/etab.ac-reunion.fr\/clg-ravine-des-cabris\/wp-json\/wp\/v2\/tags?post=4795"}],"curies":[{"name":"wp","href":"https:\/\/api.w.org\/{rel}","templated":true}]}}