{"id":4805,"date":"2026-02-24T17:20:16","date_gmt":"2026-02-24T16:20:16","guid":{"rendered":"https:\/\/etab.ac-reunion.fr\/clg-ravine-des-cabris\/?p=4805"},"modified":"2026-02-25T18:30:19","modified_gmt":"2026-02-25T17:30:19","slug":"les-novalis-au-tribunal-correctionnel","status":"publish","type":"post","link":"https:\/\/etab.ac-reunion.fr\/clg-ravine-des-cabris\/2026\/02\/24\/les-novalis-au-tribunal-correctionnel\/","title":{"rendered":"Les Novalis au tribunal correctionnel"},"content":{"rendered":"\n<p class=\"has-accent-1-color has-text-color has-link-color wp-elements-2a4c193c72940b41477a0c12db706907\">Dans le cadre du programme d\u2019EMC qui traite de la justice et souhaitant faire participer les \u00e9l\u00e8ves \u00e0 la semaine de la presse, les \u00e9l\u00e8ves de 4\u00e8mes Novalis ont &nbsp;eu l\u2019occasion d\u2019aller assister \u00e0 des audiences publiques au tribunal correctionnel de Saint-Pierre.&nbsp;Ce tribunal traite les peines pouvant aller jusqu\u2019\u00e0 10 ans d\u2019emprisonnement.&nbsp;<\/p>\n\n\n\n<p class=\"has-accent-1-color has-text-color has-link-color wp-elements-649ea0bb09a1d9d79e6b20e25ca3a3b4\">Cette&nbsp;&nbsp;immersion dans le syst\u00e8me judiciaire avait pour but de mieux &nbsp;comprendre les rouages du tribunal et de d\u00e9couvrir les m\u00e9tiers du droit.&nbsp;<\/p>\n\n\n\n<p class=\"has-accent-1-color has-text-color has-link-color wp-elements-d5536d842ab9c8f2cd83e1f135ceb61e\">Un travail &nbsp;d\u2019\u00e9criture par groupes a \u00e9t\u00e9 men\u00e9 conjointement par le professeur de fran\u00e7ais et d\u2019EMC. Les \u00e9l\u00e8ves ont appris les bases de la r\u00e9daction d\u2019un article et ont tous r\u00e9ussi \u00e0 trouver des titres accrocheurs, intertitres pour r\u00e9sumer et faciliter la lecture, \u00e0 \u00e9laborer le chapeau pour inciter le lecteur \u00e0 poursuivre ainsi que la chute qui ouvrait sur une r\u00e9flexion.Les \u00e9l\u00e8ves ont \u00e9t\u00e9 tr\u00e8s int\u00e9ress\u00e9s de d\u00e9couvrir le d\u00e9roulement du proc\u00e8s et se sont investis avec s\u00e9rieux et motivation dans l\u2019\u00e9criture collective.&nbsp;<\/p>\n\n\n\n<p class=\"has-accent-1-color has-text-color has-link-color wp-elements-902a7e98152fb747ceec62ca51456621\">Bravo \u00e0 eux.<\/p>\n\n\n\n<blockquote class=\"wp-block-quote is-layout-flow wp-block-quote-is-layout-flow\">\n<p class=\"has-text-align-center has-accent-1-color has-text-color has-link-color has-large-font-size wp-elements-c54cc48a34876d51b0ba5c18922cddba\">Les articles des \u00e9l\u00e8ves<\/p>\n<\/blockquote>\n\n\n\n<div data-wp-interactive=\"core\/file\" class=\"wp-block-file\"><object data-wp-bind--hidden=\"!state.hasPdfPreview\" hidden class=\"wp-block-file__embed\" data=\"https:\/\/etab.ac-reunion.fr\/clg-ravine-des-cabris\/wp-content\/uploads\/sites\/158\/2026\/02\/Journal-complet-des-Novalis.pdf\" type=\"application\/pdf\" style=\"width:100%;height:1793px\" aria-label=\"Contenu embarqu\u00e9 Journal complet des Novalis.\"><\/object><a id=\"wp-block-file--media-ba4e05ab-4104-41b5-b80b-9575f4517ccc\" href=\"https:\/\/etab.ac-reunion.fr\/clg-ravine-des-cabris\/wp-content\/uploads\/sites\/158\/2026\/02\/Journal-complet-des-Novalis.pdf\">Journal complet des Novalis<\/a><a href=\"https:\/\/etab.ac-reunion.fr\/clg-ravine-des-cabris\/wp-content\/uploads\/sites\/158\/2026\/02\/Journal-complet-des-Novalis.pdf\" class=\"wp-block-file__button wp-element-button\" download aria-describedby=\"wp-block-file--media-ba4e05ab-4104-41b5-b80b-9575f4517ccc\">T\u00e9l\u00e9charger<\/a><\/div>\n\n\n\n<div class=\"wp-block-media-text is-stacked-on-mobile\"><figure class=\"wp-block-media-text__media\"><a href=\"https:\/\/nuage02.apps.education.fr\/index.php\/s\/gbLicYwEat2wMK6\"><img loading=\"lazy\" decoding=\"async\" width=\"840\" height=\"1064\" src=\"https:\/\/etab.ac-reunion.fr\/clg-ravine-des-cabris\/wp-content\/uploads\/sites\/158\/2026\/02\/Capture-decran-2026-02-24-a-20.11.29.png\" alt=\"\" class=\"wp-image-4806 size-full\" srcset=\"https:\/\/etab.ac-reunion.fr\/clg-ravine-des-cabris\/wp-content\/uploads\/sites\/158\/2026\/02\/Capture-decran-2026-02-24-a-20.11.29.png 840w, https:\/\/etab.ac-reunion.fr\/clg-ravine-des-cabris\/wp-content\/uploads\/sites\/158\/2026\/02\/Capture-decran-2026-02-24-a-20.11.29-474x600.png 474w, https:\/\/etab.ac-reunion.fr\/clg-ravine-des-cabris\/wp-content\/uploads\/sites\/158\/2026\/02\/Capture-decran-2026-02-24-a-20.11.29-768x973.png 768w, https:\/\/etab.ac-reunion.fr\/clg-ravine-des-cabris\/wp-content\/uploads\/sites\/158\/2026\/02\/Capture-decran-2026-02-24-a-20.11.29-104x132.png 104w\" sizes=\"auto, (max-width: 840px) 100vw, 840px\" \/><\/a><\/figure><div class=\"wp-block-media-text__content\">\n<p class=\"has-accent-1-color has-text-color has-link-color wp-elements-76e63562996fa8e479112f1c392763fd\"><a href=\"https:\/\/nuage02.apps.education.fr\/index.php\/s\/gbLicYwEat2wMK6\">Quelques avis des \u00e9l\u00e8ves<\/a> \u00e0 propos de ce projet.<\/p>\n<\/div><\/div>\n\n\n\n<figure class=\"wp-block-gallery has-nested-images columns-default is-cropped wp-block-gallery-1 is-layout-flex wp-block-gallery-is-layout-flex\">\n<figure class=\"wp-block-image size-large\"><img loading=\"lazy\" decoding=\"async\" width=\"1357\" height=\"1920\" data-id=\"4808\" src=\"https:\/\/etab.ac-reunion.fr\/clg-ravine-des-cabris\/wp-content\/uploads\/sites\/158\/2026\/02\/2-1357x1920.jpg\" alt=\"\" class=\"wp-image-4808\" srcset=\"https:\/\/etab.ac-reunion.fr\/clg-ravine-des-cabris\/wp-content\/uploads\/sites\/158\/2026\/02\/2-1357x1920.jpg 1357w, https:\/\/etab.ac-reunion.fr\/clg-ravine-des-cabris\/wp-content\/uploads\/sites\/158\/2026\/02\/2-424x600.jpg 424w, https:\/\/etab.ac-reunion.fr\/clg-ravine-des-cabris\/wp-content\/uploads\/sites\/158\/2026\/02\/2-768x1086.jpg 768w, https:\/\/etab.ac-reunion.fr\/clg-ravine-des-cabris\/wp-content\/uploads\/sites\/158\/2026\/02\/2-1086x1536.jpg 1086w, https:\/\/etab.ac-reunion.fr\/clg-ravine-des-cabris\/wp-content\/uploads\/sites\/158\/2026\/02\/2-93x132.jpg 93w, https:\/\/etab.ac-reunion.fr\/clg-ravine-des-cabris\/wp-content\/uploads\/sites\/158\/2026\/02\/2.jpg 1414w\" sizes=\"auto, (max-width: 1357px) 100vw, 1357px\" \/><\/figure>\n\n\n\n<figure class=\"wp-block-image size-large\"><img loading=\"lazy\" decoding=\"async\" width=\"1357\" height=\"1920\" data-id=\"4811\" src=\"https:\/\/etab.ac-reunion.fr\/clg-ravine-des-cabris\/wp-content\/uploads\/sites\/158\/2026\/02\/3-1357x1920.jpg\" alt=\"\" class=\"wp-image-4811\" srcset=\"https:\/\/etab.ac-reunion.fr\/clg-ravine-des-cabris\/wp-content\/uploads\/sites\/158\/2026\/02\/3-1357x1920.jpg 1357w, https:\/\/etab.ac-reunion.fr\/clg-ravine-des-cabris\/wp-content\/uploads\/sites\/158\/2026\/02\/3-424x600.jpg 424w, https:\/\/etab.ac-reunion.fr\/clg-ravine-des-cabris\/wp-content\/uploads\/sites\/158\/2026\/02\/3-768x1086.jpg 768w, https:\/\/etab.ac-reunion.fr\/clg-ravine-des-cabris\/wp-content\/uploads\/sites\/158\/2026\/02\/3-1086x1536.jpg 1086w, https:\/\/etab.ac-reunion.fr\/clg-ravine-des-cabris\/wp-content\/uploads\/sites\/158\/2026\/02\/3-93x132.jpg 93w, https:\/\/etab.ac-reunion.fr\/clg-ravine-des-cabris\/wp-content\/uploads\/sites\/158\/2026\/02\/3.jpg 1414w\" sizes=\"auto, (max-width: 1357px) 100vw, 1357px\" \/><\/figure>\n\n\n\n<figure class=\"wp-block-image size-large\"><img loading=\"lazy\" decoding=\"async\" width=\"1357\" height=\"1920\" data-id=\"4809\" src=\"https:\/\/etab.ac-reunion.fr\/clg-ravine-des-cabris\/wp-content\/uploads\/sites\/158\/2026\/02\/4-1357x1920.jpg\" alt=\"\" class=\"wp-image-4809\" srcset=\"https:\/\/etab.ac-reunion.fr\/clg-ravine-des-cabris\/wp-content\/uploads\/sites\/158\/2026\/02\/4-1357x1920.jpg 1357w, https:\/\/etab.ac-reunion.fr\/clg-ravine-des-cabris\/wp-content\/uploads\/sites\/158\/2026\/02\/4-424x600.jpg 424w, https:\/\/etab.ac-reunion.fr\/clg-ravine-des-cabris\/wp-content\/uploads\/sites\/158\/2026\/02\/4-768x1086.jpg 768w, https:\/\/etab.ac-reunion.fr\/clg-ravine-des-cabris\/wp-content\/uploads\/sites\/158\/2026\/02\/4-1086x1536.jpg 1086w, https:\/\/etab.ac-reunion.fr\/clg-ravine-des-cabris\/wp-content\/uploads\/sites\/158\/2026\/02\/4-93x132.jpg 93w, https:\/\/etab.ac-reunion.fr\/clg-ravine-des-cabris\/wp-content\/uploads\/sites\/158\/2026\/02\/4.jpg 1414w\" sizes=\"auto, (max-width: 1357px) 100vw, 1357px\" \/><\/figure>\n\n\n\n<figure class=\"wp-block-image size-large\"><img loading=\"lazy\" decoding=\"async\" width=\"1357\" height=\"1920\" data-id=\"4810\" src=\"https:\/\/etab.ac-reunion.fr\/clg-ravine-des-cabris\/wp-content\/uploads\/sites\/158\/2026\/02\/5-1357x1920.jpg\" alt=\"\" class=\"wp-image-4810\" srcset=\"https:\/\/etab.ac-reunion.fr\/clg-ravine-des-cabris\/wp-content\/uploads\/sites\/158\/2026\/02\/5-1357x1920.jpg 1357w, https:\/\/etab.ac-reunion.fr\/clg-ravine-des-cabris\/wp-content\/uploads\/sites\/158\/2026\/02\/5-424x600.jpg 424w, https:\/\/etab.ac-reunion.fr\/clg-ravine-des-cabris\/wp-content\/uploads\/sites\/158\/2026\/02\/5-768x1086.jpg 768w, https:\/\/etab.ac-reunion.fr\/clg-ravine-des-cabris\/wp-content\/uploads\/sites\/158\/2026\/02\/5-1086x1536.jpg 1086w, https:\/\/etab.ac-reunion.fr\/clg-ravine-des-cabris\/wp-content\/uploads\/sites\/158\/2026\/02\/5-93x132.jpg 93w, https:\/\/etab.ac-reunion.fr\/clg-ravine-des-cabris\/wp-content\/uploads\/sites\/158\/2026\/02\/5.jpg 1414w\" sizes=\"auto, (max-width: 1357px) 100vw, 1357px\" \/><\/figure>\n\n\n\n<figure class=\"wp-block-image size-large\"><img loading=\"lazy\" decoding=\"async\" width=\"1357\" height=\"1920\" data-id=\"4812\" src=\"https:\/\/etab.ac-reunion.fr\/clg-ravine-des-cabris\/wp-content\/uploads\/sites\/158\/2026\/02\/6-1357x1920.jpg\" alt=\"\" class=\"wp-image-4812\" srcset=\"https:\/\/etab.ac-reunion.fr\/clg-ravine-des-cabris\/wp-content\/uploads\/sites\/158\/2026\/02\/6-1357x1920.jpg 1357w, https:\/\/etab.ac-reunion.fr\/clg-ravine-des-cabris\/wp-content\/uploads\/sites\/158\/2026\/02\/6-424x600.jpg 424w, https:\/\/etab.ac-reunion.fr\/clg-ravine-des-cabris\/wp-content\/uploads\/sites\/158\/2026\/02\/6-768x1086.jpg 768w, https:\/\/etab.ac-reunion.fr\/clg-ravine-des-cabris\/wp-content\/uploads\/sites\/158\/2026\/02\/6-1086x1536.jpg 1086w, https:\/\/etab.ac-reunion.fr\/clg-ravine-des-cabris\/wp-content\/uploads\/sites\/158\/2026\/02\/6-93x132.jpg 93w, https:\/\/etab.ac-reunion.fr\/clg-ravine-des-cabris\/wp-content\/uploads\/sites\/158\/2026\/02\/6.jpg 1414w\" sizes=\"auto, (max-width: 1357px) 100vw, 1357px\" \/><\/figure>\n\n\n\n<figure class=\"wp-block-image size-large\"><img loading=\"lazy\" decoding=\"async\" width=\"1357\" height=\"1920\" data-id=\"4813\" src=\"https:\/\/etab.ac-reunion.fr\/clg-ravine-des-cabris\/wp-content\/uploads\/sites\/158\/2026\/02\/7-1357x1920.jpg\" alt=\"\" class=\"wp-image-4813\" srcset=\"https:\/\/etab.ac-reunion.fr\/clg-ravine-des-cabris\/wp-content\/uploads\/sites\/158\/2026\/02\/7-1357x1920.jpg 1357w, https:\/\/etab.ac-reunion.fr\/clg-ravine-des-cabris\/wp-content\/uploads\/sites\/158\/2026\/02\/7-424x600.jpg 424w, https:\/\/etab.ac-reunion.fr\/clg-ravine-des-cabris\/wp-content\/uploads\/sites\/158\/2026\/02\/7-768x1086.jpg 768w, https:\/\/etab.ac-reunion.fr\/clg-ravine-des-cabris\/wp-content\/uploads\/sites\/158\/2026\/02\/7-1086x1536.jpg 1086w, https:\/\/etab.ac-reunion.fr\/clg-ravine-des-cabris\/wp-content\/uploads\/sites\/158\/2026\/02\/7-93x132.jpg 93w, https:\/\/etab.ac-reunion.fr\/clg-ravine-des-cabris\/wp-content\/uploads\/sites\/158\/2026\/02\/7.jpg 1414w\" sizes=\"auto, (max-width: 1357px) 100vw, 1357px\" \/><\/figure>\n\n\n\n<figure class=\"wp-block-image size-large\"><img loading=\"lazy\" decoding=\"async\" width=\"1357\" height=\"1920\" data-id=\"4814\" src=\"https:\/\/etab.ac-reunion.fr\/clg-ravine-des-cabris\/wp-content\/uploads\/sites\/158\/2026\/02\/8-1357x1920.jpg\" alt=\"\" class=\"wp-image-4814\" srcset=\"https:\/\/etab.ac-reunion.fr\/clg-ravine-des-cabris\/wp-content\/uploads\/sites\/158\/2026\/02\/8-1357x1920.jpg 1357w, https:\/\/etab.ac-reunion.fr\/clg-ravine-des-cabris\/wp-content\/uploads\/sites\/158\/2026\/02\/8-424x600.jpg 424w, https:\/\/etab.ac-reunion.fr\/clg-ravine-des-cabris\/wp-content\/uploads\/sites\/158\/2026\/02\/8-768x1086.jpg 768w, https:\/\/etab.ac-reunion.fr\/clg-ravine-des-cabris\/wp-content\/uploads\/sites\/158\/2026\/02\/8-1086x1536.jpg 1086w, https:\/\/etab.ac-reunion.fr\/clg-ravine-des-cabris\/wp-content\/uploads\/sites\/158\/2026\/02\/8-93x132.jpg 93w, https:\/\/etab.ac-reunion.fr\/clg-ravine-des-cabris\/wp-content\/uploads\/sites\/158\/2026\/02\/8.jpg 1414w\" sizes=\"auto, (max-width: 1357px) 100vw, 1357px\" \/><\/figure>\n\n\n\n<figure class=\"wp-block-image size-large\"><img loading=\"lazy\" decoding=\"async\" width=\"1357\" height=\"1920\" data-id=\"4815\" src=\"https:\/\/etab.ac-reunion.fr\/clg-ravine-des-cabris\/wp-content\/uploads\/sites\/158\/2026\/02\/9-1357x1920.jpg\" alt=\"\" class=\"wp-image-4815\" srcset=\"https:\/\/etab.ac-reunion.fr\/clg-ravine-des-cabris\/wp-content\/uploads\/sites\/158\/2026\/02\/9-1357x1920.jpg 1357w, https:\/\/etab.ac-reunion.fr\/clg-ravine-des-cabris\/wp-content\/uploads\/sites\/158\/2026\/02\/9-424x600.jpg 424w, https:\/\/etab.ac-reunion.fr\/clg-ravine-des-cabris\/wp-content\/uploads\/sites\/158\/2026\/02\/9-768x1086.jpg 768w, https:\/\/etab.ac-reunion.fr\/clg-ravine-des-cabris\/wp-content\/uploads\/sites\/158\/2026\/02\/9-1086x1536.jpg 1086w, https:\/\/etab.ac-reunion.fr\/clg-ravine-des-cabris\/wp-content\/uploads\/sites\/158\/2026\/02\/9-93x132.jpg 93w, https:\/\/etab.ac-reunion.fr\/clg-ravine-des-cabris\/wp-content\/uploads\/sites\/158\/2026\/02\/9.jpg 1414w\" sizes=\"auto, (max-width: 1357px) 100vw, 1357px\" \/><\/figure>\n\n\n\n<figure class=\"wp-block-image size-large\"><img loading=\"lazy\" decoding=\"async\" width=\"1357\" height=\"1920\" data-id=\"4816\" src=\"https:\/\/etab.ac-reunion.fr\/clg-ravine-des-cabris\/wp-content\/uploads\/sites\/158\/2026\/02\/10-1357x1920.jpg\" alt=\"\" class=\"wp-image-4816\" srcset=\"https:\/\/etab.ac-reunion.fr\/clg-ravine-des-cabris\/wp-content\/uploads\/sites\/158\/2026\/02\/10-1357x1920.jpg 1357w, https:\/\/etab.ac-reunion.fr\/clg-ravine-des-cabris\/wp-content\/uploads\/sites\/158\/2026\/02\/10-424x600.jpg 424w, https:\/\/etab.ac-reunion.fr\/clg-ravine-des-cabris\/wp-content\/uploads\/sites\/158\/2026\/02\/10-768x1086.jpg 768w, https:\/\/etab.ac-reunion.fr\/clg-ravine-des-cabris\/wp-content\/uploads\/sites\/158\/2026\/02\/10-1086x1536.jpg 1086w, https:\/\/etab.ac-reunion.fr\/clg-ravine-des-cabris\/wp-content\/uploads\/sites\/158\/2026\/02\/10-93x132.jpg 93w, https:\/\/etab.ac-reunion.fr\/clg-ravine-des-cabris\/wp-content\/uploads\/sites\/158\/2026\/02\/10.jpg 1414w\" sizes=\"auto, (max-width: 1357px) 100vw, 1357px\" \/><\/figure>\n\n\n\n<figure class=\"wp-block-image size-large\"><img loading=\"lazy\" decoding=\"async\" width=\"1357\" height=\"1920\" data-id=\"4817\" src=\"https:\/\/etab.ac-reunion.fr\/clg-ravine-des-cabris\/wp-content\/uploads\/sites\/158\/2026\/02\/11-1357x1920.jpg\" alt=\"\" class=\"wp-image-4817\" srcset=\"https:\/\/etab.ac-reunion.fr\/clg-ravine-des-cabris\/wp-content\/uploads\/sites\/158\/2026\/02\/11-1357x1920.jpg 1357w, https:\/\/etab.ac-reunion.fr\/clg-ravine-des-cabris\/wp-content\/uploads\/sites\/158\/2026\/02\/11-424x600.jpg 424w, https:\/\/etab.ac-reunion.fr\/clg-ravine-des-cabris\/wp-content\/uploads\/sites\/158\/2026\/02\/11-768x1086.jpg 768w, https:\/\/etab.ac-reunion.fr\/clg-ravine-des-cabris\/wp-content\/uploads\/sites\/158\/2026\/02\/11-1086x1536.jpg 1086w, https:\/\/etab.ac-reunion.fr\/clg-ravine-des-cabris\/wp-content\/uploads\/sites\/158\/2026\/02\/11-93x132.jpg 93w, https:\/\/etab.ac-reunion.fr\/clg-ravine-des-cabris\/wp-content\/uploads\/sites\/158\/2026\/02\/11.jpg 1414w\" sizes=\"auto, (max-width: 1357px) 100vw, 1357px\" \/><\/figure>\n\n\n\n<figure class=\"wp-block-image size-large\"><img loading=\"lazy\" decoding=\"async\" width=\"1357\" height=\"1920\" data-id=\"4818\" src=\"https:\/\/etab.ac-reunion.fr\/clg-ravine-des-cabris\/wp-content\/uploads\/sites\/158\/2026\/02\/12-1-1357x1920.jpg\" alt=\"\" class=\"wp-image-4818\" srcset=\"https:\/\/etab.ac-reunion.fr\/clg-ravine-des-cabris\/wp-content\/uploads\/sites\/158\/2026\/02\/12-1-1357x1920.jpg 1357w, https:\/\/etab.ac-reunion.fr\/clg-ravine-des-cabris\/wp-content\/uploads\/sites\/158\/2026\/02\/12-1-424x600.jpg 424w, https:\/\/etab.ac-reunion.fr\/clg-ravine-des-cabris\/wp-content\/uploads\/sites\/158\/2026\/02\/12-1-768x1086.jpg 768w, https:\/\/etab.ac-reunion.fr\/clg-ravine-des-cabris\/wp-content\/uploads\/sites\/158\/2026\/02\/12-1-1086x1536.jpg 1086w, https:\/\/etab.ac-reunion.fr\/clg-ravine-des-cabris\/wp-content\/uploads\/sites\/158\/2026\/02\/12-1-93x132.jpg 93w, https:\/\/etab.ac-reunion.fr\/clg-ravine-des-cabris\/wp-content\/uploads\/sites\/158\/2026\/02\/12-1.jpg 1414w\" sizes=\"auto, (max-width: 1357px) 100vw, 1357px\" \/><\/figure>\n\n\n\n<figure class=\"wp-block-image size-large\"><img loading=\"lazy\" decoding=\"async\" width=\"1357\" height=\"1920\" data-id=\"4819\" src=\"https:\/\/etab.ac-reunion.fr\/clg-ravine-des-cabris\/wp-content\/uploads\/sites\/158\/2026\/02\/13-1357x1920.jpg\" alt=\"\" class=\"wp-image-4819\" srcset=\"https:\/\/etab.ac-reunion.fr\/clg-ravine-des-cabris\/wp-content\/uploads\/sites\/158\/2026\/02\/13-1357x1920.jpg 1357w, https:\/\/etab.ac-reunion.fr\/clg-ravine-des-cabris\/wp-content\/uploads\/sites\/158\/2026\/02\/13-424x600.jpg 424w, https:\/\/etab.ac-reunion.fr\/clg-ravine-des-cabris\/wp-content\/uploads\/sites\/158\/2026\/02\/13-768x1086.jpg 768w, https:\/\/etab.ac-reunion.fr\/clg-ravine-des-cabris\/wp-content\/uploads\/sites\/158\/2026\/02\/13-1086x1536.jpg 1086w, https:\/\/etab.ac-reunion.fr\/clg-ravine-des-cabris\/wp-content\/uploads\/sites\/158\/2026\/02\/13-93x132.jpg 93w, https:\/\/etab.ac-reunion.fr\/clg-ravine-des-cabris\/wp-content\/uploads\/sites\/158\/2026\/02\/13.jpg 1414w\" sizes=\"auto, (max-width: 1357px) 100vw, 1357px\" \/><\/figure>\n\n\n\n<figure class=\"wp-block-image size-large\"><img loading=\"lazy\" decoding=\"async\" width=\"1357\" height=\"1920\" data-id=\"4820\" src=\"https:\/\/etab.ac-reunion.fr\/clg-ravine-des-cabris\/wp-content\/uploads\/sites\/158\/2026\/02\/14-1357x1920.jpg\" alt=\"\" class=\"wp-image-4820\" srcset=\"https:\/\/etab.ac-reunion.fr\/clg-ravine-des-cabris\/wp-content\/uploads\/sites\/158\/2026\/02\/14-1357x1920.jpg 1357w, https:\/\/etab.ac-reunion.fr\/clg-ravine-des-cabris\/wp-content\/uploads\/sites\/158\/2026\/02\/14-424x600.jpg 424w, https:\/\/etab.ac-reunion.fr\/clg-ravine-des-cabris\/wp-content\/uploads\/sites\/158\/2026\/02\/14-768x1086.jpg 768w, https:\/\/etab.ac-reunion.fr\/clg-ravine-des-cabris\/wp-content\/uploads\/sites\/158\/2026\/02\/14-1086x1536.jpg 1086w, https:\/\/etab.ac-reunion.fr\/clg-ravine-des-cabris\/wp-content\/uploads\/sites\/158\/2026\/02\/14-93x132.jpg 93w, https:\/\/etab.ac-reunion.fr\/clg-ravine-des-cabris\/wp-content\/uploads\/sites\/158\/2026\/02\/14.jpg 1414w\" sizes=\"auto, (max-width: 1357px) 100vw, 1357px\" \/><\/figure>\n\n\n\n<figure class=\"wp-block-image size-large\"><img loading=\"lazy\" decoding=\"async\" width=\"1357\" height=\"1920\" data-id=\"4821\" src=\"https:\/\/etab.ac-reunion.fr\/clg-ravine-des-cabris\/wp-content\/uploads\/sites\/158\/2026\/02\/15-1357x1920.jpg\" alt=\"\" class=\"wp-image-4821\" srcset=\"https:\/\/etab.ac-reunion.fr\/clg-ravine-des-cabris\/wp-content\/uploads\/sites\/158\/2026\/02\/15-1357x1920.jpg 1357w, https:\/\/etab.ac-reunion.fr\/clg-ravine-des-cabris\/wp-content\/uploads\/sites\/158\/2026\/02\/15-424x600.jpg 424w, https:\/\/etab.ac-reunion.fr\/clg-ravine-des-cabris\/wp-content\/uploads\/sites\/158\/2026\/02\/15-768x1086.jpg 768w, https:\/\/etab.ac-reunion.fr\/clg-ravine-des-cabris\/wp-content\/uploads\/sites\/158\/2026\/02\/15-1086x1536.jpg 1086w, https:\/\/etab.ac-reunion.fr\/clg-ravine-des-cabris\/wp-content\/uploads\/sites\/158\/2026\/02\/15-93x132.jpg 93w, https:\/\/etab.ac-reunion.fr\/clg-ravine-des-cabris\/wp-content\/uploads\/sites\/158\/2026\/02\/15.jpg 1414w\" sizes=\"auto, (max-width: 1357px) 100vw, 1357px\" \/><\/figure>\n\n\n\n<figure class=\"wp-block-image size-large\"><img loading=\"lazy\" decoding=\"async\" width=\"1357\" height=\"1920\" data-id=\"4822\" src=\"https:\/\/etab.ac-reunion.fr\/clg-ravine-des-cabris\/wp-content\/uploads\/sites\/158\/2026\/02\/16-1357x1920.jpg\" alt=\"\" class=\"wp-image-4822\" srcset=\"https:\/\/etab.ac-reunion.fr\/clg-ravine-des-cabris\/wp-content\/uploads\/sites\/158\/2026\/02\/16-1357x1920.jpg 1357w, https:\/\/etab.ac-reunion.fr\/clg-ravine-des-cabris\/wp-content\/uploads\/sites\/158\/2026\/02\/16-424x600.jpg 424w, https:\/\/etab.ac-reunion.fr\/clg-ravine-des-cabris\/wp-content\/uploads\/sites\/158\/2026\/02\/16-768x1086.jpg 768w, https:\/\/etab.ac-reunion.fr\/clg-ravine-des-cabris\/wp-content\/uploads\/sites\/158\/2026\/02\/16-1086x1536.jpg 1086w, https:\/\/etab.ac-reunion.fr\/clg-ravine-des-cabris\/wp-content\/uploads\/sites\/158\/2026\/02\/16-93x132.jpg 93w, https:\/\/etab.ac-reunion.fr\/clg-ravine-des-cabris\/wp-content\/uploads\/sites\/158\/2026\/02\/16.jpg 1414w\" sizes=\"auto, (max-width: 1357px) 100vw, 1357px\" \/><\/figure>\n\n\n\n<figure class=\"wp-block-image size-large\"><img loading=\"lazy\" decoding=\"async\" width=\"1357\" height=\"1920\" data-id=\"4823\" src=\"https:\/\/etab.ac-reunion.fr\/clg-ravine-des-cabris\/wp-content\/uploads\/sites\/158\/2026\/02\/17-1357x1920.jpg\" alt=\"\" class=\"wp-image-4823\" srcset=\"https:\/\/etab.ac-reunion.fr\/clg-ravine-des-cabris\/wp-content\/uploads\/sites\/158\/2026\/02\/17-1357x1920.jpg 1357w, https:\/\/etab.ac-reunion.fr\/clg-ravine-des-cabris\/wp-content\/uploads\/sites\/158\/2026\/02\/17-424x600.jpg 424w, https:\/\/etab.ac-reunion.fr\/clg-ravine-des-cabris\/wp-content\/uploads\/sites\/158\/2026\/02\/17-768x1086.jpg 768w, https:\/\/etab.ac-reunion.fr\/clg-ravine-des-cabris\/wp-content\/uploads\/sites\/158\/2026\/02\/17-1086x1536.jpg 1086w, https:\/\/etab.ac-reunion.fr\/clg-ravine-des-cabris\/wp-content\/uploads\/sites\/158\/2026\/02\/17-93x132.jpg 93w, https:\/\/etab.ac-reunion.fr\/clg-ravine-des-cabris\/wp-content\/uploads\/sites\/158\/2026\/02\/17.jpg 1414w\" sizes=\"auto, (max-width: 1357px) 100vw, 1357px\" \/><\/figure>\n\n\n\n<figure class=\"wp-block-image size-large\"><img loading=\"lazy\" decoding=\"async\" width=\"1357\" height=\"1920\" data-id=\"4824\" src=\"https:\/\/etab.ac-reunion.fr\/clg-ravine-des-cabris\/wp-content\/uploads\/sites\/158\/2026\/02\/18-1357x1920.jpg\" alt=\"\" class=\"wp-image-4824\" srcset=\"https:\/\/etab.ac-reunion.fr\/clg-ravine-des-cabris\/wp-content\/uploads\/sites\/158\/2026\/02\/18-1357x1920.jpg 1357w, https:\/\/etab.ac-reunion.fr\/clg-ravine-des-cabris\/wp-content\/uploads\/sites\/158\/2026\/02\/18-424x600.jpg 424w, https:\/\/etab.ac-reunion.fr\/clg-ravine-des-cabris\/wp-content\/uploads\/sites\/158\/2026\/02\/18-768x1086.jpg 768w, https:\/\/etab.ac-reunion.fr\/clg-ravine-des-cabris\/wp-content\/uploads\/sites\/158\/2026\/02\/18-1086x1536.jpg 1086w, https:\/\/etab.ac-reunion.fr\/clg-ravine-des-cabris\/wp-content\/uploads\/sites\/158\/2026\/02\/18-93x132.jpg 93w, https:\/\/etab.ac-reunion.fr\/clg-ravine-des-cabris\/wp-content\/uploads\/sites\/158\/2026\/02\/18.jpg 1414w\" sizes=\"auto, (max-width: 1357px) 100vw, 1357px\" \/><\/figure>\n\n\n\n<figure class=\"wp-block-image size-large\"><img loading=\"lazy\" decoding=\"async\" width=\"1357\" height=\"1920\" data-id=\"4825\" src=\"https:\/\/etab.ac-reunion.fr\/clg-ravine-des-cabris\/wp-content\/uploads\/sites\/158\/2026\/02\/19-1357x1920.jpg\" alt=\"\" class=\"wp-image-4825\" srcset=\"https:\/\/etab.ac-reunion.fr\/clg-ravine-des-cabris\/wp-content\/uploads\/sites\/158\/2026\/02\/19-1357x1920.jpg 1357w, https:\/\/etab.ac-reunion.fr\/clg-ravine-des-cabris\/wp-content\/uploads\/sites\/158\/2026\/02\/19-424x600.jpg 424w, https:\/\/etab.ac-reunion.fr\/clg-ravine-des-cabris\/wp-content\/uploads\/sites\/158\/2026\/02\/19-768x1086.jpg 768w, https:\/\/etab.ac-reunion.fr\/clg-ravine-des-cabris\/wp-content\/uploads\/sites\/158\/2026\/02\/19-1086x1536.jpg 1086w, https:\/\/etab.ac-reunion.fr\/clg-ravine-des-cabris\/wp-content\/uploads\/sites\/158\/2026\/02\/19-93x132.jpg 93w, https:\/\/etab.ac-reunion.fr\/clg-ravine-des-cabris\/wp-content\/uploads\/sites\/158\/2026\/02\/19.jpg 1414w\" sizes=\"auto, (max-width: 1357px) 100vw, 1357px\" \/><\/figure>\n<\/figure>\n","protected":false},"excerpt":{"rendered":"","protected":false},"author":28090,"featured_media":4873,"comment_status":"closed","ping_status":"closed","sticky":false,"template":"","format":"standard","meta":{"footnotes":"","_links_to":"","_links_to_target":""},"categories":[70,17,18,54],"tags":[],"class_list":["post-4805","post","type-post","status-publish","format-standard","has-post-thumbnail","hentry","category-a-la-une","category-francais-latin","category-histoire-geographie-emc","category-parcours-citoyen"],"_links":{"self":[{"href":"https:\/\/etab.ac-reunion.fr\/clg-ravine-des-cabris\/wp-json\/wp\/v2\/posts\/4805","targetHints":{"allow":["GET"]}}],"collection":[{"href":"https:\/\/etab.ac-reunion.fr\/clg-ravine-des-cabris\/wp-json\/wp\/v2\/posts"}],"about":[{"href":"https:\/\/etab.ac-reunion.fr\/clg-ravine-des-cabris\/wp-json\/wp\/v2\/types\/post"}],"author":[{"embeddable":true,"href":"https:\/\/etab.ac-reunion.fr\/clg-ravine-des-cabris\/wp-json\/wp\/v2\/users\/28090"}],"replies":[{"embeddable":true,"href":"https:\/\/etab.ac-reunion.fr\/clg-ravine-des-cabris\/wp-json\/wp\/v2\/comments?post=4805"}],"version-history":[{"count":5,"href":"https:\/\/etab.ac-reunion.fr\/clg-ravine-des-cabris\/wp-json\/wp\/v2\/posts\/4805\/revisions"}],"predecessor-version":[{"id":4831,"href":"https:\/\/etab.ac-reunion.fr\/clg-ravine-des-cabris\/wp-json\/wp\/v2\/posts\/4805\/revisions\/4831"}],"wp:featuredmedia":[{"embeddable":true,"href":"https:\/\/etab.ac-reunion.fr\/clg-ravine-des-cabris\/wp-json\/wp\/v2\/media\/4873"}],"wp:attachment":[{"href":"https:\/\/etab.ac-reunion.fr\/clg-ravine-des-cabris\/wp-json\/wp\/v2\/media?parent=4805"}],"wp:term":[{"taxonomy":"category","embeddable":true,"href":"https:\/\/etab.ac-reunion.fr\/clg-ravine-des-cabris\/wp-json\/wp\/v2\/categories?post=4805"},{"taxonomy":"post_tag","embeddable":true,"href":"https:\/\/etab.ac-reunion.fr\/clg-ravine-des-cabris\/wp-json\/wp\/v2\/tags?post=4805"}],"curies":[{"name":"wp","href":"https:\/\/api.w.org\/{rel}","templated":true}]}}