{"id":4931,"date":"2026-03-27T15:12:02","date_gmt":"2026-03-27T14:12:02","guid":{"rendered":"https:\/\/etab.ac-reunion.fr\/clg-ravine-des-cabris\/?p=4931"},"modified":"2026-03-27T15:19:35","modified_gmt":"2026-03-27T14:19:35","slug":"le-mexique-sinvite-au-college","status":"publish","type":"post","link":"https:\/\/etab.ac-reunion.fr\/clg-ravine-des-cabris\/2026\/03\/27\/le-mexique-sinvite-au-college\/","title":{"rendered":"Le Mexique s\u2019invite au coll\u00e8ge !\u00a0"},"content":{"rendered":"\n<blockquote class=\"wp-block-quote is-layout-flow wp-block-quote-is-layout-flow\">\n<p class=\"has-accent-1-color has-text-color has-link-color wp-elements-b29e65fb6a635c084299ea7282f3aa08\">Au cours du premier trimestre, les classes de 5\u00e8 de M. MARTIN RUIZ etMme PICARD ont travaill\u00e9 avec enthousiasme sur la c\u00e9l\u00e8bre f\u00eate d\u2019<strong>El D\u00eda de los Muertos au Mexique<\/strong>.<\/p>\n<\/blockquote>\n\n\n\n<h2 class=\"wp-block-heading has-text-align-center has-large-font-size\"><strong>Une tradition haute en couleurs<\/strong><\/h2>\n\n\n\n<p class=\"has-sitebg-color has-cool-to-warm-spectrum-gradient-background has-text-color has-background has-link-color wp-elements-9a53c0bc2647520c09148fcdb927adb0\"><strong>Loin de la tristesse, cette f\u00eate embl\u00e9matique du Mexique, class\u00e9e au patrimoine culturel immat\u00e9riel de l\u2019humanit\u00e9 par l&rsquo;UNESCO depuis 2008, est un moment de joie et de partage o\u00f9 l\u2019humour et la f\u00eate dans les maisons et dans les rues sont tr\u00e8s pr\u00e9sents. C&rsquo;est l&rsquo;occasion de c\u00e9l\u00e9brer le souvenir des d\u00e9funts et de pr\u00e9parer&nbsp;des autels d\u00e9cor\u00e9s de&nbsp;:<\/strong><\/p>\n\n\n\n<p class=\"has-sitebg-color has-cool-to-warm-spectrum-gradient-background has-text-color has-background has-link-color wp-elements-64680f2b35b7679b52bdcef339bafd7e\">&#8211;&nbsp;&nbsp;&nbsp;&nbsp;&nbsp;&nbsp;&nbsp;<strong>&nbsp;&nbsp;Flores de Cempas\u00fachil&nbsp;: roses d&rsquo;Inde&nbsp;<\/strong><\/p>\n\n\n\n<p class=\"has-sitebg-color has-cool-to-warm-spectrum-gradient-background has-text-color has-background has-link-color wp-elements-48d8a469ffc93003388d4c5e84e235f6\">&#8211;&nbsp;&nbsp;&nbsp;&nbsp;&nbsp;&nbsp;<strong>&nbsp;&nbsp;&nbsp;Calaveritas : ces c\u00e9l\u00e8bres t\u00eates de mort color\u00e9es, souvent en sucre (on les mange !)<\/strong><\/p>\n\n\n\n<p class=\"has-sitebg-color has-cool-to-warm-spectrum-gradient-background has-text-color has-background has-link-color wp-elements-769b8549d44eadb5e335191dd514126d\">&#8211;&nbsp;&nbsp;&nbsp;&nbsp;&nbsp;&nbsp;<strong>&nbsp;&nbsp;&nbsp;Papel picado : des guirlandes de papier d\u00e9coup\u00e9.<\/strong><\/p>\n\n\n\n<p class=\"has-sitebg-color has-cool-to-warm-spectrum-gradient-background has-text-color has-background has-link-color wp-elements-3ae52ef2b37a6acccafbcbce72536714\"><strong>&#8211;&nbsp;&nbsp;&nbsp;&nbsp;&nbsp;&nbsp;&nbsp;&nbsp;&nbsp;Pan de muerto&nbsp;: un pain sucr\u00e9 pour accueillir les d\u00e9funts.<\/strong><\/p>\n\n\n\n<h2 class=\"wp-block-heading has-text-align-center has-large-font-size\"><strong>G\u00e9ographie et Culture<\/strong><\/h2>\n\n\n\n<p class=\"has-accent-1-color has-text-color has-link-color wp-elements-253b0f18f4f4cd455761f67c1c047005\">Ce projet a permis aux \u00e9l\u00e8ves de d\u00e9couvrir le Mexique, sa situation g\u00e9ographique, des personnalit\u00e9s c\u00e9l\u00e8bres r\u00e9elles ou imaginaires comme&nbsp;<strong>la Catrina&nbsp;<\/strong>et&nbsp;<strong>Frida Kahlo<\/strong>.<\/p>\n\n\n\n<h2 class=\"wp-block-heading has-text-align-center has-large-font-size\"><strong>Une exposition au CDI pour la Semaine des Langues<\/strong><\/h2>\n\n\n\n<p class=\"has-sitebg-color has-vivid-cyan-blue-to-vivid-purple-gradient-background has-text-color has-background has-link-color wp-elements-843ec322ce51cfdbc9cbb85b309b18a7\">\u00c0 l&rsquo;occasion de la Semaine des langues, le travail des \u00e9l\u00e8ves a pris vie au c\u0153ur du coll\u00e8ge. Un magnifique autel a \u00e9t\u00e9 install\u00e9 au CDI pour exposer les productions r\u00e9alis\u00e9es durant la s\u00e9quence (affiches, recherches, objets th\u00e9matiques\u2026). La Catrina imagin\u00e9e et habill\u00e9e par les \u00e9l\u00e8ves vous accueille et vous attend nombreux \u00e0 l\u2019entr\u00e9e du CDI !<\/p>\n\n\n\n<blockquote class=\"wp-block-quote is-layout-flow wp-block-quote-is-layout-flow\">\n<p class=\"has-accent-1-color has-text-color has-link-color wp-elements-72fc655c38592782e2fea52e43bd6a8d\"><strong>Le mot des enseignants :<\/strong>&nbsp;\u00ab Nous tenons \u00e0 saluer l&rsquo;engagement exemplaire de tous les \u00e9l\u00e8ves autour de ce projet culturel. Un grand merci tout particulier aux volontaires&nbsp;: <\/p>\n\n\n\n<p class=\"has-accent-1-color has-text-color has-link-color wp-elements-25f02dfd4580fab25bc6e2d2a417ef3c\">\u00b7&nbsp;&nbsp;&nbsp;&nbsp;&nbsp;&nbsp;&nbsp;&nbsp;CERVERA Diane 5\u00e8 Champollion<\/p>\n\n\n\n<p class=\"has-accent-1-color has-text-color has-link-color wp-elements-15cf467eda7407695595ec0c0cf879bd\">\u00b7&nbsp;&nbsp;&nbsp;&nbsp;&nbsp;&nbsp;&nbsp;&nbsp;&nbsp;LUCILLY PAYET Marcelle 5\u00e8 VEIL<\/p>\n\n\n\n<p class=\"has-accent-1-color has-text-color has-link-color wp-elements-68c9ca94850c8f55e09b1924780c8df5\">\u00b7&nbsp;&nbsp;&nbsp;&nbsp;&nbsp;&nbsp;&nbsp;&nbsp;TANETOA Manoani 5\u00e8 Tabarly<\/p>\n\n\n\n<p class=\"has-accent-1-color has-text-color has-link-color wp-elements-e8cacc6a5d12b6fc499436a8357cada4\">\u00b7&nbsp;&nbsp;&nbsp;&nbsp;&nbsp;&nbsp;&nbsp;&nbsp;&nbsp;MA\u00cfNDHOI Rassaoui 5\u00e8 Exup\u00e9ry<\/p>\n\n\n\n<p class=\"has-accent-1-color has-text-color has-link-color wp-elements-ba83175e1c0d9d9682466af3be433876\">\u00b7&nbsp;&nbsp;&nbsp;&nbsp;&nbsp;&nbsp;&nbsp;&nbsp;&nbsp;GALEA Candice 5\u00e8 Moli\u00e8re<\/p>\n\n\n\n<p class=\"has-accent-1-color has-text-color has-link-color wp-elements-bed96cdbbba3dcc3b838b4448207c5ed\">\u00b7&nbsp;&nbsp;&nbsp;&nbsp;&nbsp;&nbsp;&nbsp;&nbsp;&nbsp;SIMON-MARENO Shannone 5\u00e8 Aubrac qui ont donn\u00e9 de leur temps pour aider \u00e0 l&rsquo;installation et \u00e0 la r\u00e9alisation de l&rsquo;autel au CDI, permettant ainsi \u00e0 tout l&rsquo;\u00e9tablissement d&rsquo;en profiter !<\/p>\n\n\n\n<p class=\"has-accent-1-color has-text-color has-link-color wp-elements-5097732ff463fe597721e5cd9c22f2ba\">Et mille mercis \u00e0 Mme PARIENTE Jo\u00eblle, professeure documentaliste, pour avoir accueilli favorablement cette exposition au CDI.&nbsp;\u00bb<\/p>\n<\/blockquote>\n\n\n\n<h2 class=\"wp-block-heading has-text-align-center has-large-font-size\"><strong>Le mot des \u00e9l\u00e8ves&nbsp;:<\/strong><\/h2>\n\n\n\n<div class=\"wp-block-media-text is-stacked-on-mobile\"><figure class=\"wp-block-media-text__media\"><img loading=\"lazy\" decoding=\"async\" width=\"640\" height=\"360\" src=\"https:\/\/etab.ac-reunion.fr\/clg-ravine-des-cabris\/wp-content\/uploads\/sites\/158\/2026\/03\/Dia_De_Muertos_Refresh_2.webp\" alt=\"\" class=\"wp-image-4932 size-full\" srcset=\"https:\/\/etab.ac-reunion.fr\/clg-ravine-des-cabris\/wp-content\/uploads\/sites\/158\/2026\/03\/Dia_De_Muertos_Refresh_2.webp 640w, https:\/\/etab.ac-reunion.fr\/clg-ravine-des-cabris\/wp-content\/uploads\/sites\/158\/2026\/03\/Dia_De_Muertos_Refresh_2-235x132.webp 235w\" sizes=\"auto, (max-width: 640px) 100vw, 640px\" \/><\/figure><div class=\"wp-block-media-text__content\">\n<p class=\"has-sitebg-color has-accent-1-background-color has-text-color has-background has-link-color wp-elements-25570d3ae4c551ef856057071328e06a\">\u00b7&nbsp;<em>\u00ab&nbsp;Cette s\u00e9quence m\u2019a appris beaucoup de choses \u00e0 propos du \u00ab&nbsp;D\u00eda de los Muertos&nbsp;\u00bb car dans certains pays, les cultures ne sont pas les m\u00eames. J\u2019ai trouv\u00e9 cette s\u00e9quence festive&nbsp;\u00bb (VOLIA No\u00e9mie, 5\u00e8 Veil)<\/em><\/p>\n\n\n\n<p class=\"has-text-align-left has-sitebg-color has-accent-1-background-color has-text-color has-background has-link-color wp-elements-8295c886024fdbd85d9958dd321969e3\">\u00b7&nbsp;<em>\u00ab&nbsp;Cette s\u00e9quence m\u2019a beaucoup et extr\u00eamement plu car \u00e7a nous a beaucoup apport\u00e9 en connaissances sur \u00ab&nbsp;El D\u00eda de los Muertos&nbsp;\u00bb. On a pu apprendre une nouvelle culture et maintenant, on est plus cultiv\u00e9s gr\u00e2ce \u00e0 cette s\u00e9quence magnifique. Merci pour cette s\u00e9quence, Mme Picard, c\u2019\u00e9tait vraiment incroyable&nbsp;!&nbsp;\u00bb (L\u00e9nah LOUGOUMAH\u00c9, 5\u00e8 Veil)&nbsp;<\/em><\/p>\n<\/div><\/div>\n\n\n\n<div class=\"wp-block-media-text is-stacked-on-mobile\"><figure class=\"wp-block-media-text__media\"><img loading=\"lazy\" decoding=\"async\" width=\"800\" height=\"546\" src=\"https:\/\/etab.ac-reunion.fr\/clg-ravine-des-cabris\/wp-content\/uploads\/sites\/158\/2026\/03\/Day-of-The-Dead-Halloween-Background-Dance-Party-Fiesta-Skull-Backdrop-Dia-DE-Los-Muertos-Birthday_1_800x.webp\" alt=\"\" class=\"wp-image-4933 size-full\" srcset=\"https:\/\/etab.ac-reunion.fr\/clg-ravine-des-cabris\/wp-content\/uploads\/sites\/158\/2026\/03\/Day-of-The-Dead-Halloween-Background-Dance-Party-Fiesta-Skull-Backdrop-Dia-DE-Los-Muertos-Birthday_1_800x.webp 800w, https:\/\/etab.ac-reunion.fr\/clg-ravine-des-cabris\/wp-content\/uploads\/sites\/158\/2026\/03\/Day-of-The-Dead-Halloween-Background-Dance-Party-Fiesta-Skull-Backdrop-Dia-DE-Los-Muertos-Birthday_1_800x-768x524.webp 768w, https:\/\/etab.ac-reunion.fr\/clg-ravine-des-cabris\/wp-content\/uploads\/sites\/158\/2026\/03\/Day-of-The-Dead-Halloween-Background-Dance-Party-Fiesta-Skull-Backdrop-Dia-DE-Los-Muertos-Birthday_1_800x-193x132.webp 193w\" sizes=\"auto, (max-width: 800px) 100vw, 800px\" \/><\/figure><div class=\"wp-block-media-text__content\">\n<p class=\"has-sitebg-color has-accent-1-background-color has-text-color has-background has-link-color wp-elements-9df120b2e6aeb086a599b9d83e47d03d\">\u00b7&nbsp;<em>\u00ab&nbsp;J\u2019ai trouv\u00e9 cette s\u00e9quence super car j\u2019ai appris plein de choses sur le Mexique et sa culture . On a appris aussi plusieurs choses sur Frida Kahlo.&nbsp;[\u2026]\u00bb ( Rassaoui&nbsp;<\/em>MA\u00cfNDHOI, 5\u00e8 Exup\u00e9ry)<\/p>\n\n\n\n<p class=\"has-sitebg-color has-accent-1-background-color has-text-color has-background has-link-color wp-elements-e0683c99aa20908f381e9a2098965cc7\">\u00b7&nbsp;<em>\u00ab&nbsp;J\u2019ai trouv\u00e9 cette s\u00e9quence super sympa, \u00e7a nous a permis de d\u00e9couvrir une autre culture&nbsp;[\u2026] On a appris beaucoup de choses sur le Mexique , sur el d\u00eda de los muertos ( une f\u00eate mexicaine), on a appris \u00e0 faire du papel picado , on a vu qui \u00e9tait la Catrina ( une femme mexicaine qui repr\u00e9sente la mort) . En tout cas, j\u2019ai trouv\u00e9 \u00e7a super g\u00e9nial&nbsp;!&nbsp;\u00bb ( Irchade RADJABOU,5\u00e8 SAND)<\/em><\/p>\n<\/div><\/div>\n\n\n\n<div class=\"wp-block-media-text is-stacked-on-mobile\"><figure class=\"wp-block-media-text__media\"><img loading=\"lazy\" decoding=\"async\" width=\"996\" height=\"1320\" src=\"https:\/\/etab.ac-reunion.fr\/clg-ravine-des-cabris\/wp-content\/uploads\/sites\/158\/2026\/03\/Capture-decran-2026-03-27-a-18.17.45.png\" alt=\"\" class=\"wp-image-4950 size-full\" srcset=\"https:\/\/etab.ac-reunion.fr\/clg-ravine-des-cabris\/wp-content\/uploads\/sites\/158\/2026\/03\/Capture-decran-2026-03-27-a-18.17.45.png 996w, https:\/\/etab.ac-reunion.fr\/clg-ravine-des-cabris\/wp-content\/uploads\/sites\/158\/2026\/03\/Capture-decran-2026-03-27-a-18.17.45-453x600.png 453w, https:\/\/etab.ac-reunion.fr\/clg-ravine-des-cabris\/wp-content\/uploads\/sites\/158\/2026\/03\/Capture-decran-2026-03-27-a-18.17.45-768x1018.png 768w, https:\/\/etab.ac-reunion.fr\/clg-ravine-des-cabris\/wp-content\/uploads\/sites\/158\/2026\/03\/Capture-decran-2026-03-27-a-18.17.45-100x132.png 100w\" sizes=\"auto, (max-width: 996px) 100vw, 996px\" \/><\/figure><div class=\"wp-block-media-text__content\">\n<p class=\"has-sitebg-color has-accent-1-background-color has-text-color has-background has-link-color has-large-font-size wp-elements-66c71f637a31923b578b061c19cd5ed1\">\u00b7&nbsp;<em>\u00ab&nbsp;J\u2019ai trouv\u00e9 cette s\u00e9quence int\u00e9ressante. On a appris des choses sur le Mexique, la culture. J\u2019ai appris que pendant la f\u00eate des morts, les mexicains font la f\u00eate[\u2026]Je trouve leur hommage aux morts g\u00e9nial[\u2026]. C\u2019\u00e9tait une s\u00e9quence passionnante.&nbsp;\u00bb ( Lor\u00e9na PITOU,5\u00e8 EXUPERY)<\/em><\/p>\n\n\n\n<p class=\"has-sitebg-color has-accent-1-background-color has-text-color has-background has-link-color has-large-font-size wp-elements-af8d613faefc37b7ea2d77080fe8889c\">\u00b7&nbsp;<em>\u00ab&nbsp;J\u2019ai ador\u00e9 faire cet autel au CDI car c\u2019\u00e9tait amusant et en m\u00eame temps instructif. En lisant les affiches des autres classes et m\u00eame celles de ma classe j\u2019ai appris beaucoup de choses.&nbsp;\u00bb( Diane CERVERA,5\u00e8 Champollion)<\/em><\/p>\n<\/div><\/div>\n\n\n\n<figure class=\"wp-block-gallery has-nested-images columns-default is-cropped wp-block-gallery-1 is-layout-flex wp-block-gallery-is-layout-flex\">\n<figure class=\"wp-block-image size-large\"><img loading=\"lazy\" decoding=\"async\" width=\"1496\" height=\"1496\" data-id=\"4938\" src=\"https:\/\/etab.ac-reunion.fr\/clg-ravine-des-cabris\/wp-content\/uploads\/sites\/158\/2026\/03\/PHOTO-2026-03-27-16-42-28-2.jpg\" alt=\"\" class=\"wp-image-4938\" srcset=\"https:\/\/etab.ac-reunion.fr\/clg-ravine-des-cabris\/wp-content\/uploads\/sites\/158\/2026\/03\/PHOTO-2026-03-27-16-42-28-2.jpg 1496w, https:\/\/etab.ac-reunion.fr\/clg-ravine-des-cabris\/wp-content\/uploads\/sites\/158\/2026\/03\/PHOTO-2026-03-27-16-42-28-2-600x600.jpg 600w, https:\/\/etab.ac-reunion.fr\/clg-ravine-des-cabris\/wp-content\/uploads\/sites\/158\/2026\/03\/PHOTO-2026-03-27-16-42-28-2-150x150.jpg 150w, https:\/\/etab.ac-reunion.fr\/clg-ravine-des-cabris\/wp-content\/uploads\/sites\/158\/2026\/03\/PHOTO-2026-03-27-16-42-28-2-768x768.jpg 768w, https:\/\/etab.ac-reunion.fr\/clg-ravine-des-cabris\/wp-content\/uploads\/sites\/158\/2026\/03\/PHOTO-2026-03-27-16-42-28-2-132x132.jpg 132w\" sizes=\"auto, (max-width: 1496px) 100vw, 1496px\" \/><\/figure>\n\n\n\n<figure class=\"wp-block-image size-large\"><img loading=\"lazy\" decoding=\"async\" width=\"1496\" height=\"1496\" data-id=\"4939\" src=\"https:\/\/etab.ac-reunion.fr\/clg-ravine-des-cabris\/wp-content\/uploads\/sites\/158\/2026\/03\/PHOTO-2026-03-27-16-42-28.jpg\" alt=\"\" class=\"wp-image-4939\" srcset=\"https:\/\/etab.ac-reunion.fr\/clg-ravine-des-cabris\/wp-content\/uploads\/sites\/158\/2026\/03\/PHOTO-2026-03-27-16-42-28.jpg 1496w, https:\/\/etab.ac-reunion.fr\/clg-ravine-des-cabris\/wp-content\/uploads\/sites\/158\/2026\/03\/PHOTO-2026-03-27-16-42-28-600x600.jpg 600w, https:\/\/etab.ac-reunion.fr\/clg-ravine-des-cabris\/wp-content\/uploads\/sites\/158\/2026\/03\/PHOTO-2026-03-27-16-42-28-150x150.jpg 150w, https:\/\/etab.ac-reunion.fr\/clg-ravine-des-cabris\/wp-content\/uploads\/sites\/158\/2026\/03\/PHOTO-2026-03-27-16-42-28-768x768.jpg 768w, https:\/\/etab.ac-reunion.fr\/clg-ravine-des-cabris\/wp-content\/uploads\/sites\/158\/2026\/03\/PHOTO-2026-03-27-16-42-28-132x132.jpg 132w\" sizes=\"auto, (max-width: 1496px) 100vw, 1496px\" \/><\/figure>\n\n\n\n<figure class=\"wp-block-image size-large\"><img loading=\"lazy\" decoding=\"async\" width=\"960\" height=\"1280\" data-id=\"4941\" src=\"https:\/\/etab.ac-reunion.fr\/clg-ravine-des-cabris\/wp-content\/uploads\/sites\/158\/2026\/03\/PHOTO-2026-03-27-16-42-29-2.jpg\" alt=\"\" class=\"wp-image-4941\" srcset=\"https:\/\/etab.ac-reunion.fr\/clg-ravine-des-cabris\/wp-content\/uploads\/sites\/158\/2026\/03\/PHOTO-2026-03-27-16-42-29-2.jpg 960w, https:\/\/etab.ac-reunion.fr\/clg-ravine-des-cabris\/wp-content\/uploads\/sites\/158\/2026\/03\/PHOTO-2026-03-27-16-42-29-2-450x600.jpg 450w, https:\/\/etab.ac-reunion.fr\/clg-ravine-des-cabris\/wp-content\/uploads\/sites\/158\/2026\/03\/PHOTO-2026-03-27-16-42-29-2-768x1024.jpg 768w, https:\/\/etab.ac-reunion.fr\/clg-ravine-des-cabris\/wp-content\/uploads\/sites\/158\/2026\/03\/PHOTO-2026-03-27-16-42-29-2-99x132.jpg 99w, https:\/\/etab.ac-reunion.fr\/clg-ravine-des-cabris\/wp-content\/uploads\/sites\/158\/2026\/03\/PHOTO-2026-03-27-16-42-29-2-350x468.jpg 350w\" sizes=\"auto, (max-width: 960px) 100vw, 960px\" \/><\/figure>\n\n\n\n<figure class=\"wp-block-image size-large\"><img loading=\"lazy\" decoding=\"async\" width=\"1280\" height=\"960\" data-id=\"4942\" src=\"https:\/\/etab.ac-reunion.fr\/clg-ravine-des-cabris\/wp-content\/uploads\/sites\/158\/2026\/03\/PHOTO-2026-03-27-16-42-29-3.jpg\" alt=\"\" class=\"wp-image-4942\" srcset=\"https:\/\/etab.ac-reunion.fr\/clg-ravine-des-cabris\/wp-content\/uploads\/sites\/158\/2026\/03\/PHOTO-2026-03-27-16-42-29-3.jpg 1280w, https:\/\/etab.ac-reunion.fr\/clg-ravine-des-cabris\/wp-content\/uploads\/sites\/158\/2026\/03\/PHOTO-2026-03-27-16-42-29-3-800x600.jpg 800w, https:\/\/etab.ac-reunion.fr\/clg-ravine-des-cabris\/wp-content\/uploads\/sites\/158\/2026\/03\/PHOTO-2026-03-27-16-42-29-3-768x576.jpg 768w, https:\/\/etab.ac-reunion.fr\/clg-ravine-des-cabris\/wp-content\/uploads\/sites\/158\/2026\/03\/PHOTO-2026-03-27-16-42-29-3-176x132.jpg 176w\" sizes=\"auto, (max-width: 1280px) 100vw, 1280px\" \/><\/figure>\n\n\n\n<figure class=\"wp-block-image size-large\"><img loading=\"lazy\" decoding=\"async\" width=\"1280\" height=\"960\" data-id=\"4940\" src=\"https:\/\/etab.ac-reunion.fr\/clg-ravine-des-cabris\/wp-content\/uploads\/sites\/158\/2026\/03\/PHOTO-2026-03-27-16-42-29-4.jpg\" alt=\"\" class=\"wp-image-4940\" srcset=\"https:\/\/etab.ac-reunion.fr\/clg-ravine-des-cabris\/wp-content\/uploads\/sites\/158\/2026\/03\/PHOTO-2026-03-27-16-42-29-4.jpg 1280w, https:\/\/etab.ac-reunion.fr\/clg-ravine-des-cabris\/wp-content\/uploads\/sites\/158\/2026\/03\/PHOTO-2026-03-27-16-42-29-4-800x600.jpg 800w, https:\/\/etab.ac-reunion.fr\/clg-ravine-des-cabris\/wp-content\/uploads\/sites\/158\/2026\/03\/PHOTO-2026-03-27-16-42-29-4-768x576.jpg 768w, https:\/\/etab.ac-reunion.fr\/clg-ravine-des-cabris\/wp-content\/uploads\/sites\/158\/2026\/03\/PHOTO-2026-03-27-16-42-29-4-176x132.jpg 176w\" sizes=\"auto, (max-width: 1280px) 100vw, 1280px\" \/><\/figure>\n\n\n\n<figure class=\"wp-block-image size-large\"><img loading=\"lazy\" decoding=\"async\" width=\"1280\" height=\"960\" data-id=\"4943\" src=\"https:\/\/etab.ac-reunion.fr\/clg-ravine-des-cabris\/wp-content\/uploads\/sites\/158\/2026\/03\/PHOTO-2026-03-27-16-42-29.jpg\" alt=\"\" class=\"wp-image-4943\" srcset=\"https:\/\/etab.ac-reunion.fr\/clg-ravine-des-cabris\/wp-content\/uploads\/sites\/158\/2026\/03\/PHOTO-2026-03-27-16-42-29.jpg 1280w, https:\/\/etab.ac-reunion.fr\/clg-ravine-des-cabris\/wp-content\/uploads\/sites\/158\/2026\/03\/PHOTO-2026-03-27-16-42-29-800x600.jpg 800w, https:\/\/etab.ac-reunion.fr\/clg-ravine-des-cabris\/wp-content\/uploads\/sites\/158\/2026\/03\/PHOTO-2026-03-27-16-42-29-768x576.jpg 768w, https:\/\/etab.ac-reunion.fr\/clg-ravine-des-cabris\/wp-content\/uploads\/sites\/158\/2026\/03\/PHOTO-2026-03-27-16-42-29-176x132.jpg 176w\" sizes=\"auto, (max-width: 1280px) 100vw, 1280px\" \/><\/figure>\n<\/figure>\n","protected":false},"excerpt":{"rendered":"","protected":false},"author":28090,"featured_media":4945,"comment_status":"closed","ping_status":"closed","sticky":false,"template":"","format":"standard","meta":{"footnotes":"","_links_to":"","_links_to_target":""},"categories":[70,16,55],"tags":[],"class_list":["post-4931","post","type-post","status-publish","format-standard","has-post-thumbnail","hentry","category-a-la-une","category-espagnol","category-parcours-deducation-artistique-et-culturelle"],"_links":{"self":[{"href":"https:\/\/etab.ac-reunion.fr\/clg-ravine-des-cabris\/wp-json\/wp\/v2\/posts\/4931","targetHints":{"allow":["GET"]}}],"collection":[{"href":"https:\/\/etab.ac-reunion.fr\/clg-ravine-des-cabris\/wp-json\/wp\/v2\/posts"}],"about":[{"href":"https:\/\/etab.ac-reunion.fr\/clg-ravine-des-cabris\/wp-json\/wp\/v2\/types\/post"}],"author":[{"embeddable":true,"href":"https:\/\/etab.ac-reunion.fr\/clg-ravine-des-cabris\/wp-json\/wp\/v2\/users\/28090"}],"replies":[{"embeddable":true,"href":"https:\/\/etab.ac-reunion.fr\/clg-ravine-des-cabris\/wp-json\/wp\/v2\/comments?post=4931"}],"version-history":[{"count":9,"href":"https:\/\/etab.ac-reunion.fr\/clg-ravine-des-cabris\/wp-json\/wp\/v2\/posts\/4931\/revisions"}],"predecessor-version":[{"id":4951,"href":"https:\/\/etab.ac-reunion.fr\/clg-ravine-des-cabris\/wp-json\/wp\/v2\/posts\/4931\/revisions\/4951"}],"wp:featuredmedia":[{"embeddable":true,"href":"https:\/\/etab.ac-reunion.fr\/clg-ravine-des-cabris\/wp-json\/wp\/v2\/media\/4945"}],"wp:attachment":[{"href":"https:\/\/etab.ac-reunion.fr\/clg-ravine-des-cabris\/wp-json\/wp\/v2\/media?parent=4931"}],"wp:term":[{"taxonomy":"category","embeddable":true,"href":"https:\/\/etab.ac-reunion.fr\/clg-ravine-des-cabris\/wp-json\/wp\/v2\/categories?post=4931"},{"taxonomy":"post_tag","embeddable":true,"href":"https:\/\/etab.ac-reunion.fr\/clg-ravine-des-cabris\/wp-json\/wp\/v2\/tags?post=4931"}],"curies":[{"name":"wp","href":"https:\/\/api.w.org\/{rel}","templated":true}]}}