{"id":4952,"date":"2026-04-03T20:35:51","date_gmt":"2026-04-03T18:35:51","guid":{"rendered":"https:\/\/etab.ac-reunion.fr\/clg-ravine-des-cabris\/?p=4952"},"modified":"2026-04-03T20:35:51","modified_gmt":"2026-04-03T18:35:51","slug":"sortie-a-la-station-depuration","status":"publish","type":"post","link":"https:\/\/etab.ac-reunion.fr\/clg-ravine-des-cabris\/2026\/04\/03\/sortie-a-la-station-depuration\/","title":{"rendered":"Sortie \u00e0 la station d&rsquo;\u00e9puration"},"content":{"rendered":"\n<p class=\"has-headings-color has-text-color has-link-color wp-elements-fb7a15de3691949d90f3ec7fb2488cfb\"><strong><em>Ma sortie scolaire \u00e0 la station d\u2019\u00e9puration.<\/em><\/strong><\/p>\n\n\n\n<p class=\"has-headings-color has-text-color has-link-color wp-elements-3d91db61d2ee054424bd2206f3ef790e\"><strong>Quand\u00a0?<\/strong><\/p>\n\n\n\n<p class=\"has-headings-color has-text-color has-link-color wp-elements-a5b5a734de8e1775f967ed2add1e279a\">Jeudi dernier, nous avons participer \u00e0 une sortie scolaire organis\u00e9e par nos professeurs. Cette sortie nous a permis de d\u00e9couvrir un lieu important et d\u2019apprendre de nouvelles choses.<\/p>\n\n\n\n<p class=\"has-headings-color has-text-color has-link-color wp-elements-9675af84d00fb14299d73e6ce164763d\"><strong>O\u00f9 ?<\/strong><\/p>\n\n\n\n<p class=\"has-headings-color has-text-color has-link-color wp-elements-e2dc43ebc47d28cdc2d532509da59d90\">Cette sortie \u00e9tait \u00e0 la station d\u2019\u00e9puration de l\u2019\u00c9tang Sal\u00e9 plus pr\u00e9cis\u00e9ment \u00e0 c\u00f4t\u00e9 du croc parc. C\u2019est un endroit essentiel pour le traitement des eaux us\u00e9es avant qu\u2019elles ne soient rejet\u00e9es dans la nature.<\/p>\n\n\n\n<p class=\"has-headings-color has-text-color has-link-color wp-elements-c2f29d507c9493285630017eeb1fbc30\"><strong>Qui ?<\/strong><\/p>\n\n\n\n<p class=\"has-headings-color has-text-color has-link-color wp-elements-6357ac4deb9c2c06b48e3e97ad4d1b67\">Deux classes la 5e Exup\u00e9ry et la 5e Moli\u00e8re nous avons particip\u00e9 \u00e0 cette visite. Nous \u00e9tions accompagn\u00e9s de nos deux professeurs ainsi que deux intervenantes qui travaillent sur le site, il y avait aussi deux adultes qui nous ont accompagn\u00e9s. Elles nous ont guid\u00e9s tout au long de la visite et elles nous ont donn\u00e9s des explications claires et surtout int\u00e9ressantes.<\/p>\n\n\n\n<p class=\"has-headings-color has-text-color has-link-color wp-elements-b6ecac7d9d51f17dc45af3fb077bc185\"><strong>Quoi ?<\/strong><\/p>\n\n\n\n<p class=\"has-headings-color has-text-color has-link-color wp-elements-a2dccc642bd7434d2ff5e3fbd67e8838\">Nous avons visit\u00e9 la station d\u2019\u00e9puration et d\u00e9couvert le parcours de l\u2019eau us\u00e9es depuis son arriv\u00e9e jusqu\u2019\u00e0 son nettoyage. Les intervenantes nous ont expliqu\u00e9 les diff\u00e9rentes \u00e9tapes du traitement de l\u2019eau comme le filtrage et la purification. Nous avons aussi observ\u00e9 deux gros bassins : dans le premier l\u2019eau \u00e9tait marron avec comme des bulles \u00e0 la surface, ce qui montrait qu\u2019elle \u00e9tait encore tr\u00e8s sale.<\/p>\n\n\n\n<p class=\"has-headings-color has-text-color has-link-color wp-elements-5d41334ed28d8f45654ea1539c6745fb\">Dans le deuxi\u00e8me bassin : l\u2019eau \u00e9tait beaucoup plus claire ce qui montrait qu\u2019elle avait d\u00e9j\u00e0 subi des \u00e9tapes de nettoyage. Nous avons vu des machines utilis\u00e9es pour traiter l\u2019eau. Un moment un peu marquant de la visite c\u2019\u00e9tait qu\u2019on \u00e0 d\u00e9couvert de la boue s\u00e9ch\u00e9e du traitement des eaux us\u00e9es, l\u2019odeur \u00e9tait tr\u00e8s forte et d\u00e9sagr\u00e9able ce qui nous a un peu surpris.<\/p>\n\n\n\n<p class=\"has-headings-color has-text-color has-link-color wp-elements-e7055bdd898fd8bd6ac95d0ca0241dba\"><strong>Pourquoi ?<\/strong><\/p>\n\n\n\n<p class=\"has-headings-color has-text-color has-link-color wp-elements-9386efadf6bf98805a85e2f4196a858e\">Cette sortie \u00e9tait pour nous faire comprendre le fonctionnement d\u2019une station d\u2019\u00e9puration et de l\u2019importance du traitement des eaux us\u00e9es. Elle nous a aussi permis de voir comment l\u2019eau est nettoy\u00e9e avant d\u2019\u00eatre rejet\u00e9e dans la nature. C\u2019est pour prot\u00e9ger l\u2019environnement, \u00e9viter la pollution et pr\u00e9server la quantit\u00e9 d\u2019eau. Gr\u00e2ce \u00e0 cette visite nous avons pris conscience de l\u2019importante de faire attention \u00e0 notre consommation d\u2019eau.<\/p>\n\n\n\n<p class=\"has-headings-color has-text-color has-link-color wp-elements-47602d7935696aefe1d21bbc5dae764e\">De Shailandra Ramachara, le 2026-04-01 15:03<\/p>\n\n\n\n<figure class=\"wp-block-gallery has-nested-images columns-default is-cropped wp-block-gallery-1 is-layout-flex wp-block-gallery-is-layout-flex\">\n<figure class=\"wp-block-image size-large\"><img loading=\"lazy\" decoding=\"async\" width=\"1279\" height=\"611\" data-id=\"4953\" src=\"https:\/\/etab.ac-reunion.fr\/clg-ravine-des-cabris\/wp-content\/uploads\/sites\/158\/2026\/04\/photo.jpg\" alt=\"\" class=\"wp-image-4953\" srcset=\"https:\/\/etab.ac-reunion.fr\/clg-ravine-des-cabris\/wp-content\/uploads\/sites\/158\/2026\/04\/photo.jpg 1279w, https:\/\/etab.ac-reunion.fr\/clg-ravine-des-cabris\/wp-content\/uploads\/sites\/158\/2026\/04\/photo-800x382.jpg 800w, https:\/\/etab.ac-reunion.fr\/clg-ravine-des-cabris\/wp-content\/uploads\/sites\/158\/2026\/04\/photo-768x367.jpg 768w, https:\/\/etab.ac-reunion.fr\/clg-ravine-des-cabris\/wp-content\/uploads\/sites\/158\/2026\/04\/photo-276x132.jpg 276w\" sizes=\"auto, (max-width: 1279px) 100vw, 1279px\" \/><\/figure>\n\n\n\n<figure class=\"wp-block-image size-large\"><img loading=\"lazy\" decoding=\"async\" width=\"1920\" height=\"1440\" data-id=\"4955\" src=\"https:\/\/etab.ac-reunion.fr\/clg-ravine-des-cabris\/wp-content\/uploads\/sites\/158\/2026\/04\/IMG_20260326_092013-1920x1440.jpg\" alt=\"\" class=\"wp-image-4955\" srcset=\"https:\/\/etab.ac-reunion.fr\/clg-ravine-des-cabris\/wp-content\/uploads\/sites\/158\/2026\/04\/IMG_20260326_092013-1920x1440.jpg 1920w, https:\/\/etab.ac-reunion.fr\/clg-ravine-des-cabris\/wp-content\/uploads\/sites\/158\/2026\/04\/IMG_20260326_092013-800x600.jpg 800w, https:\/\/etab.ac-reunion.fr\/clg-ravine-des-cabris\/wp-content\/uploads\/sites\/158\/2026\/04\/IMG_20260326_092013-768x576.jpg 768w, https:\/\/etab.ac-reunion.fr\/clg-ravine-des-cabris\/wp-content\/uploads\/sites\/158\/2026\/04\/IMG_20260326_092013-1536x1152.jpg 1536w, https:\/\/etab.ac-reunion.fr\/clg-ravine-des-cabris\/wp-content\/uploads\/sites\/158\/2026\/04\/IMG_20260326_092013-2048x1536.jpg 2048w, https:\/\/etab.ac-reunion.fr\/clg-ravine-des-cabris\/wp-content\/uploads\/sites\/158\/2026\/04\/IMG_20260326_092013-176x132.jpg 176w\" sizes=\"auto, (max-width: 1920px) 100vw, 1920px\" \/><\/figure>\n\n\n\n<figure class=\"wp-block-image size-large\"><img loading=\"lazy\" decoding=\"async\" width=\"1920\" height=\"1440\" data-id=\"4954\" src=\"https:\/\/etab.ac-reunion.fr\/clg-ravine-des-cabris\/wp-content\/uploads\/sites\/158\/2026\/04\/IMG_20260326_090721-1920x1440.jpg\" alt=\"\" class=\"wp-image-4954\" srcset=\"https:\/\/etab.ac-reunion.fr\/clg-ravine-des-cabris\/wp-content\/uploads\/sites\/158\/2026\/04\/IMG_20260326_090721-1920x1440.jpg 1920w, https:\/\/etab.ac-reunion.fr\/clg-ravine-des-cabris\/wp-content\/uploads\/sites\/158\/2026\/04\/IMG_20260326_090721-800x600.jpg 800w, https:\/\/etab.ac-reunion.fr\/clg-ravine-des-cabris\/wp-content\/uploads\/sites\/158\/2026\/04\/IMG_20260326_090721-768x576.jpg 768w, https:\/\/etab.ac-reunion.fr\/clg-ravine-des-cabris\/wp-content\/uploads\/sites\/158\/2026\/04\/IMG_20260326_090721-1536x1152.jpg 1536w, https:\/\/etab.ac-reunion.fr\/clg-ravine-des-cabris\/wp-content\/uploads\/sites\/158\/2026\/04\/IMG_20260326_090721-2048x1536.jpg 2048w, https:\/\/etab.ac-reunion.fr\/clg-ravine-des-cabris\/wp-content\/uploads\/sites\/158\/2026\/04\/IMG_20260326_090721-176x132.jpg 176w\" sizes=\"auto, (max-width: 1920px) 100vw, 1920px\" \/><\/figure>\n\n\n\n<figure class=\"wp-block-image size-large\"><img loading=\"lazy\" decoding=\"async\" width=\"1920\" height=\"1440\" data-id=\"4957\" src=\"https:\/\/etab.ac-reunion.fr\/clg-ravine-des-cabris\/wp-content\/uploads\/sites\/158\/2026\/04\/IMG_20260326_085656-1920x1440.jpg\" alt=\"\" class=\"wp-image-4957\" srcset=\"https:\/\/etab.ac-reunion.fr\/clg-ravine-des-cabris\/wp-content\/uploads\/sites\/158\/2026\/04\/IMG_20260326_085656-1920x1440.jpg 1920w, https:\/\/etab.ac-reunion.fr\/clg-ravine-des-cabris\/wp-content\/uploads\/sites\/158\/2026\/04\/IMG_20260326_085656-800x600.jpg 800w, https:\/\/etab.ac-reunion.fr\/clg-ravine-des-cabris\/wp-content\/uploads\/sites\/158\/2026\/04\/IMG_20260326_085656-768x576.jpg 768w, https:\/\/etab.ac-reunion.fr\/clg-ravine-des-cabris\/wp-content\/uploads\/sites\/158\/2026\/04\/IMG_20260326_085656-1536x1152.jpg 1536w, https:\/\/etab.ac-reunion.fr\/clg-ravine-des-cabris\/wp-content\/uploads\/sites\/158\/2026\/04\/IMG_20260326_085656-2048x1536.jpg 2048w, https:\/\/etab.ac-reunion.fr\/clg-ravine-des-cabris\/wp-content\/uploads\/sites\/158\/2026\/04\/IMG_20260326_085656-176x132.jpg 176w\" sizes=\"auto, (max-width: 1920px) 100vw, 1920px\" \/><\/figure>\n\n\n\n<figure class=\"wp-block-image size-large\"><img loading=\"lazy\" decoding=\"async\" width=\"1920\" height=\"1440\" data-id=\"4956\" src=\"https:\/\/etab.ac-reunion.fr\/clg-ravine-des-cabris\/wp-content\/uploads\/sites\/158\/2026\/04\/IMG_20260326_084623-1920x1440.jpg\" alt=\"\" class=\"wp-image-4956\" srcset=\"https:\/\/etab.ac-reunion.fr\/clg-ravine-des-cabris\/wp-content\/uploads\/sites\/158\/2026\/04\/IMG_20260326_084623-1920x1440.jpg 1920w, https:\/\/etab.ac-reunion.fr\/clg-ravine-des-cabris\/wp-content\/uploads\/sites\/158\/2026\/04\/IMG_20260326_084623-800x600.jpg 800w, https:\/\/etab.ac-reunion.fr\/clg-ravine-des-cabris\/wp-content\/uploads\/sites\/158\/2026\/04\/IMG_20260326_084623-768x576.jpg 768w, https:\/\/etab.ac-reunion.fr\/clg-ravine-des-cabris\/wp-content\/uploads\/sites\/158\/2026\/04\/IMG_20260326_084623-1536x1152.jpg 1536w, https:\/\/etab.ac-reunion.fr\/clg-ravine-des-cabris\/wp-content\/uploads\/sites\/158\/2026\/04\/IMG_20260326_084623-2048x1536.jpg 2048w, https:\/\/etab.ac-reunion.fr\/clg-ravine-des-cabris\/wp-content\/uploads\/sites\/158\/2026\/04\/IMG_20260326_084623-176x132.jpg 176w\" sizes=\"auto, (max-width: 1920px) 100vw, 1920px\" \/><\/figure>\n<\/figure>\n","protected":false},"excerpt":{"rendered":"","protected":false},"author":28090,"featured_media":4958,"comment_status":"closed","ping_status":"closed","sticky":false,"template":"","format":"standard","meta":{"footnotes":"","_links_to":"","_links_to_target":""},"categories":[70,18,22],"tags":[],"class_list":["post-4952","post","type-post","status-publish","format-standard","has-post-thumbnail","hentry","category-a-la-une","category-histoire-geographie-emc","category-s-v-t-physique"],"_links":{"self":[{"href":"https:\/\/etab.ac-reunion.fr\/clg-ravine-des-cabris\/wp-json\/wp\/v2\/posts\/4952","targetHints":{"allow":["GET"]}}],"collection":[{"href":"https:\/\/etab.ac-reunion.fr\/clg-ravine-des-cabris\/wp-json\/wp\/v2\/posts"}],"about":[{"href":"https:\/\/etab.ac-reunion.fr\/clg-ravine-des-cabris\/wp-json\/wp\/v2\/types\/post"}],"author":[{"embeddable":true,"href":"https:\/\/etab.ac-reunion.fr\/clg-ravine-des-cabris\/wp-json\/wp\/v2\/users\/28090"}],"replies":[{"embeddable":true,"href":"https:\/\/etab.ac-reunion.fr\/clg-ravine-des-cabris\/wp-json\/wp\/v2\/comments?post=4952"}],"version-history":[{"count":1,"href":"https:\/\/etab.ac-reunion.fr\/clg-ravine-des-cabris\/wp-json\/wp\/v2\/posts\/4952\/revisions"}],"predecessor-version":[{"id":4959,"href":"https:\/\/etab.ac-reunion.fr\/clg-ravine-des-cabris\/wp-json\/wp\/v2\/posts\/4952\/revisions\/4959"}],"wp:featuredmedia":[{"embeddable":true,"href":"https:\/\/etab.ac-reunion.fr\/clg-ravine-des-cabris\/wp-json\/wp\/v2\/media\/4958"}],"wp:attachment":[{"href":"https:\/\/etab.ac-reunion.fr\/clg-ravine-des-cabris\/wp-json\/wp\/v2\/media?parent=4952"}],"wp:term":[{"taxonomy":"category","embeddable":true,"href":"https:\/\/etab.ac-reunion.fr\/clg-ravine-des-cabris\/wp-json\/wp\/v2\/categories?post=4952"},{"taxonomy":"post_tag","embeddable":true,"href":"https:\/\/etab.ac-reunion.fr\/clg-ravine-des-cabris\/wp-json\/wp\/v2\/tags?post=4952"}],"curies":[{"name":"wp","href":"https:\/\/api.w.org\/{rel}","templated":true}]}}