{"id":502,"date":"2019-11-06T10:06:50","date_gmt":"2019-11-06T09:06:50","guid":{"rendered":"http:\/\/college-ravinedescabris-tmp.ac-reunion.fr\/?p=502"},"modified":"2020-11-06T10:07:16","modified_gmt":"2020-11-06T09:07:16","slug":"projet-2000-masques-et-plus","status":"publish","type":"post","link":"https:\/\/etab.ac-reunion.fr\/clg-ravine-des-cabris\/2019\/11\/06\/projet-2000-masques-et-plus\/","title":{"rendered":"Projet 2000 MASQUES et PLUS"},"content":{"rendered":"\n<p>Le 4 novembre dernier la classe de 5\u00e8me Scholl a visit\u00e9 le Lieu d\u2019Art Contemporain Vincent Mengin, cette sortie s\u2019inscrit dans le cadre du parcours artistique et culturel ainsi que dans le jumelage avec le LAC.<\/p>\n\n\n\n<p>La classe a commenc\u00e9 par la visite du jardin de sculptures, avec comme pi\u00e8ce ma\u00eetresse le \u201cRadeau Ring\u201d, \u0153uvre monumentale de Vincent Mengin \u00e0 laquelle deux classes du coll\u00e8ge avaient particip\u00e9 l\u2019an dernier.<\/p>\n\n\n\n<p>Puis deux ateliers \u00e9taient programm\u00e9s :<\/p>\n\n\n\n<p>\u2013 Un atelier de pratique artistique sur la fabrication de masques utilisant des mat\u00e9riaux de r\u00e9cup\u00e9ration<\/p>\n\n\n\n<p>\u2013 Un atelier vid\u00e9o o\u00f9 les \u00e9l\u00e8ves \u00e9taient film\u00e9s sur fond bleu.<\/p>\n\n\n\n<p>Ces productions seront utilis\u00e9es pour la r\u00e9alisation de la s\u00e9rie vid\u00e9o \u201c<strong>2000 Masques et plus<\/strong>\u201d en prolongement de la s\u00e9rie&nbsp;<a href=\"http:\/\/www.palais7portes.com\/spip.php?article77\">\u201c1000 masques\u201d<\/a>&nbsp;initi\u00e9e par les artistes Err\u014d et Vincent Mengin en 2004 et \u00e0 laquelle les \u00e9l\u00e8ves du coll\u00e8ge avaient d\u00e9j\u00e0 particip\u00e9.<\/p>\n\n\n\n<p>La visite au LAC s\u2019est conclue par la d\u00e9couverte de la \u201cChapelle Mengin\u201d \u00e0 la fois \u0153uvre architecturale et sorte de cabinet de curiosit\u00e9s m\u00e9langeant les \u0153uvres de Vincent Mengin et des artistes venus en r\u00e9sidence au LAC depuis sa cr\u00e9ation.<\/p>\n\n\n\n<figure class=\"wp-block-embed-youtube wp-block-embed is-type-video is-provider-youtube wp-embed-aspect-16-9 wp-has-aspect-ratio\"><div class=\"wp-block-embed__wrapper\">\n<iframe loading=\"lazy\" title=\"5\u00b0SCHOLL au LAC\" width=\"1505\" height=\"847\" src=\"https:\/\/www.youtube.com\/embed\/3lu_PlWXpU4?feature=oembed\" frameborder=\"0\" allow=\"accelerometer; autoplay; clipboard-write; encrypted-media; gyroscope; picture-in-picture; web-share\" referrerpolicy=\"strict-origin-when-cross-origin\" allowfullscreen><\/iframe>\n<\/div><\/figure>\n","protected":false},"excerpt":{"rendered":"","protected":false},"author":27941,"featured_media":503,"comment_status":"closed","ping_status":"closed","sticky":false,"template":"","format":"standard","meta":{"footnotes":"","_links_to":"","_links_to_target":""},"categories":[32,33],"tags":[],"class_list":["post-502","post","type-post","status-publish","format-standard","has-post-thumbnail","hentry","category-arts-plastiques","category-jumelage-avec-le-lac"],"_links":{"self":[{"href":"https:\/\/etab.ac-reunion.fr\/clg-ravine-des-cabris\/wp-json\/wp\/v2\/posts\/502","targetHints":{"allow":["GET"]}}],"collection":[{"href":"https:\/\/etab.ac-reunion.fr\/clg-ravine-des-cabris\/wp-json\/wp\/v2\/posts"}],"about":[{"href":"https:\/\/etab.ac-reunion.fr\/clg-ravine-des-cabris\/wp-json\/wp\/v2\/types\/post"}],"author":[{"embeddable":true,"href":"https:\/\/etab.ac-reunion.fr\/clg-ravine-des-cabris\/wp-json\/wp\/v2\/users\/27941"}],"replies":[{"embeddable":true,"href":"https:\/\/etab.ac-reunion.fr\/clg-ravine-des-cabris\/wp-json\/wp\/v2\/comments?post=502"}],"version-history":[{"count":1,"href":"https:\/\/etab.ac-reunion.fr\/clg-ravine-des-cabris\/wp-json\/wp\/v2\/posts\/502\/revisions"}],"predecessor-version":[{"id":504,"href":"https:\/\/etab.ac-reunion.fr\/clg-ravine-des-cabris\/wp-json\/wp\/v2\/posts\/502\/revisions\/504"}],"wp:featuredmedia":[{"embeddable":true,"href":"https:\/\/etab.ac-reunion.fr\/clg-ravine-des-cabris\/wp-json\/wp\/v2\/media\/503"}],"wp:attachment":[{"href":"https:\/\/etab.ac-reunion.fr\/clg-ravine-des-cabris\/wp-json\/wp\/v2\/media?parent=502"}],"wp:term":[{"taxonomy":"category","embeddable":true,"href":"https:\/\/etab.ac-reunion.fr\/clg-ravine-des-cabris\/wp-json\/wp\/v2\/categories?post=502"},{"taxonomy":"post_tag","embeddable":true,"href":"https:\/\/etab.ac-reunion.fr\/clg-ravine-des-cabris\/wp-json\/wp\/v2\/tags?post=502"}],"curies":[{"name":"wp","href":"https:\/\/api.w.org\/{rel}","templated":true}]}}