{"id":580,"date":"2017-04-13T11:29:17","date_gmt":"2017-04-13T09:29:17","guid":{"rendered":"http:\/\/college-ravinedescabris-tmp.ac-reunion.fr\/?p=580"},"modified":"2020-12-16T13:38:47","modified_gmt":"2020-12-16T12:38:47","slug":"echange-realschule-duisburg-hamborn-ii-college-ravine-des-cabris-8-21-mars-2017","status":"publish","type":"post","link":"https:\/\/etab.ac-reunion.fr\/clg-ravine-des-cabris\/2017\/04\/13\/echange-realschule-duisburg-hamborn-ii-college-ravine-des-cabris-8-21-mars-2017\/","title":{"rendered":"Echange Realschule Duisburg Hamborn II \u2013 Coll\u00e8ge Ravine des Cabris (8-21 mars 2017)"},"content":{"rendered":"\n<h3 class=\"wp-block-heading\">Mercredi 8 mars 2017 :<\/h3>\n\n\n\n<div class=\"wp-block-image\"><figure class=\"alignleft size-large\"><img loading=\"lazy\" decoding=\"async\" width=\"150\" height=\"150\" src=\"http:\/\/wpetab.ac-reunion.fr\/ravinedescabris\/wp-content\/uploads\/sites\/158\/2020\/11\/allemand-150x150-1.gif\" alt=\"\" class=\"wp-image-582\" \/><\/figure><\/div>\n\n\n\n<p>\u00ab Nous avons quitt\u00e9 le coll\u00e8ge \u00e0 16h pour nous diriger vers l\u2019a\u00e9roport de Roland Garros \u00e0 Saint Denis. Nous y sommes all\u00e9s en bus. L\u2019\u00e9motion \u00e9tait \u00e0 son comble car nous \u00e9tions \u00e9mus de quitter notre famille, notre \u00eele. J\u2019\u00e9tais pour ma part extr\u00eamement \u00e9mue car c\u2019\u00e9tait la premi\u00e8re fois que je partais en voyage sans ma famille. \u00bb&nbsp;<\/p>\n\n\n\n<p>\u00ab C\u2019est le grand jour ! Le grand d\u00e9part ! Personnellement je n\u2019ai jamais pris l\u2019avion, donc j\u2019avais peur. Mais au final, c\u2019\u00e9tait rigolo ! \u00bb<\/p>\n\n\n\n<div style=\"height:40px\" aria-hidden=\"true\" class=\"wp-block-spacer\"><\/div>\n\n\n\n<h3 class=\"wp-block-heading\">Jeudi 9 mars 2017 :<\/h3>\n\n\n\n<p>\u00ab Nous sommes arriv\u00e9s \u00e0 l\u2019a\u00e9roport de D\u00fcsseldorf, quelques Allemands sont venus pour nous souhaiter la bienvenue dans leur pays. Ils avaient pr\u00e9par\u00e9 une pancarte et des sachets remplis de douceurs, ils ont \u00e9t\u00e9 adorables avec nous. Une \u00e9l\u00e8ve allemande, nomm\u00e9e Caroline nous a raccompagn\u00e9s \u00e0 l\u2019auberge. Pour y arriver, nous avons pris le train, le tram et avons march\u00e9 avec nos valises. Nous sommes enfin arriv\u00e9s \u00e0 l\u2019auberge, \u00e9puis\u00e9s par cette longue journ\u00e9e. Nous avons d\u00e9couvert nos chambres (de 3 \u00e0 6 personnes), nous avons mang\u00e9 et sommes all\u00e9s nous coucher car apr\u00e8s ce long voyage, nous \u00e9tions ext\u00e9nu\u00e9s. \u00bb&nbsp;<\/p>\n\n\n\n<figure class=\"wp-block-gallery columns-7 is-cropped wp-block-gallery-1 is-layout-flex wp-block-gallery-is-layout-flex\"><ul class=\"blocks-gallery-grid\"><li class=\"blocks-gallery-item\"><figure><a href=\"http:\/\/wpetab.ac-reunion.fr\/ravinedescabris\/wp-content\/uploads\/sites\/158\/2020\/11\/Voyage-Allemagne-01.jpg\"><img loading=\"lazy\" decoding=\"async\" width=\"800\" height=\"479\" src=\"http:\/\/wpetab.ac-reunion.fr\/ravinedescabris\/wp-content\/uploads\/sites\/158\/2020\/11\/Voyage-Allemagne-01.jpg\" alt=\"\" data-id=\"585\" data-full-url=\"http:\/\/wpetab.ac-reunion.fr\/ravinedescabris\/wp-content\/uploads\/sites\/158\/2020\/11\/Voyage-Allemagne-01.jpg\" data-link=\"http:\/\/college-ravinedescabris-tmp.ac-reunion.fr\/?attachment_id=585\" class=\"wp-image-585\" srcset=\"https:\/\/etab.ac-reunion.fr\/clg-ravine-des-cabris\/wp-content\/uploads\/sites\/158\/2020\/11\/Voyage-Allemagne-01.jpg 800w, https:\/\/etab.ac-reunion.fr\/clg-ravine-des-cabris\/wp-content\/uploads\/sites\/158\/2020\/11\/Voyage-Allemagne-01-400x240.jpg 400w, https:\/\/etab.ac-reunion.fr\/clg-ravine-des-cabris\/wp-content\/uploads\/sites\/158\/2020\/11\/Voyage-Allemagne-01-768x460.jpg 768w, https:\/\/etab.ac-reunion.fr\/clg-ravine-des-cabris\/wp-content\/uploads\/sites\/158\/2020\/11\/Voyage-Allemagne-01-220x132.jpg 220w\" sizes=\"auto, (max-width: 800px) 100vw, 800px\" \/><\/a><\/figure><\/li><li class=\"blocks-gallery-item\"><figure><a href=\"http:\/\/wpetab.ac-reunion.fr\/ravinedescabris\/wp-content\/uploads\/sites\/158\/2020\/11\/Voyage-Allemagne-02.jpg\"><img loading=\"lazy\" decoding=\"async\" width=\"376\" height=\"600\" src=\"http:\/\/wpetab.ac-reunion.fr\/ravinedescabris\/wp-content\/uploads\/sites\/158\/2020\/11\/Voyage-Allemagne-02.jpg\" alt=\"\" data-id=\"586\" data-full-url=\"http:\/\/wpetab.ac-reunion.fr\/ravinedescabris\/wp-content\/uploads\/sites\/158\/2020\/11\/Voyage-Allemagne-02.jpg\" data-link=\"http:\/\/college-ravinedescabris-tmp.ac-reunion.fr\/?attachment_id=586\" class=\"wp-image-586\" srcset=\"https:\/\/etab.ac-reunion.fr\/clg-ravine-des-cabris\/wp-content\/uploads\/sites\/158\/2020\/11\/Voyage-Allemagne-02.jpg 376w, https:\/\/etab.ac-reunion.fr\/clg-ravine-des-cabris\/wp-content\/uploads\/sites\/158\/2020\/11\/Voyage-Allemagne-02-251x400.jpg 251w, https:\/\/etab.ac-reunion.fr\/clg-ravine-des-cabris\/wp-content\/uploads\/sites\/158\/2020\/11\/Voyage-Allemagne-02-83x132.jpg 83w\" sizes=\"auto, (max-width: 376px) 100vw, 376px\" \/><\/a><\/figure><\/li><li class=\"blocks-gallery-item\"><figure><a href=\"http:\/\/wpetab.ac-reunion.fr\/ravinedescabris\/wp-content\/uploads\/sites\/158\/2020\/11\/Voyage-Allemagne-03.jpg\"><img loading=\"lazy\" decoding=\"async\" width=\"397\" height=\"600\" src=\"http:\/\/wpetab.ac-reunion.fr\/ravinedescabris\/wp-content\/uploads\/sites\/158\/2020\/11\/Voyage-Allemagne-03.jpg\" alt=\"\" data-id=\"587\" data-full-url=\"http:\/\/wpetab.ac-reunion.fr\/ravinedescabris\/wp-content\/uploads\/sites\/158\/2020\/11\/Voyage-Allemagne-03.jpg\" data-link=\"http:\/\/college-ravinedescabris-tmp.ac-reunion.fr\/?attachment_id=587\" class=\"wp-image-587\" srcset=\"https:\/\/etab.ac-reunion.fr\/clg-ravine-des-cabris\/wp-content\/uploads\/sites\/158\/2020\/11\/Voyage-Allemagne-03.jpg 397w, https:\/\/etab.ac-reunion.fr\/clg-ravine-des-cabris\/wp-content\/uploads\/sites\/158\/2020\/11\/Voyage-Allemagne-03-265x400.jpg 265w, https:\/\/etab.ac-reunion.fr\/clg-ravine-des-cabris\/wp-content\/uploads\/sites\/158\/2020\/11\/Voyage-Allemagne-03-87x132.jpg 87w\" sizes=\"auto, (max-width: 397px) 100vw, 397px\" \/><\/a><\/figure><\/li><li class=\"blocks-gallery-item\"><figure><a href=\"http:\/\/wpetab.ac-reunion.fr\/ravinedescabris\/wp-content\/uploads\/sites\/158\/2020\/11\/Voyage-Allemagne-04.jpg\"><img loading=\"lazy\" decoding=\"async\" width=\"495\" height=\"600\" src=\"http:\/\/wpetab.ac-reunion.fr\/ravinedescabris\/wp-content\/uploads\/sites\/158\/2020\/11\/Voyage-Allemagne-04.jpg\" alt=\"\" data-id=\"588\" data-full-url=\"http:\/\/wpetab.ac-reunion.fr\/ravinedescabris\/wp-content\/uploads\/sites\/158\/2020\/11\/Voyage-Allemagne-04.jpg\" data-link=\"http:\/\/college-ravinedescabris-tmp.ac-reunion.fr\/?attachment_id=588\" class=\"wp-image-588\" srcset=\"https:\/\/etab.ac-reunion.fr\/clg-ravine-des-cabris\/wp-content\/uploads\/sites\/158\/2020\/11\/Voyage-Allemagne-04.jpg 495w, https:\/\/etab.ac-reunion.fr\/clg-ravine-des-cabris\/wp-content\/uploads\/sites\/158\/2020\/11\/Voyage-Allemagne-04-330x400.jpg 330w, https:\/\/etab.ac-reunion.fr\/clg-ravine-des-cabris\/wp-content\/uploads\/sites\/158\/2020\/11\/Voyage-Allemagne-04-109x132.jpg 109w\" sizes=\"auto, (max-width: 495px) 100vw, 495px\" \/><\/a><\/figure><\/li><li class=\"blocks-gallery-item\"><figure><a href=\"http:\/\/wpetab.ac-reunion.fr\/ravinedescabris\/wp-content\/uploads\/sites\/158\/2020\/11\/Voyage-Allemagne-05.jpg\"><img loading=\"lazy\" decoding=\"async\" width=\"331\" height=\"600\" src=\"http:\/\/wpetab.ac-reunion.fr\/ravinedescabris\/wp-content\/uploads\/sites\/158\/2020\/11\/Voyage-Allemagne-05.jpg\" alt=\"\" data-id=\"589\" data-full-url=\"http:\/\/wpetab.ac-reunion.fr\/ravinedescabris\/wp-content\/uploads\/sites\/158\/2020\/11\/Voyage-Allemagne-05.jpg\" data-link=\"http:\/\/college-ravinedescabris-tmp.ac-reunion.fr\/?attachment_id=589\" class=\"wp-image-589\" srcset=\"https:\/\/etab.ac-reunion.fr\/clg-ravine-des-cabris\/wp-content\/uploads\/sites\/158\/2020\/11\/Voyage-Allemagne-05.jpg 331w, https:\/\/etab.ac-reunion.fr\/clg-ravine-des-cabris\/wp-content\/uploads\/sites\/158\/2020\/11\/Voyage-Allemagne-05-221x400.jpg 221w, https:\/\/etab.ac-reunion.fr\/clg-ravine-des-cabris\/wp-content\/uploads\/sites\/158\/2020\/11\/Voyage-Allemagne-05-73x132.jpg 73w\" sizes=\"auto, (max-width: 331px) 100vw, 331px\" \/><\/a><\/figure><\/li><li class=\"blocks-gallery-item\"><figure><a href=\"http:\/\/wpetab.ac-reunion.fr\/ravinedescabris\/wp-content\/uploads\/sites\/158\/2020\/11\/Voyage-Allemagne-06.jpg\"><img loading=\"lazy\" decoding=\"async\" width=\"618\" height=\"600\" src=\"http:\/\/wpetab.ac-reunion.fr\/ravinedescabris\/wp-content\/uploads\/sites\/158\/2020\/11\/Voyage-Allemagne-06.jpg\" alt=\"\" data-id=\"590\" data-full-url=\"http:\/\/wpetab.ac-reunion.fr\/ravinedescabris\/wp-content\/uploads\/sites\/158\/2020\/11\/Voyage-Allemagne-06.jpg\" data-link=\"http:\/\/college-ravinedescabris-tmp.ac-reunion.fr\/?attachment_id=590\" class=\"wp-image-590\" srcset=\"https:\/\/etab.ac-reunion.fr\/clg-ravine-des-cabris\/wp-content\/uploads\/sites\/158\/2020\/11\/Voyage-Allemagne-06.jpg 618w, https:\/\/etab.ac-reunion.fr\/clg-ravine-des-cabris\/wp-content\/uploads\/sites\/158\/2020\/11\/Voyage-Allemagne-06-400x388.jpg 400w, https:\/\/etab.ac-reunion.fr\/clg-ravine-des-cabris\/wp-content\/uploads\/sites\/158\/2020\/11\/Voyage-Allemagne-06-136x132.jpg 136w\" sizes=\"auto, (max-width: 618px) 100vw, 618px\" \/><\/a><\/figure><\/li><li class=\"blocks-gallery-item\"><figure><a href=\"http:\/\/wpetab.ac-reunion.fr\/ravinedescabris\/wp-content\/uploads\/sites\/158\/2020\/11\/Voyage-Allemagne-07.jpg\"><img loading=\"lazy\" decoding=\"async\" width=\"410\" height=\"600\" src=\"http:\/\/wpetab.ac-reunion.fr\/ravinedescabris\/wp-content\/uploads\/sites\/158\/2020\/11\/Voyage-Allemagne-07.jpg\" alt=\"\" data-id=\"591\" data-full-url=\"http:\/\/wpetab.ac-reunion.fr\/ravinedescabris\/wp-content\/uploads\/sites\/158\/2020\/11\/Voyage-Allemagne-07.jpg\" data-link=\"http:\/\/college-ravinedescabris-tmp.ac-reunion.fr\/?attachment_id=591\" class=\"wp-image-591\" srcset=\"https:\/\/etab.ac-reunion.fr\/clg-ravine-des-cabris\/wp-content\/uploads\/sites\/158\/2020\/11\/Voyage-Allemagne-07.jpg 410w, https:\/\/etab.ac-reunion.fr\/clg-ravine-des-cabris\/wp-content\/uploads\/sites\/158\/2020\/11\/Voyage-Allemagne-07-273x400.jpg 273w, https:\/\/etab.ac-reunion.fr\/clg-ravine-des-cabris\/wp-content\/uploads\/sites\/158\/2020\/11\/Voyage-Allemagne-07-90x132.jpg 90w\" sizes=\"auto, (max-width: 410px) 100vw, 410px\" \/><\/a><\/figure><\/li><li class=\"blocks-gallery-item\"><figure><a href=\"http:\/\/wpetab.ac-reunion.fr\/ravinedescabris\/wp-content\/uploads\/sites\/158\/2020\/11\/Voyage-Allemagne-08.jpg\"><img loading=\"lazy\" decoding=\"async\" width=\"432\" height=\"600\" src=\"http:\/\/wpetab.ac-reunion.fr\/ravinedescabris\/wp-content\/uploads\/sites\/158\/2020\/11\/Voyage-Allemagne-08.jpg\" alt=\"\" data-id=\"592\" data-full-url=\"http:\/\/wpetab.ac-reunion.fr\/ravinedescabris\/wp-content\/uploads\/sites\/158\/2020\/11\/Voyage-Allemagne-08.jpg\" data-link=\"http:\/\/college-ravinedescabris-tmp.ac-reunion.fr\/?attachment_id=592\" class=\"wp-image-592\" srcset=\"https:\/\/etab.ac-reunion.fr\/clg-ravine-des-cabris\/wp-content\/uploads\/sites\/158\/2020\/11\/Voyage-Allemagne-08.jpg 432w, https:\/\/etab.ac-reunion.fr\/clg-ravine-des-cabris\/wp-content\/uploads\/sites\/158\/2020\/11\/Voyage-Allemagne-08-288x400.jpg 288w, https:\/\/etab.ac-reunion.fr\/clg-ravine-des-cabris\/wp-content\/uploads\/sites\/158\/2020\/11\/Voyage-Allemagne-08-95x132.jpg 95w\" sizes=\"auto, (max-width: 432px) 100vw, 432px\" \/><\/a><\/figure><\/li><li class=\"blocks-gallery-item\"><figure><a href=\"http:\/\/wpetab.ac-reunion.fr\/ravinedescabris\/wp-content\/uploads\/sites\/158\/2020\/11\/Voyage-Allemagne-09.jpg\"><img loading=\"lazy\" decoding=\"async\" width=\"800\" height=\"532\" src=\"http:\/\/wpetab.ac-reunion.fr\/ravinedescabris\/wp-content\/uploads\/sites\/158\/2020\/11\/Voyage-Allemagne-09.jpg\" alt=\"\" data-id=\"593\" data-full-url=\"http:\/\/wpetab.ac-reunion.fr\/ravinedescabris\/wp-content\/uploads\/sites\/158\/2020\/11\/Voyage-Allemagne-09.jpg\" data-link=\"http:\/\/college-ravinedescabris-tmp.ac-reunion.fr\/?attachment_id=593\" class=\"wp-image-593\" srcset=\"https:\/\/etab.ac-reunion.fr\/clg-ravine-des-cabris\/wp-content\/uploads\/sites\/158\/2020\/11\/Voyage-Allemagne-09.jpg 800w, https:\/\/etab.ac-reunion.fr\/clg-ravine-des-cabris\/wp-content\/uploads\/sites\/158\/2020\/11\/Voyage-Allemagne-09-400x266.jpg 400w, https:\/\/etab.ac-reunion.fr\/clg-ravine-des-cabris\/wp-content\/uploads\/sites\/158\/2020\/11\/Voyage-Allemagne-09-768x511.jpg 768w, https:\/\/etab.ac-reunion.fr\/clg-ravine-des-cabris\/wp-content\/uploads\/sites\/158\/2020\/11\/Voyage-Allemagne-09-198x132.jpg 198w\" sizes=\"auto, (max-width: 800px) 100vw, 800px\" \/><\/a><\/figure><\/li><li class=\"blocks-gallery-item\"><figure><a href=\"http:\/\/wpetab.ac-reunion.fr\/ravinedescabris\/wp-content\/uploads\/sites\/158\/2020\/11\/Voyage-Allemagne-10.jpg\"><img loading=\"lazy\" decoding=\"async\" width=\"800\" height=\"567\" src=\"http:\/\/wpetab.ac-reunion.fr\/ravinedescabris\/wp-content\/uploads\/sites\/158\/2020\/11\/Voyage-Allemagne-10.jpg\" alt=\"\" data-id=\"594\" data-full-url=\"http:\/\/wpetab.ac-reunion.fr\/ravinedescabris\/wp-content\/uploads\/sites\/158\/2020\/11\/Voyage-Allemagne-10.jpg\" data-link=\"http:\/\/college-ravinedescabris-tmp.ac-reunion.fr\/?attachment_id=594\" class=\"wp-image-594\" srcset=\"https:\/\/etab.ac-reunion.fr\/clg-ravine-des-cabris\/wp-content\/uploads\/sites\/158\/2020\/11\/Voyage-Allemagne-10.jpg 800w, https:\/\/etab.ac-reunion.fr\/clg-ravine-des-cabris\/wp-content\/uploads\/sites\/158\/2020\/11\/Voyage-Allemagne-10-400x284.jpg 400w, https:\/\/etab.ac-reunion.fr\/clg-ravine-des-cabris\/wp-content\/uploads\/sites\/158\/2020\/11\/Voyage-Allemagne-10-768x544.jpg 768w, https:\/\/etab.ac-reunion.fr\/clg-ravine-des-cabris\/wp-content\/uploads\/sites\/158\/2020\/11\/Voyage-Allemagne-10-186x132.jpg 186w\" sizes=\"auto, (max-width: 800px) 100vw, 800px\" \/><\/a><\/figure><\/li><li class=\"blocks-gallery-item\"><figure><a href=\"http:\/\/wpetab.ac-reunion.fr\/ravinedescabris\/wp-content\/uploads\/sites\/158\/2020\/11\/Voyage-Allemagne-11.jpg\"><img loading=\"lazy\" decoding=\"async\" width=\"476\" height=\"600\" src=\"http:\/\/wpetab.ac-reunion.fr\/ravinedescabris\/wp-content\/uploads\/sites\/158\/2020\/11\/Voyage-Allemagne-11.jpg\" alt=\"\" data-id=\"595\" data-full-url=\"http:\/\/wpetab.ac-reunion.fr\/ravinedescabris\/wp-content\/uploads\/sites\/158\/2020\/11\/Voyage-Allemagne-11.jpg\" data-link=\"http:\/\/college-ravinedescabris-tmp.ac-reunion.fr\/?attachment_id=595\" class=\"wp-image-595\" srcset=\"https:\/\/etab.ac-reunion.fr\/clg-ravine-des-cabris\/wp-content\/uploads\/sites\/158\/2020\/11\/Voyage-Allemagne-11.jpg 476w, https:\/\/etab.ac-reunion.fr\/clg-ravine-des-cabris\/wp-content\/uploads\/sites\/158\/2020\/11\/Voyage-Allemagne-11-317x400.jpg 317w, https:\/\/etab.ac-reunion.fr\/clg-ravine-des-cabris\/wp-content\/uploads\/sites\/158\/2020\/11\/Voyage-Allemagne-11-105x132.jpg 105w\" sizes=\"auto, (max-width: 476px) 100vw, 476px\" \/><\/a><\/figure><\/li><li class=\"blocks-gallery-item\"><figure><a href=\"http:\/\/wpetab.ac-reunion.fr\/ravinedescabris\/wp-content\/uploads\/sites\/158\/2020\/11\/Voyage-Allemagne-12.jpg\"><img loading=\"lazy\" decoding=\"async\" width=\"759\" height=\"600\" src=\"http:\/\/wpetab.ac-reunion.fr\/ravinedescabris\/wp-content\/uploads\/sites\/158\/2020\/11\/Voyage-Allemagne-12.jpg\" alt=\"\" data-id=\"596\" data-full-url=\"http:\/\/wpetab.ac-reunion.fr\/ravinedescabris\/wp-content\/uploads\/sites\/158\/2020\/11\/Voyage-Allemagne-12.jpg\" data-link=\"http:\/\/college-ravinedescabris-tmp.ac-reunion.fr\/?attachment_id=596\" class=\"wp-image-596\" srcset=\"https:\/\/etab.ac-reunion.fr\/clg-ravine-des-cabris\/wp-content\/uploads\/sites\/158\/2020\/11\/Voyage-Allemagne-12.jpg 759w, https:\/\/etab.ac-reunion.fr\/clg-ravine-des-cabris\/wp-content\/uploads\/sites\/158\/2020\/11\/Voyage-Allemagne-12-400x316.jpg 400w, https:\/\/etab.ac-reunion.fr\/clg-ravine-des-cabris\/wp-content\/uploads\/sites\/158\/2020\/11\/Voyage-Allemagne-12-167x132.jpg 167w\" sizes=\"auto, (max-width: 759px) 100vw, 759px\" \/><\/a><\/figure><\/li><li class=\"blocks-gallery-item\"><figure><a href=\"http:\/\/wpetab.ac-reunion.fr\/ravinedescabris\/wp-content\/uploads\/sites\/158\/2020\/11\/Voyage-Allemagne-13.jpg\"><img loading=\"lazy\" decoding=\"async\" width=\"800\" height=\"479\" src=\"http:\/\/wpetab.ac-reunion.fr\/ravinedescabris\/wp-content\/uploads\/sites\/158\/2020\/11\/Voyage-Allemagne-13.jpg\" alt=\"\" data-id=\"597\" data-full-url=\"http:\/\/wpetab.ac-reunion.fr\/ravinedescabris\/wp-content\/uploads\/sites\/158\/2020\/11\/Voyage-Allemagne-13.jpg\" data-link=\"http:\/\/college-ravinedescabris-tmp.ac-reunion.fr\/?attachment_id=597\" class=\"wp-image-597\" srcset=\"https:\/\/etab.ac-reunion.fr\/clg-ravine-des-cabris\/wp-content\/uploads\/sites\/158\/2020\/11\/Voyage-Allemagne-13.jpg 800w, https:\/\/etab.ac-reunion.fr\/clg-ravine-des-cabris\/wp-content\/uploads\/sites\/158\/2020\/11\/Voyage-Allemagne-13-400x240.jpg 400w, https:\/\/etab.ac-reunion.fr\/clg-ravine-des-cabris\/wp-content\/uploads\/sites\/158\/2020\/11\/Voyage-Allemagne-13-768x460.jpg 768w, https:\/\/etab.ac-reunion.fr\/clg-ravine-des-cabris\/wp-content\/uploads\/sites\/158\/2020\/11\/Voyage-Allemagne-13-220x132.jpg 220w\" sizes=\"auto, (max-width: 800px) 100vw, 800px\" \/><\/a><\/figure><\/li><li class=\"blocks-gallery-item\"><figure><a href=\"http:\/\/wpetab.ac-reunion.fr\/ravinedescabris\/wp-content\/uploads\/sites\/158\/2020\/11\/Voyage-Allemagne-14.jpg\"><img loading=\"lazy\" decoding=\"async\" width=\"800\" height=\"569\" src=\"http:\/\/wpetab.ac-reunion.fr\/ravinedescabris\/wp-content\/uploads\/sites\/158\/2020\/11\/Voyage-Allemagne-14.jpg\" alt=\"\" data-id=\"598\" data-full-url=\"http:\/\/wpetab.ac-reunion.fr\/ravinedescabris\/wp-content\/uploads\/sites\/158\/2020\/11\/Voyage-Allemagne-14.jpg\" data-link=\"http:\/\/college-ravinedescabris-tmp.ac-reunion.fr\/?attachment_id=598\" class=\"wp-image-598\" srcset=\"https:\/\/etab.ac-reunion.fr\/clg-ravine-des-cabris\/wp-content\/uploads\/sites\/158\/2020\/11\/Voyage-Allemagne-14.jpg 800w, https:\/\/etab.ac-reunion.fr\/clg-ravine-des-cabris\/wp-content\/uploads\/sites\/158\/2020\/11\/Voyage-Allemagne-14-400x285.jpg 400w, https:\/\/etab.ac-reunion.fr\/clg-ravine-des-cabris\/wp-content\/uploads\/sites\/158\/2020\/11\/Voyage-Allemagne-14-768x546.jpg 768w, https:\/\/etab.ac-reunion.fr\/clg-ravine-des-cabris\/wp-content\/uploads\/sites\/158\/2020\/11\/Voyage-Allemagne-14-186x132.jpg 186w\" sizes=\"auto, (max-width: 800px) 100vw, 800px\" \/><\/a><\/figure><\/li><li class=\"blocks-gallery-item\"><figure><a href=\"http:\/\/wpetab.ac-reunion.fr\/ravinedescabris\/wp-content\/uploads\/sites\/158\/2020\/11\/Voyage-Allemagne-15.jpg\"><img loading=\"lazy\" decoding=\"async\" width=\"383\" height=\"600\" src=\"http:\/\/wpetab.ac-reunion.fr\/ravinedescabris\/wp-content\/uploads\/sites\/158\/2020\/11\/Voyage-Allemagne-15.jpg\" alt=\"\" data-id=\"599\" data-full-url=\"http:\/\/wpetab.ac-reunion.fr\/ravinedescabris\/wp-content\/uploads\/sites\/158\/2020\/11\/Voyage-Allemagne-15.jpg\" data-link=\"http:\/\/college-ravinedescabris-tmp.ac-reunion.fr\/?attachment_id=599\" class=\"wp-image-599\" srcset=\"https:\/\/etab.ac-reunion.fr\/clg-ravine-des-cabris\/wp-content\/uploads\/sites\/158\/2020\/11\/Voyage-Allemagne-15.jpg 383w, https:\/\/etab.ac-reunion.fr\/clg-ravine-des-cabris\/wp-content\/uploads\/sites\/158\/2020\/11\/Voyage-Allemagne-15-255x400.jpg 255w, https:\/\/etab.ac-reunion.fr\/clg-ravine-des-cabris\/wp-content\/uploads\/sites\/158\/2020\/11\/Voyage-Allemagne-15-84x132.jpg 84w\" sizes=\"auto, (max-width: 383px) 100vw, 383px\" \/><\/a><\/figure><\/li><li class=\"blocks-gallery-item\"><figure><a href=\"http:\/\/wpetab.ac-reunion.fr\/ravinedescabris\/wp-content\/uploads\/sites\/158\/2020\/11\/Voyage-Allemagne-16.jpg\"><img loading=\"lazy\" decoding=\"async\" width=\"452\" height=\"600\" src=\"http:\/\/wpetab.ac-reunion.fr\/ravinedescabris\/wp-content\/uploads\/sites\/158\/2020\/11\/Voyage-Allemagne-16.jpg\" alt=\"\" data-id=\"600\" data-full-url=\"http:\/\/wpetab.ac-reunion.fr\/ravinedescabris\/wp-content\/uploads\/sites\/158\/2020\/11\/Voyage-Allemagne-16.jpg\" data-link=\"http:\/\/college-ravinedescabris-tmp.ac-reunion.fr\/?attachment_id=600\" class=\"wp-image-600\" srcset=\"https:\/\/etab.ac-reunion.fr\/clg-ravine-des-cabris\/wp-content\/uploads\/sites\/158\/2020\/11\/Voyage-Allemagne-16.jpg 452w, https:\/\/etab.ac-reunion.fr\/clg-ravine-des-cabris\/wp-content\/uploads\/sites\/158\/2020\/11\/Voyage-Allemagne-16-301x400.jpg 301w, https:\/\/etab.ac-reunion.fr\/clg-ravine-des-cabris\/wp-content\/uploads\/sites\/158\/2020\/11\/Voyage-Allemagne-16-99x132.jpg 99w\" sizes=\"auto, (max-width: 452px) 100vw, 452px\" \/><\/a><\/figure><\/li><li class=\"blocks-gallery-item\"><figure><a href=\"http:\/\/wpetab.ac-reunion.fr\/ravinedescabris\/wp-content\/uploads\/sites\/158\/2020\/11\/Voyage-Allemagne-17.jpg\"><img loading=\"lazy\" decoding=\"async\" width=\"465\" height=\"600\" src=\"http:\/\/wpetab.ac-reunion.fr\/ravinedescabris\/wp-content\/uploads\/sites\/158\/2020\/11\/Voyage-Allemagne-17.jpg\" alt=\"\" data-id=\"601\" data-full-url=\"http:\/\/wpetab.ac-reunion.fr\/ravinedescabris\/wp-content\/uploads\/sites\/158\/2020\/11\/Voyage-Allemagne-17.jpg\" data-link=\"http:\/\/college-ravinedescabris-tmp.ac-reunion.fr\/?attachment_id=601\" class=\"wp-image-601\" srcset=\"https:\/\/etab.ac-reunion.fr\/clg-ravine-des-cabris\/wp-content\/uploads\/sites\/158\/2020\/11\/Voyage-Allemagne-17.jpg 465w, https:\/\/etab.ac-reunion.fr\/clg-ravine-des-cabris\/wp-content\/uploads\/sites\/158\/2020\/11\/Voyage-Allemagne-17-310x400.jpg 310w, https:\/\/etab.ac-reunion.fr\/clg-ravine-des-cabris\/wp-content\/uploads\/sites\/158\/2020\/11\/Voyage-Allemagne-17-102x132.jpg 102w\" sizes=\"auto, (max-width: 465px) 100vw, 465px\" \/><\/a><\/figure><\/li><li class=\"blocks-gallery-item\"><figure><a href=\"http:\/\/wpetab.ac-reunion.fr\/ravinedescabris\/wp-content\/uploads\/sites\/158\/2020\/11\/Voyage-Allemagne-18.jpg\"><img loading=\"lazy\" decoding=\"async\" width=\"333\" height=\"600\" src=\"http:\/\/wpetab.ac-reunion.fr\/ravinedescabris\/wp-content\/uploads\/sites\/158\/2020\/11\/Voyage-Allemagne-18.jpg\" alt=\"\" data-id=\"602\" data-full-url=\"http:\/\/wpetab.ac-reunion.fr\/ravinedescabris\/wp-content\/uploads\/sites\/158\/2020\/11\/Voyage-Allemagne-18.jpg\" data-link=\"http:\/\/college-ravinedescabris-tmp.ac-reunion.fr\/?attachment_id=602\" class=\"wp-image-602\" srcset=\"https:\/\/etab.ac-reunion.fr\/clg-ravine-des-cabris\/wp-content\/uploads\/sites\/158\/2020\/11\/Voyage-Allemagne-18.jpg 333w, https:\/\/etab.ac-reunion.fr\/clg-ravine-des-cabris\/wp-content\/uploads\/sites\/158\/2020\/11\/Voyage-Allemagne-18-222x400.jpg 222w, https:\/\/etab.ac-reunion.fr\/clg-ravine-des-cabris\/wp-content\/uploads\/sites\/158\/2020\/11\/Voyage-Allemagne-18-73x132.jpg 73w\" sizes=\"auto, (max-width: 333px) 100vw, 333px\" \/><\/a><\/figure><\/li><li class=\"blocks-gallery-item\"><figure><a href=\"http:\/\/wpetab.ac-reunion.fr\/ravinedescabris\/wp-content\/uploads\/sites\/158\/2020\/11\/Voyage-Allemagne-19.jpg\"><img loading=\"lazy\" decoding=\"async\" width=\"442\" height=\"600\" src=\"http:\/\/wpetab.ac-reunion.fr\/ravinedescabris\/wp-content\/uploads\/sites\/158\/2020\/11\/Voyage-Allemagne-19.jpg\" alt=\"\" data-id=\"603\" data-full-url=\"http:\/\/wpetab.ac-reunion.fr\/ravinedescabris\/wp-content\/uploads\/sites\/158\/2020\/11\/Voyage-Allemagne-19.jpg\" data-link=\"http:\/\/college-ravinedescabris-tmp.ac-reunion.fr\/?attachment_id=603\" class=\"wp-image-603\" srcset=\"https:\/\/etab.ac-reunion.fr\/clg-ravine-des-cabris\/wp-content\/uploads\/sites\/158\/2020\/11\/Voyage-Allemagne-19.jpg 442w, https:\/\/etab.ac-reunion.fr\/clg-ravine-des-cabris\/wp-content\/uploads\/sites\/158\/2020\/11\/Voyage-Allemagne-19-295x400.jpg 295w, https:\/\/etab.ac-reunion.fr\/clg-ravine-des-cabris\/wp-content\/uploads\/sites\/158\/2020\/11\/Voyage-Allemagne-19-97x132.jpg 97w\" sizes=\"auto, (max-width: 442px) 100vw, 442px\" \/><\/a><\/figure><\/li><li class=\"blocks-gallery-item\"><figure><a href=\"http:\/\/wpetab.ac-reunion.fr\/ravinedescabris\/wp-content\/uploads\/sites\/158\/2020\/11\/Voyage-Allemagne-20.jpg\"><img loading=\"lazy\" decoding=\"async\" width=\"800\" height=\"532\" src=\"http:\/\/wpetab.ac-reunion.fr\/ravinedescabris\/wp-content\/uploads\/sites\/158\/2020\/11\/Voyage-Allemagne-20.jpg\" alt=\"\" data-id=\"604\" data-full-url=\"http:\/\/wpetab.ac-reunion.fr\/ravinedescabris\/wp-content\/uploads\/sites\/158\/2020\/11\/Voyage-Allemagne-20.jpg\" data-link=\"http:\/\/college-ravinedescabris-tmp.ac-reunion.fr\/?attachment_id=604\" class=\"wp-image-604\" srcset=\"https:\/\/etab.ac-reunion.fr\/clg-ravine-des-cabris\/wp-content\/uploads\/sites\/158\/2020\/11\/Voyage-Allemagne-20.jpg 800w, https:\/\/etab.ac-reunion.fr\/clg-ravine-des-cabris\/wp-content\/uploads\/sites\/158\/2020\/11\/Voyage-Allemagne-20-400x266.jpg 400w, https:\/\/etab.ac-reunion.fr\/clg-ravine-des-cabris\/wp-content\/uploads\/sites\/158\/2020\/11\/Voyage-Allemagne-20-768x511.jpg 768w, https:\/\/etab.ac-reunion.fr\/clg-ravine-des-cabris\/wp-content\/uploads\/sites\/158\/2020\/11\/Voyage-Allemagne-20-198x132.jpg 198w\" sizes=\"auto, (max-width: 800px) 100vw, 800px\" \/><\/a><\/figure><\/li><li class=\"blocks-gallery-item\"><figure><a href=\"http:\/\/wpetab.ac-reunion.fr\/ravinedescabris\/wp-content\/uploads\/sites\/158\/2020\/11\/Voyage-Allemagne-21.jpg\"><img loading=\"lazy\" decoding=\"async\" width=\"800\" height=\"538\" src=\"http:\/\/wpetab.ac-reunion.fr\/ravinedescabris\/wp-content\/uploads\/sites\/158\/2020\/11\/Voyage-Allemagne-21.jpg\" alt=\"\" data-id=\"605\" data-full-url=\"http:\/\/wpetab.ac-reunion.fr\/ravinedescabris\/wp-content\/uploads\/sites\/158\/2020\/11\/Voyage-Allemagne-21.jpg\" data-link=\"http:\/\/college-ravinedescabris-tmp.ac-reunion.fr\/?attachment_id=605\" class=\"wp-image-605\" srcset=\"https:\/\/etab.ac-reunion.fr\/clg-ravine-des-cabris\/wp-content\/uploads\/sites\/158\/2020\/11\/Voyage-Allemagne-21.jpg 800w, https:\/\/etab.ac-reunion.fr\/clg-ravine-des-cabris\/wp-content\/uploads\/sites\/158\/2020\/11\/Voyage-Allemagne-21-400x269.jpg 400w, https:\/\/etab.ac-reunion.fr\/clg-ravine-des-cabris\/wp-content\/uploads\/sites\/158\/2020\/11\/Voyage-Allemagne-21-768x516.jpg 768w, https:\/\/etab.ac-reunion.fr\/clg-ravine-des-cabris\/wp-content\/uploads\/sites\/158\/2020\/11\/Voyage-Allemagne-21-196x132.jpg 196w\" sizes=\"auto, (max-width: 800px) 100vw, 800px\" \/><\/a><\/figure><\/li><\/ul><figcaption class=\"blocks-gallery-caption\">7<\/figcaption><\/figure>\n\n\n\n<h3 class=\"wp-block-heading\">Vendredi 10 mars 2017 :<\/h3>\n\n\n\n<p>\u00ab Ce matin, nous nous sommes r\u00e9veill\u00e9s t\u00f4t car le petit d\u00e9jeuner \u00e9tait pr\u00e9vu \u00e0 7h30. Nous sommes all\u00e9s \u00e0 l \u2018\u00e9cole accompagn\u00e9s de Caroline et Chantal. Pour y aller, nous avons pris le tram et le bus. Arriv\u00e9s \u00e0 l\u2019\u00e9cole, nous avons eu une surprise des Allemands qui nous ont accueillis \u00e0 l\u2019entr\u00e9e de l\u2019\u00e9cole. Dans la salle p\u00e9dagogique, ils avaient pr\u00e9par\u00e9 un buffet avec des sp\u00e9cialit\u00e9s allemandes, turques et russes. Nous avions \u00e9galement apport\u00e9 des douceurs r\u00e9unionnaises pour qu\u2019ils puissent d\u00e9couvrir notre culture gastronomique. J\u2019ai beaucoup aim\u00e9 les sp\u00e9cialit\u00e9s allemandes et turques. &nbsp;<\/p>\n\n\n\n<div class=\"wp-block-image\"><figure class=\"alignleft size-large is-resized\"><a href=\"http:\/\/wpetab.ac-reunion.fr\/ravinedescabris\/wp-content\/uploads\/sites\/158\/2020\/11\/Voyage-Allemagne-02.jpg\"><img loading=\"lazy\" decoding=\"async\" src=\"http:\/\/wpetab.ac-reunion.fr\/ravinedescabris\/wp-content\/uploads\/sites\/158\/2020\/11\/Voyage-Allemagne-02.jpg\" alt=\"\" class=\"wp-image-586\" width=\"188\" height=\"300\" srcset=\"https:\/\/etab.ac-reunion.fr\/clg-ravine-des-cabris\/wp-content\/uploads\/sites\/158\/2020\/11\/Voyage-Allemagne-02.jpg 376w, https:\/\/etab.ac-reunion.fr\/clg-ravine-des-cabris\/wp-content\/uploads\/sites\/158\/2020\/11\/Voyage-Allemagne-02-251x400.jpg 251w, https:\/\/etab.ac-reunion.fr\/clg-ravine-des-cabris\/wp-content\/uploads\/sites\/158\/2020\/11\/Voyage-Allemagne-02-83x132.jpg 83w\" sizes=\"auto, (max-width: 188px) 100vw, 188px\" \/><\/a><\/figure><\/div>\n\n\n\n<div class=\"wp-block-image\"><figure class=\"alignright size-large is-resized\"><a href=\"http:\/\/wpetab.ac-reunion.fr\/ravinedescabris\/wp-content\/uploads\/sites\/158\/2020\/11\/Voyage-Allemagne-03.jpg\"><img loading=\"lazy\" decoding=\"async\" src=\"http:\/\/wpetab.ac-reunion.fr\/ravinedescabris\/wp-content\/uploads\/sites\/158\/2020\/11\/Voyage-Allemagne-03.jpg\" alt=\"\" class=\"wp-image-587\" width=\"199\" height=\"300\" srcset=\"https:\/\/etab.ac-reunion.fr\/clg-ravine-des-cabris\/wp-content\/uploads\/sites\/158\/2020\/11\/Voyage-Allemagne-03.jpg 397w, https:\/\/etab.ac-reunion.fr\/clg-ravine-des-cabris\/wp-content\/uploads\/sites\/158\/2020\/11\/Voyage-Allemagne-03-265x400.jpg 265w, https:\/\/etab.ac-reunion.fr\/clg-ravine-des-cabris\/wp-content\/uploads\/sites\/158\/2020\/11\/Voyage-Allemagne-03-87x132.jpg 87w\" sizes=\"auto, (max-width: 199px) 100vw, 199px\" \/><\/a><\/figure><\/div>\n\n\n\n<p>Le soir, nous avons visit\u00e9 le Landschaftspark, \u00e9clair\u00e9s par flambeaux. Encore une fois, quelques Allemands nous&nbsp;ont accompagn\u00e9s. C\u2019\u00e9tait magnifique et la visite \u00e9tait tr\u00e8s int\u00e9ressante. \u00bb &nbsp;<\/p>\n\n\n\n<p>\u00ab On est rest\u00e9s avec nos nouveaux amis allemands, c\u2019\u00e9tait un moment magnifique, ils nous ont fait une d\u00e9monstration de danses traditionnelles, c\u2019\u00e9tait magique ! A notre tour, on leur a montr\u00e9 notre danse traditionnelle du maloya. \u00bb<\/p>\n\n\n\n<h3 class=\"wp-block-heading\">Samedi 11 mars 2017 :&nbsp;<\/h3>\n\n\n\n<p>\u00ab Ce jour-l\u00e0, nous sommes all\u00e9s en train \u00e0 Cologne. Nous avons vu la c\u00e9l\u00e8bre cath\u00e9drale de Cologne que je trouve absolument magnifique. L\u2019apr\u00e8s-midi, nous avons eu un quartier libre&nbsp; afin de faire les magasins dans les petites rues pi\u00e9tonnes de la cath\u00e9drale. Nous avons fait encore plus connaissance avec les Allemands et cr\u00e9\u00e9 encore plus de liens. J\u2019ai beaucoup aim\u00e9 ce moment de complicit\u00e9 avec eux. \u00bb&nbsp;<\/p>\n\n\n\n<p>\u00ab Mirko est venu comme promis le soir \u00e0 l\u2019auberge nous jouer de la guitare, on lui a chant\u00e9 des chansons cr\u00e9oles. On a d\u00e9dicac\u00e9 sa guitare, on y a tous \u00e9crit notre nom et \u00ab REUNION LOVE \u00bb \u00bb<\/p>\n\n\n\n<div class=\"wp-block-columns is-layout-flex wp-container-core-columns-is-layout-9d6595d7 wp-block-columns-is-layout-flex\">\n<div class=\"wp-block-column is-layout-flow wp-block-column-is-layout-flow\">\n<figure class=\"wp-block-image size-large is-resized\"><a href=\"http:\/\/wpetab.ac-reunion.fr\/ravinedescabris\/wp-content\/uploads\/sites\/158\/2020\/11\/Voyage-Allemagne-04.jpg\"><img loading=\"lazy\" decoding=\"async\" src=\"http:\/\/wpetab.ac-reunion.fr\/ravinedescabris\/wp-content\/uploads\/sites\/158\/2020\/11\/Voyage-Allemagne-04.jpg\" alt=\"\" class=\"wp-image-588\" width=\"248\" height=\"300\" srcset=\"https:\/\/etab.ac-reunion.fr\/clg-ravine-des-cabris\/wp-content\/uploads\/sites\/158\/2020\/11\/Voyage-Allemagne-04.jpg 495w, https:\/\/etab.ac-reunion.fr\/clg-ravine-des-cabris\/wp-content\/uploads\/sites\/158\/2020\/11\/Voyage-Allemagne-04-330x400.jpg 330w, https:\/\/etab.ac-reunion.fr\/clg-ravine-des-cabris\/wp-content\/uploads\/sites\/158\/2020\/11\/Voyage-Allemagne-04-109x132.jpg 109w\" sizes=\"auto, (max-width: 248px) 100vw, 248px\" \/><\/a><\/figure>\n<\/div>\n\n\n\n<div class=\"wp-block-column is-layout-flow wp-block-column-is-layout-flow\">\n<figure class=\"wp-block-image size-large is-resized\"><a href=\"http:\/\/wpetab.ac-reunion.fr\/ravinedescabris\/wp-content\/uploads\/sites\/158\/2020\/11\/Voyage-Allemagne-05.jpg\"><img loading=\"lazy\" decoding=\"async\" src=\"http:\/\/wpetab.ac-reunion.fr\/ravinedescabris\/wp-content\/uploads\/sites\/158\/2020\/11\/Voyage-Allemagne-05.jpg\" alt=\"\" class=\"wp-image-589\" width=\"166\" height=\"300\" srcset=\"https:\/\/etab.ac-reunion.fr\/clg-ravine-des-cabris\/wp-content\/uploads\/sites\/158\/2020\/11\/Voyage-Allemagne-05.jpg 331w, https:\/\/etab.ac-reunion.fr\/clg-ravine-des-cabris\/wp-content\/uploads\/sites\/158\/2020\/11\/Voyage-Allemagne-05-221x400.jpg 221w, https:\/\/etab.ac-reunion.fr\/clg-ravine-des-cabris\/wp-content\/uploads\/sites\/158\/2020\/11\/Voyage-Allemagne-05-73x132.jpg 73w\" sizes=\"auto, (max-width: 166px) 100vw, 166px\" \/><\/a><\/figure>\n<\/div>\n<\/div>\n\n\n\n<h3 class=\"wp-block-heading\">Dimanche 12 mars 2017 :<\/h3>\n\n\n\n<p>\u00ab Ce lundi, nous sommes all\u00e9s en cours \u00e0 la Realschule. Nous avons \u00e9t\u00e9 r\u00e9partis par 2 dans les classes. Les Allemands ont \u00e9t\u00e9 tr\u00e8s gentils avec nous pour qu\u2019on se sente le mieux possible.<\/p>\n\n\n\n<p>Ce qui m\u2019a choqu\u00e9e et qui est tr\u00e8s diff\u00e9rent de nos cours en France, c\u2019est que les \u00e9l\u00e8ves peuvent se d\u00e9placer, parler, boire et manger sans autorisation et sans que le professeur ne d\u00e9range son cours. Je trouve aussi que les professeurs en Allemagne ont beaucoup plus de patience que les professeurs de chez nous.<\/p>\n\n\n\n<p>Les cours se sont termin\u00e9s \u00e0 12h40, on est all\u00e9s manger chez Ali, le snack de l\u2019\u00e9cole.&nbsp;<\/p>\n\n\n\n<p>Puis nous sommes tous, Fran\u00e7ais et Allemands, all\u00e9s dans le gymnase pour des activit\u00e9s sportives. On a fait des groupes. Ces activit\u00e9s demandaient de mettre en \u0153uvre des strat\u00e9gies et de faire preuve de solidarit\u00e9 dans les groupes ce que j\u2019ai plut\u00f4t aim\u00e9 car \u00e7a a permis de nous rapprocher avec les Allemands. \u00bb&nbsp;<\/p>\n\n\n\n<p>\u00ab Nous avons eu math\u00e9matiques, g\u00e9ographie ; le professeur d\u2019anglais n\u2019\u00e9tant pas l\u00e0, c\u2019est le proviseur de la Realschule qui est venu faire cours de math\u00e9matiques aux \u00e9l\u00e8ves. \u00bb<\/p>\n\n\n\n<div class=\"wp-block-image\"><figure class=\"aligncenter size-large is-resized\"><a href=\"http:\/\/wpetab.ac-reunion.fr\/ravinedescabris\/wp-content\/uploads\/sites\/158\/2020\/11\/Voyage-Allemagne-09.jpg\"><img loading=\"lazy\" decoding=\"async\" src=\"http:\/\/wpetab.ac-reunion.fr\/ravinedescabris\/wp-content\/uploads\/sites\/158\/2020\/11\/Voyage-Allemagne-09.jpg\" alt=\"\" class=\"wp-image-593\" width=\"400\" height=\"266\" srcset=\"https:\/\/etab.ac-reunion.fr\/clg-ravine-des-cabris\/wp-content\/uploads\/sites\/158\/2020\/11\/Voyage-Allemagne-09.jpg 800w, https:\/\/etab.ac-reunion.fr\/clg-ravine-des-cabris\/wp-content\/uploads\/sites\/158\/2020\/11\/Voyage-Allemagne-09-400x266.jpg 400w, https:\/\/etab.ac-reunion.fr\/clg-ravine-des-cabris\/wp-content\/uploads\/sites\/158\/2020\/11\/Voyage-Allemagne-09-768x511.jpg 768w, https:\/\/etab.ac-reunion.fr\/clg-ravine-des-cabris\/wp-content\/uploads\/sites\/158\/2020\/11\/Voyage-Allemagne-09-198x132.jpg 198w\" sizes=\"auto, (max-width: 400px) 100vw, 400px\" \/><\/a><\/figure><\/div>\n\n\n\n<h3 class=\"wp-block-heading\">Mardi 14 mars 2017 :<\/h3>\n\n\n\n<p>\u00ab Nous sommes partis \u00e0 Wuppertal, nous avons pris le tram puis le train pendant environs 30 minutes. Nous nous sommes rendus au Tanztheater pour rencontrer une danseuse mondialement connue Ruth Amarente qui a travaill\u00e9 avec Pina Bausch.<\/p>\n\n\n\n<p>Nous avons pris le Schwebebahn, le train suspendu, pour nous rendre dans le Skulpturenpark qui pr\u00e9sente de nombreuses et originales statues dans un cadre magnifique. \u00bb&nbsp;<\/p>\n\n\n\n<p>\u00ab Nous avons particip\u00e9 \u00e0 plusieurs activit\u00e9s incroyables comparables \u00e0 celles du film Tanztr\u00e4ume (avec Pina Bausch) que nous avions vu \u00e0 la R\u00e9union. Cette exp\u00e9rience nous a aid\u00e9s \u00e0 avoir moins honte et \u00e0 \u00eatre moins timides. \u00bb<\/p>\n\n\n\n<div class=\"wp-block-image\"><figure class=\"aligncenter size-large is-resized\"><a href=\"http:\/\/wpetab.ac-reunion.fr\/ravinedescabris\/wp-content\/uploads\/sites\/158\/2020\/11\/Voyage-Allemagne-09.jpg\"><img loading=\"lazy\" decoding=\"async\" src=\"http:\/\/wpetab.ac-reunion.fr\/ravinedescabris\/wp-content\/uploads\/sites\/158\/2020\/11\/Voyage-Allemagne-09.jpg\" alt=\"\" class=\"wp-image-593\" width=\"400\" height=\"266\" srcset=\"https:\/\/etab.ac-reunion.fr\/clg-ravine-des-cabris\/wp-content\/uploads\/sites\/158\/2020\/11\/Voyage-Allemagne-09.jpg 800w, https:\/\/etab.ac-reunion.fr\/clg-ravine-des-cabris\/wp-content\/uploads\/sites\/158\/2020\/11\/Voyage-Allemagne-09-400x266.jpg 400w, https:\/\/etab.ac-reunion.fr\/clg-ravine-des-cabris\/wp-content\/uploads\/sites\/158\/2020\/11\/Voyage-Allemagne-09-768x511.jpg 768w, https:\/\/etab.ac-reunion.fr\/clg-ravine-des-cabris\/wp-content\/uploads\/sites\/158\/2020\/11\/Voyage-Allemagne-09-198x132.jpg 198w\" sizes=\"auto, (max-width: 400px) 100vw, 400px\" \/><\/a><\/figure><\/div>\n\n\n\n<h3 class=\"wp-block-heading\">Mercredi 15 mars 2017 :<\/h3>\n\n\n\n<p>\u00ab Nous nous sommes r\u00e9veill\u00e9s t\u00f4t, avons pris le petit d\u00e9jeuner \u00e0 7h30 pour prendre le tram et nous diriger dans le centre de Duisburg. Nous avons visit\u00e9 un th\u00e9\u00e2tre : la salle des spectacles, l\u2019arri\u00e8re sc\u00e8ne, la salle minuscule du souffleur, la salle des perruques, des costumes, des accessoires \u2026 J\u2019ai appris qu\u2019il existait des salles dont je n\u2019imaginais m\u00eame pas l\u2019existence.<\/p>\n\n\n\n<p>Apr\u00e8s un quartier libre, nous avons visit\u00e9 la synagogue de Duisburg. \u00bb&nbsp;<\/p>\n\n\n\n<div class=\"wp-block-columns is-layout-flex wp-container-core-columns-is-layout-9d6595d7 wp-block-columns-is-layout-flex\">\n<div class=\"wp-block-column is-layout-flow wp-block-column-is-layout-flow\">\n<figure class=\"wp-block-image size-large is-resized\"><a href=\"http:\/\/wpetab.ac-reunion.fr\/ravinedescabris\/wp-content\/uploads\/sites\/158\/2020\/11\/Voyage-Allemagne-15.jpg\"><img loading=\"lazy\" decoding=\"async\" src=\"http:\/\/wpetab.ac-reunion.fr\/ravinedescabris\/wp-content\/uploads\/sites\/158\/2020\/11\/Voyage-Allemagne-15.jpg\" alt=\"\" class=\"wp-image-599\" width=\"192\" height=\"300\" srcset=\"https:\/\/etab.ac-reunion.fr\/clg-ravine-des-cabris\/wp-content\/uploads\/sites\/158\/2020\/11\/Voyage-Allemagne-15.jpg 383w, https:\/\/etab.ac-reunion.fr\/clg-ravine-des-cabris\/wp-content\/uploads\/sites\/158\/2020\/11\/Voyage-Allemagne-15-255x400.jpg 255w, https:\/\/etab.ac-reunion.fr\/clg-ravine-des-cabris\/wp-content\/uploads\/sites\/158\/2020\/11\/Voyage-Allemagne-15-84x132.jpg 84w\" sizes=\"auto, (max-width: 192px) 100vw, 192px\" \/><\/a><\/figure>\n<\/div>\n\n\n\n<div class=\"wp-block-column is-layout-flow wp-block-column-is-layout-flow\">\n<figure class=\"wp-block-image size-large\"><a href=\"http:\/\/wpetab.ac-reunion.fr\/ravinedescabris\/wp-content\/uploads\/sites\/158\/2020\/11\/Voyage-Allemagne-14.jpg\"><img loading=\"lazy\" decoding=\"async\" width=\"800\" height=\"569\" src=\"http:\/\/wpetab.ac-reunion.fr\/ravinedescabris\/wp-content\/uploads\/sites\/158\/2020\/11\/Voyage-Allemagne-14.jpg\" alt=\"\" class=\"wp-image-598\" srcset=\"https:\/\/etab.ac-reunion.fr\/clg-ravine-des-cabris\/wp-content\/uploads\/sites\/158\/2020\/11\/Voyage-Allemagne-14.jpg 800w, https:\/\/etab.ac-reunion.fr\/clg-ravine-des-cabris\/wp-content\/uploads\/sites\/158\/2020\/11\/Voyage-Allemagne-14-400x285.jpg 400w, https:\/\/etab.ac-reunion.fr\/clg-ravine-des-cabris\/wp-content\/uploads\/sites\/158\/2020\/11\/Voyage-Allemagne-14-768x546.jpg 768w, https:\/\/etab.ac-reunion.fr\/clg-ravine-des-cabris\/wp-content\/uploads\/sites\/158\/2020\/11\/Voyage-Allemagne-14-186x132.jpg 186w\" sizes=\"auto, (max-width: 800px) 100vw, 800px\" \/><\/a><\/figure>\n<\/div>\n\n\n\n<div class=\"wp-block-column is-layout-flow wp-block-column-is-layout-flow\">\n<figure class=\"wp-block-image size-large is-resized\"><a href=\"http:\/\/wpetab.ac-reunion.fr\/ravinedescabris\/wp-content\/uploads\/sites\/158\/2020\/11\/Voyage-Allemagne-16.jpg\"><img loading=\"lazy\" decoding=\"async\" src=\"http:\/\/wpetab.ac-reunion.fr\/ravinedescabris\/wp-content\/uploads\/sites\/158\/2020\/11\/Voyage-Allemagne-16.jpg\" alt=\"\" class=\"wp-image-600\" width=\"226\" height=\"300\" srcset=\"https:\/\/etab.ac-reunion.fr\/clg-ravine-des-cabris\/wp-content\/uploads\/sites\/158\/2020\/11\/Voyage-Allemagne-16.jpg 452w, https:\/\/etab.ac-reunion.fr\/clg-ravine-des-cabris\/wp-content\/uploads\/sites\/158\/2020\/11\/Voyage-Allemagne-16-301x400.jpg 301w, https:\/\/etab.ac-reunion.fr\/clg-ravine-des-cabris\/wp-content\/uploads\/sites\/158\/2020\/11\/Voyage-Allemagne-16-99x132.jpg 99w\" sizes=\"auto, (max-width: 226px) 100vw, 226px\" \/><\/a><\/figure>\n<\/div>\n<\/div>\n\n\n\n<h3 class=\"wp-block-heading\">Jeudi 16 mars 2017 :<\/h3>\n\n\n\n<p>\u00ab Matin\u00e9e de cours, tram et bus pour aller \u00e0 l\u2019\u00e9cole dans nos classes respectives. Nous avons mang\u00e9 chez Ali un repas turc d\u00e9licieux. A 14h nous nous sommes tous retrouv\u00e9s dans la salle PZ pour confectionner un calendrier pour lequel nous avions chacun un mois \u00e0 illustrer. Nous avons fait des groupes de deux, un Fran\u00e7ais, un Allemand. Il fallait utiliser plusieurs mat\u00e9riaux pour d\u00e9corer la planche. J\u2019ai aim\u00e9 cette activit\u00e9 car cela nous a permis de r\u00e9aliser un souvenir ensemble. \u00bb&nbsp;<\/p>\n\n\n\n<h3 class=\"wp-block-heading\">Vendredi 17 mars 2017 :&nbsp;<\/h3>\n\n\n\n<p>\u00ab Ce jour du 17 mars m\u2019a marqu\u00e9e. Nous avons pr\u00e9par\u00e9 un repas typiquement r\u00e9unionnais : un carri poulet, un carri camaron et pour dessert un g\u00e2teau banane coco. Nous avons r\u00e9alis\u00e9 les plats avec l\u2019aide des Allemands, ce moment m\u2019a touch\u00e9e. Nous avons pu contacter que les Allemands ne sont pas mauvais en cuisine, nous avons beaucoup parl\u00e9, pris des photos et avons bien rigol\u00e9, j\u2019ai ador\u00e9 ce jour-l\u00e0. Quand la journ\u00e9e s\u2019est termin\u00e9e, chacun d\u2019entre nous a offert un souvenir de l\u2019\u00eele de la R\u00e9union \u00e0 la personne qu\u2019il avait le plus appr\u00e9ci\u00e9e durant le s\u00e9jour. \u00bb<\/p>\n\n\n\n<div class=\"wp-block-columns is-layout-flex wp-container-core-columns-is-layout-9d6595d7 wp-block-columns-is-layout-flex\">\n<div class=\"wp-block-column is-layout-flow wp-block-column-is-layout-flow\">\n<figure class=\"wp-block-image size-large is-resized\"><a href=\"http:\/\/wpetab.ac-reunion.fr\/ravinedescabris\/wp-content\/uploads\/sites\/158\/2020\/11\/Voyage-Allemagne-17.jpg\"><img loading=\"lazy\" decoding=\"async\" src=\"http:\/\/wpetab.ac-reunion.fr\/ravinedescabris\/wp-content\/uploads\/sites\/158\/2020\/11\/Voyage-Allemagne-17.jpg\" alt=\"\" class=\"wp-image-601\" width=\"233\" height=\"300\" srcset=\"https:\/\/etab.ac-reunion.fr\/clg-ravine-des-cabris\/wp-content\/uploads\/sites\/158\/2020\/11\/Voyage-Allemagne-17.jpg 465w, https:\/\/etab.ac-reunion.fr\/clg-ravine-des-cabris\/wp-content\/uploads\/sites\/158\/2020\/11\/Voyage-Allemagne-17-310x400.jpg 310w, https:\/\/etab.ac-reunion.fr\/clg-ravine-des-cabris\/wp-content\/uploads\/sites\/158\/2020\/11\/Voyage-Allemagne-17-102x132.jpg 102w\" sizes=\"auto, (max-width: 233px) 100vw, 233px\" \/><\/a><\/figure>\n<\/div>\n\n\n\n<div class=\"wp-block-column is-layout-flow wp-block-column-is-layout-flow\">\n<figure class=\"wp-block-image size-large is-resized\"><a href=\"http:\/\/wpetab.ac-reunion.fr\/ravinedescabris\/wp-content\/uploads\/sites\/158\/2020\/11\/Voyage-Allemagne-18.jpg\"><img loading=\"lazy\" decoding=\"async\" src=\"http:\/\/wpetab.ac-reunion.fr\/ravinedescabris\/wp-content\/uploads\/sites\/158\/2020\/11\/Voyage-Allemagne-18.jpg\" alt=\"\" class=\"wp-image-602\" width=\"167\" height=\"300\" srcset=\"https:\/\/etab.ac-reunion.fr\/clg-ravine-des-cabris\/wp-content\/uploads\/sites\/158\/2020\/11\/Voyage-Allemagne-18.jpg 333w, https:\/\/etab.ac-reunion.fr\/clg-ravine-des-cabris\/wp-content\/uploads\/sites\/158\/2020\/11\/Voyage-Allemagne-18-222x400.jpg 222w, https:\/\/etab.ac-reunion.fr\/clg-ravine-des-cabris\/wp-content\/uploads\/sites\/158\/2020\/11\/Voyage-Allemagne-18-73x132.jpg 73w\" sizes=\"auto, (max-width: 167px) 100vw, 167px\" \/><\/a><\/figure>\n<\/div>\n\n\n\n<div class=\"wp-block-column is-layout-flow wp-block-column-is-layout-flow\">\n<figure class=\"wp-block-image size-large is-resized\"><a href=\"http:\/\/wpetab.ac-reunion.fr\/ravinedescabris\/wp-content\/uploads\/sites\/158\/2020\/11\/Voyage-Allemagne-19.jpg\"><img loading=\"lazy\" decoding=\"async\" src=\"http:\/\/wpetab.ac-reunion.fr\/ravinedescabris\/wp-content\/uploads\/sites\/158\/2020\/11\/Voyage-Allemagne-19.jpg\" alt=\"\" class=\"wp-image-603\" width=\"221\" height=\"300\" srcset=\"https:\/\/etab.ac-reunion.fr\/clg-ravine-des-cabris\/wp-content\/uploads\/sites\/158\/2020\/11\/Voyage-Allemagne-19.jpg 442w, https:\/\/etab.ac-reunion.fr\/clg-ravine-des-cabris\/wp-content\/uploads\/sites\/158\/2020\/11\/Voyage-Allemagne-19-295x400.jpg 295w, https:\/\/etab.ac-reunion.fr\/clg-ravine-des-cabris\/wp-content\/uploads\/sites\/158\/2020\/11\/Voyage-Allemagne-19-97x132.jpg 97w\" sizes=\"auto, (max-width: 221px) 100vw, 221px\" \/><\/a><\/figure>\n<\/div>\n<\/div>\n\n\n\n<h3 class=\"wp-block-heading\">Samedi 18 mars 2018 :&nbsp;<\/h3>\n\n\n\n<p>\u00ab Nous sommes all\u00e9s au stade de Duisburg pour aller voir un match de foot. Ce dernier opposait le MSV Duisburg et le FC Rot-Wei\u00df Erfurt. Nous avons d\u00e9couvert la Curywurst, saucisse au curry ! \u00bb&nbsp;<\/p>\n\n\n\n<p>\u00ab Il pleuvait et faisait tr\u00e8s froid, nous avons mang\u00e9 un Bretzel XL d\u00e9licieux. Nous nous sommes beaucoup amus\u00e9s. L\u2019ambiance \u00e9tait incroyable. \u00bb<\/p>\n\n\n\n<div class=\"wp-block-image\"><figure class=\"aligncenter size-large is-resized\"><a href=\"http:\/\/wpetab.ac-reunion.fr\/ravinedescabris\/wp-content\/uploads\/sites\/158\/2020\/11\/Voyage-Allemagne-20.jpg\"><img loading=\"lazy\" decoding=\"async\" src=\"http:\/\/wpetab.ac-reunion.fr\/ravinedescabris\/wp-content\/uploads\/sites\/158\/2020\/11\/Voyage-Allemagne-20.jpg\" alt=\"\" class=\"wp-image-604\" width=\"400\" height=\"266\" srcset=\"https:\/\/etab.ac-reunion.fr\/clg-ravine-des-cabris\/wp-content\/uploads\/sites\/158\/2020\/11\/Voyage-Allemagne-20.jpg 800w, https:\/\/etab.ac-reunion.fr\/clg-ravine-des-cabris\/wp-content\/uploads\/sites\/158\/2020\/11\/Voyage-Allemagne-20-400x266.jpg 400w, https:\/\/etab.ac-reunion.fr\/clg-ravine-des-cabris\/wp-content\/uploads\/sites\/158\/2020\/11\/Voyage-Allemagne-20-768x511.jpg 768w, https:\/\/etab.ac-reunion.fr\/clg-ravine-des-cabris\/wp-content\/uploads\/sites\/158\/2020\/11\/Voyage-Allemagne-20-198x132.jpg 198w\" sizes=\"auto, (max-width: 400px) 100vw, 400px\" \/><\/a><\/figure><\/div>\n\n\n\n<h3 class=\"wp-block-heading\">Dimanche 19 mars 2017 :<\/h3>\n\n\n\n<p>\u00ab Visite du Gazom\u00e8tre avec les Allemands puis repr\u00e9sentation th\u00e9\u00e2trale \u00e0 Oberhausen avec la pi\u00e8ce Ronja R\u00e4ubertochter, tr\u00e8s int\u00e9ressante et dr\u00f4le, j\u2019ai beaucoup aim\u00e9. \u00bb<\/p>\n\n\n\n<p>Lundi 20 mars 2017 :&nbsp;<\/p>\n\n\n\n<p>\u00ab Le d\u00e9part est tr\u00e8s \u00e9mouvant car nous nous sommes attach\u00e9s aux Allemands. C\u2019est dur de les quitter, nous avons cr\u00e9\u00e9 des liens tr\u00e8s forts. J\u2019ai pour ma part \u00e9t\u00e9 tr\u00e8s \u00e9mue lors de notre d\u00e9part par la complicit\u00e9 que nous avons cr\u00e9\u00e9e en si peu de temps. \u00bb<\/p>\n\n\n\n<div class=\"wp-block-image\"><figure class=\"aligncenter size-large is-resized\"><a href=\"http:\/\/wpetab.ac-reunion.fr\/ravinedescabris\/wp-content\/uploads\/sites\/158\/2020\/11\/Voyage-Allemagne-21.jpg\"><img loading=\"lazy\" decoding=\"async\" src=\"http:\/\/wpetab.ac-reunion.fr\/ravinedescabris\/wp-content\/uploads\/sites\/158\/2020\/11\/Voyage-Allemagne-21.jpg\" alt=\"\" class=\"wp-image-605\" width=\"400\" height=\"269\" srcset=\"https:\/\/etab.ac-reunion.fr\/clg-ravine-des-cabris\/wp-content\/uploads\/sites\/158\/2020\/11\/Voyage-Allemagne-21.jpg 800w, https:\/\/etab.ac-reunion.fr\/clg-ravine-des-cabris\/wp-content\/uploads\/sites\/158\/2020\/11\/Voyage-Allemagne-21-400x269.jpg 400w, https:\/\/etab.ac-reunion.fr\/clg-ravine-des-cabris\/wp-content\/uploads\/sites\/158\/2020\/11\/Voyage-Allemagne-21-768x516.jpg 768w, https:\/\/etab.ac-reunion.fr\/clg-ravine-des-cabris\/wp-content\/uploads\/sites\/158\/2020\/11\/Voyage-Allemagne-21-196x132.jpg 196w\" sizes=\"auto, (max-width: 400px) 100vw, 400px\" \/><\/a><\/figure><\/div>\n\n\n\n<p>Divers \u2026<\/p>\n\n\n\n<p>\u00ab Ce voyage a \u00e9t\u00e9 une bonne exp\u00e9rience pour moi, j\u2019ai fait de nouvelles rencontres, j\u2019ai d\u00e9couvert un nouveau pays que j\u2019ai trouv\u00e9 magnifique et que je n\u2019h\u00e9siterai pas \u00e0 visiter \u00e0 nouveau et pourquoi pas y effectuer mes \u00e9tudes ? J\u2019ai appris beaucoup de choses, ma culture et ma fa\u00e7on de penser se sont d\u00e9velopp\u00e9es. Ce voyage m\u2019a permis \u00e9galement de prendre de la maturit\u00e9 et d\u2019\u00eatre plus responsable. Je suis revenue \u00e0 la R\u00e9union, je pense, transform\u00e9e et \u00e9panouie. \u00bb&nbsp;<\/p>\n\n\n\n<div class=\"wp-block-image\"><figure class=\"aligncenter size-large is-resized\"><a href=\"http:\/\/wpetab.ac-reunion.fr\/ravinedescabris\/wp-content\/uploads\/sites\/158\/2020\/11\/Voyage-Allemagne-10.jpg\"><img loading=\"lazy\" decoding=\"async\" src=\"http:\/\/wpetab.ac-reunion.fr\/ravinedescabris\/wp-content\/uploads\/sites\/158\/2020\/11\/Voyage-Allemagne-10.jpg\" alt=\"\" class=\"wp-image-594\" width=\"400\" height=\"284\" srcset=\"https:\/\/etab.ac-reunion.fr\/clg-ravine-des-cabris\/wp-content\/uploads\/sites\/158\/2020\/11\/Voyage-Allemagne-10.jpg 800w, https:\/\/etab.ac-reunion.fr\/clg-ravine-des-cabris\/wp-content\/uploads\/sites\/158\/2020\/11\/Voyage-Allemagne-10-400x284.jpg 400w, https:\/\/etab.ac-reunion.fr\/clg-ravine-des-cabris\/wp-content\/uploads\/sites\/158\/2020\/11\/Voyage-Allemagne-10-768x544.jpg 768w, https:\/\/etab.ac-reunion.fr\/clg-ravine-des-cabris\/wp-content\/uploads\/sites\/158\/2020\/11\/Voyage-Allemagne-10-186x132.jpg 186w\" sizes=\"auto, (max-width: 400px) 100vw, 400px\" \/><\/a><\/figure><\/div>\n\n\n\n<p>\u00ab Notre aventure se termine le 20 mars 2017, nous retournons sur notre \u00eele. Le plus dur pour nous tous est le dernier au revoir. Nos amis vont beaucoup nous manquer. Nous avons pleur\u00e9 \u2026 L\u2019Allemagne me manque beaucoup, les moments qu\u2019on a eu tous ensemble, les rires, la joie, le bonheur partag\u00e9s. \u00bb<\/p>\n\n\n\n<div class=\"wp-block-columns is-layout-flex wp-container-core-columns-is-layout-9d6595d7 wp-block-columns-is-layout-flex\">\n<div class=\"wp-block-column is-layout-flow wp-block-column-is-layout-flow\">\n<figure class=\"wp-block-image size-large is-resized\"><a href=\"http:\/\/wpetab.ac-reunion.fr\/ravinedescabris\/wp-content\/uploads\/sites\/158\/2020\/11\/Voyage-Allemagne-11.jpg\"><img loading=\"lazy\" decoding=\"async\" src=\"http:\/\/wpetab.ac-reunion.fr\/ravinedescabris\/wp-content\/uploads\/sites\/158\/2020\/11\/Voyage-Allemagne-11.jpg\" alt=\"\" class=\"wp-image-595\" width=\"238\" height=\"300\" srcset=\"https:\/\/etab.ac-reunion.fr\/clg-ravine-des-cabris\/wp-content\/uploads\/sites\/158\/2020\/11\/Voyage-Allemagne-11.jpg 476w, https:\/\/etab.ac-reunion.fr\/clg-ravine-des-cabris\/wp-content\/uploads\/sites\/158\/2020\/11\/Voyage-Allemagne-11-317x400.jpg 317w, https:\/\/etab.ac-reunion.fr\/clg-ravine-des-cabris\/wp-content\/uploads\/sites\/158\/2020\/11\/Voyage-Allemagne-11-105x132.jpg 105w\" sizes=\"auto, (max-width: 238px) 100vw, 238px\" \/><\/a><\/figure>\n<\/div>\n\n\n\n<div class=\"wp-block-column is-layout-flow wp-block-column-is-layout-flow\">\n<figure class=\"wp-block-image size-large is-resized\"><a href=\"http:\/\/wpetab.ac-reunion.fr\/ravinedescabris\/wp-content\/uploads\/sites\/158\/2020\/11\/Voyage-Allemagne-12.jpg\"><img loading=\"lazy\" decoding=\"async\" src=\"http:\/\/wpetab.ac-reunion.fr\/ravinedescabris\/wp-content\/uploads\/sites\/158\/2020\/11\/Voyage-Allemagne-12.jpg\" alt=\"\" class=\"wp-image-596\" width=\"380\" height=\"300\" srcset=\"https:\/\/etab.ac-reunion.fr\/clg-ravine-des-cabris\/wp-content\/uploads\/sites\/158\/2020\/11\/Voyage-Allemagne-12.jpg 759w, https:\/\/etab.ac-reunion.fr\/clg-ravine-des-cabris\/wp-content\/uploads\/sites\/158\/2020\/11\/Voyage-Allemagne-12-400x316.jpg 400w, https:\/\/etab.ac-reunion.fr\/clg-ravine-des-cabris\/wp-content\/uploads\/sites\/158\/2020\/11\/Voyage-Allemagne-12-167x132.jpg 167w\" sizes=\"auto, (max-width: 380px) 100vw, 380px\" \/><\/a><\/figure>\n<\/div>\n<\/div>\n\n\n\n<p>\u00ab Personne ne voulait partir, tout le monde s\u2019est mis \u00e0 pleurer. C\u2019\u00e9tait le pire jour pour tout le monde. Mais j\u2019en ai conclu que c\u2019\u00e9tait les meilleures vacances qu\u2019on aurait pu avoir! \u00bb<\/p>\n\n\n\n<figure class=\"wp-block-embed-youtube wp-block-embed is-type-video is-provider-youtube wp-embed-aspect-16-9 wp-has-aspect-ratio\"><div class=\"wp-block-embed__wrapper\">\n<iframe loading=\"lazy\" title=\"Vide\u0301o Echange Allemagne 2017\" width=\"1505\" height=\"847\" src=\"https:\/\/www.youtube.com\/embed\/b8JoyseuDUA?feature=oembed\" frameborder=\"0\" allow=\"accelerometer; autoplay; clipboard-write; encrypted-media; gyroscope; picture-in-picture; web-share\" referrerpolicy=\"strict-origin-when-cross-origin\" allowfullscreen><\/iframe>\n<\/div><\/figure>\n","protected":false},"excerpt":{"rendered":"","protected":false},"author":27941,"featured_media":585,"comment_status":"closed","ping_status":"closed","sticky":false,"template":"","format":"standard","meta":{"footnotes":"","_links_to":"","_links_to_target":""},"categories":[35,13,10],"tags":[],"class_list":["post-580","post","type-post","status-publish","format-standard","has-post-thumbnail","hentry","category-allemand","category-projets-pedagogique","category-voyages-scolaires"],"_links":{"self":[{"href":"https:\/\/etab.ac-reunion.fr\/clg-ravine-des-cabris\/wp-json\/wp\/v2\/posts\/580","targetHints":{"allow":["GET"]}}],"collection":[{"href":"https:\/\/etab.ac-reunion.fr\/clg-ravine-des-cabris\/wp-json\/wp\/v2\/posts"}],"about":[{"href":"https:\/\/etab.ac-reunion.fr\/clg-ravine-des-cabris\/wp-json\/wp\/v2\/types\/post"}],"author":[{"embeddable":true,"href":"https:\/\/etab.ac-reunion.fr\/clg-ravine-des-cabris\/wp-json\/wp\/v2\/users\/27941"}],"replies":[{"embeddable":true,"href":"https:\/\/etab.ac-reunion.fr\/clg-ravine-des-cabris\/wp-json\/wp\/v2\/comments?post=580"}],"version-history":[{"count":10,"href":"https:\/\/etab.ac-reunion.fr\/clg-ravine-des-cabris\/wp-json\/wp\/v2\/posts\/580\/revisions"}],"predecessor-version":[{"id":823,"href":"https:\/\/etab.ac-reunion.fr\/clg-ravine-des-cabris\/wp-json\/wp\/v2\/posts\/580\/revisions\/823"}],"wp:featuredmedia":[{"embeddable":true,"href":"https:\/\/etab.ac-reunion.fr\/clg-ravine-des-cabris\/wp-json\/wp\/v2\/media\/585"}],"wp:attachment":[{"href":"https:\/\/etab.ac-reunion.fr\/clg-ravine-des-cabris\/wp-json\/wp\/v2\/media?parent=580"}],"wp:term":[{"taxonomy":"category","embeddable":true,"href":"https:\/\/etab.ac-reunion.fr\/clg-ravine-des-cabris\/wp-json\/wp\/v2\/categories?post=580"},{"taxonomy":"post_tag","embeddable":true,"href":"https:\/\/etab.ac-reunion.fr\/clg-ravine-des-cabris\/wp-json\/wp\/v2\/tags?post=580"}],"curies":[{"name":"wp","href":"https:\/\/api.w.org\/{rel}","templated":true}]}}