{"id":612,"date":"2018-04-13T11:45:19","date_gmt":"2018-04-13T09:45:19","guid":{"rendered":"http:\/\/college-ravinedescabris-tmp.ac-reunion.fr\/?p=612"},"modified":"2020-12-16T13:37:50","modified_gmt":"2020-12-16T12:37:50","slug":"echange-ravine-des-cabris-reunion-duisburg-allemagne-9-23-mars-2018-4eme-et-3eme-arendt-scholl","status":"publish","type":"post","link":"https:\/\/etab.ac-reunion.fr\/clg-ravine-des-cabris\/2018\/04\/13\/echange-ravine-des-cabris-reunion-duisburg-allemagne-9-23-mars-2018-4eme-et-3eme-arendt-scholl\/","title":{"rendered":"Echange  Ravine des Cabris\/REUNION-Duisburg\/ALLEMAGNE 9-23 mars 2018 4\u00e8me et 3\u00e8me Arendt\/Scholl"},"content":{"rendered":"\n<figure class=\"wp-block-image size-large\"><img loading=\"lazy\" decoding=\"async\" width=\"345\" height=\"132\" src=\"http:\/\/wpetab.ac-reunion.fr\/ravinedescabris\/wp-content\/uploads\/sites\/158\/2020\/10\/drapeau.jpg\" alt=\"\" class=\"wp-image-327\" \/><\/figure>\n\n\n<a href=\"https:\/\/wpetab.ac-reunion.fr\/ravinedescabris\/wp-content\/uploads\/sites\/158\/2020\/11\/carnet-de-voyage-2018.pdf\" class=\"pdfemb-viewer\" style=\"\" data-width=\"max\" data-height=\"max\" data-toolbar=\"both\" data-toolbar-fixed=\"on\">carnet-de-voyage-2018<\/a>\n<p class=\"wp-block-pdfemb-pdf-embedder-viewer\"><\/p>\n\n\n\n<div class=\"wp-block-columns is-layout-flex wp-container-core-columns-is-layout-9d6595d7 wp-block-columns-is-layout-flex\">\n<div class=\"wp-block-column is-layout-flow wp-block-column-is-layout-flow\">\n<p><strong>Mirkos Rap \u2026<\/strong><\/p>\n\n\n\n<p>12 Tage ist es her da haben wir uns gesehen<\/p>\n\n\n\n<p>Es war wie ein Zufall und nun ist es geschehen<\/p>\n\n\n\n<p>Ihr standet da mit euren Koffern und eurem L\u00e4cheln<\/p>\n\n\n\n<p>Und das werde ich niemals vergessen<\/p>\n\n\n\n<p>Jeder Tag voller Fun und noch viel mehr<\/p>\n\n\n\n<p>Ihr seid \u2018ne tolle Truppe bitte merkt euch das<\/p>\n\n\n\n<p>Denn ihr seid ein Schatz und das war kein Spass<\/p>\n\n\n\n<p>Es ist so viel passiert ich wurde so sehr verwirrt<\/p>\n\n\n\n<p>Doch den Gedanken an euch ja denn hab ich akzeptiert<\/p>\n\n\n\n<p>Jeder von euch ist ein Ph\u00e4nomen also bleibt wie ihr seid denn nur so schafft ihrs weit<\/p>\n\n\n\n<p>Dies sind meine letzten Worte ihr sollt es wissen es war \u2018ne tolle Zeit<\/p>\n\n\n\n<p>Und ich m\u00f6chte sie nicht missen<\/p>\n\n\n\n<p>Jeden einzelnen von euch m\u00f6chte ich so sehr danken f\u00fcr diese tolle Zeit<\/p>\n\n\n\n<p>Also sag ich euch noch eins<\/p>\n\n\n\n<p>Lebt eure Tr\u00e4ume<\/p>\n\n\n\n<p>Geht euren Weg<\/p>\n\n\n\n<p>Verfolgt eure Ziele denn nur das ist was z\u00e4hlt (x3)<\/p>\n<\/div>\n\n\n\n<div class=\"wp-block-column is-layout-flow wp-block-column-is-layout-flow\">\n<p>Mirko, un \u00e9l\u00e8ve allemand, nous a accompagn\u00e9s durant tout le s\u00e9jour.<\/p>\n\n\n\n<p>Il est devenu notre ami.<\/p>\n\n\n\n<p>La veille de notre d\u00e9part il a interpr\u00e9t\u00e9 un rap qu\u2019il a compos\u00e9 pour nous \u2026<\/p>\n\n\n\n<div class=\"wp-block-image\"><figure class=\"aligncenter\"><img decoding=\"async\" src=\"https:\/\/etab.ac-reunion.fr\/clg-ravine-des-cabris\/wp\/wp-content\/uploads\/2018\/12\/coeur.png\" alt=\"\" class=\"wp-image-8103\" \/><\/figure><\/div>\n<\/div>\n<\/div>\n\n\n\n<figure class=\"wp-block-audio\"><audio controls src=\"http:\/\/wpetab.ac-reunion.fr\/ravinedescabris\/wp-content\/uploads\/sites\/158\/2020\/11\/Rap-Mirko.mp3\"><\/audio><\/figure>\n\n\n\n<figure class=\"wp-block-embed-youtube wp-block-embed is-type-video is-provider-youtube wp-embed-aspect-16-9 wp-has-aspect-ratio\"><div class=\"wp-block-embed__wrapper\">\n<iframe loading=\"lazy\" title=\"ECHANGE ALL2018 Djasan\" width=\"1505\" height=\"847\" src=\"https:\/\/www.youtube.com\/embed\/OdLIcoJWvEo?feature=oembed\" frameborder=\"0\" allow=\"accelerometer; autoplay; clipboard-write; encrypted-media; gyroscope; picture-in-picture; web-share\" referrerpolicy=\"strict-origin-when-cross-origin\" allowfullscreen><\/iframe>\n<\/div><\/figure>\n\n\n\n<p><\/p>\n","protected":false},"excerpt":{"rendered":"","protected":false},"author":27941,"featured_media":327,"comment_status":"closed","ping_status":"closed","sticky":false,"template":"","format":"standard","meta":{"footnotes":"","_links_to":"","_links_to_target":""},"categories":[35,13,10],"tags":[],"class_list":["post-612","post","type-post","status-publish","format-standard","has-post-thumbnail","hentry","category-allemand","category-projets-pedagogique","category-voyages-scolaires"],"_links":{"self":[{"href":"https:\/\/etab.ac-reunion.fr\/clg-ravine-des-cabris\/wp-json\/wp\/v2\/posts\/612","targetHints":{"allow":["GET"]}}],"collection":[{"href":"https:\/\/etab.ac-reunion.fr\/clg-ravine-des-cabris\/wp-json\/wp\/v2\/posts"}],"about":[{"href":"https:\/\/etab.ac-reunion.fr\/clg-ravine-des-cabris\/wp-json\/wp\/v2\/types\/post"}],"author":[{"embeddable":true,"href":"https:\/\/etab.ac-reunion.fr\/clg-ravine-des-cabris\/wp-json\/wp\/v2\/users\/27941"}],"replies":[{"embeddable":true,"href":"https:\/\/etab.ac-reunion.fr\/clg-ravine-des-cabris\/wp-json\/wp\/v2\/comments?post=612"}],"version-history":[{"count":2,"href":"https:\/\/etab.ac-reunion.fr\/clg-ravine-des-cabris\/wp-json\/wp\/v2\/posts\/612\/revisions"}],"predecessor-version":[{"id":616,"href":"https:\/\/etab.ac-reunion.fr\/clg-ravine-des-cabris\/wp-json\/wp\/v2\/posts\/612\/revisions\/616"}],"wp:featuredmedia":[{"embeddable":true,"href":"https:\/\/etab.ac-reunion.fr\/clg-ravine-des-cabris\/wp-json\/wp\/v2\/media\/327"}],"wp:attachment":[{"href":"https:\/\/etab.ac-reunion.fr\/clg-ravine-des-cabris\/wp-json\/wp\/v2\/media?parent=612"}],"wp:term":[{"taxonomy":"category","embeddable":true,"href":"https:\/\/etab.ac-reunion.fr\/clg-ravine-des-cabris\/wp-json\/wp\/v2\/categories?post=612"},{"taxonomy":"post_tag","embeddable":true,"href":"https:\/\/etab.ac-reunion.fr\/clg-ravine-des-cabris\/wp-json\/wp\/v2\/tags?post=612"}],"curies":[{"name":"wp","href":"https:\/\/api.w.org\/{rel}","templated":true}]}}