{"id":617,"date":"2019-12-20T12:37:55","date_gmt":"2019-12-20T11:37:55","guid":{"rendered":"http:\/\/college-ravinedescabris-tmp.ac-reunion.fr\/?p=617"},"modified":"2020-11-13T12:38:30","modified_gmt":"2020-11-13T11:38:30","slug":"visitas-al-pasado","status":"publish","type":"post","link":"https:\/\/etab.ac-reunion.fr\/clg-ravine-des-cabris\/2019\/12\/20\/visitas-al-pasado\/","title":{"rendered":"Visitas al pasado"},"content":{"rendered":"\n<h3 class=\"wp-block-heading\"><strong>Spectacle des 3\u00e8mes avec option LCE espagnol<\/strong><\/h3>\n\n\n\n<p>Nous avons commenc\u00e9 le th\u00e9\u00e2tre en cours d\u2019espagnol en 4\u00e8me \u00e0 raison d\u2019une heure par semaine. Cette premi\u00e8re ann\u00e9e-l\u00e0, nous avons particip\u00e9 aux Rencontres Acad\u00e9miques de Th\u00e9\u00e2tre \u00e0 Saint Denis, au th\u00e9\u00e2tre Vladimir Canter. La th\u00e9matique\u00a0propos\u00e9e \u00e9tait \u00abFraternidad\u00bb.<\/p>\n\n\n\n<div class=\"wp-block-image\"><figure class=\"aligncenter size-medium\"><a href=\"http:\/\/wpetab.ac-reunion.fr\/ravinedescabris\/wp-content\/uploads\/sites\/158\/2020\/11\/fraternidad01-1400x790-1.jpg\"><img loading=\"lazy\" decoding=\"async\" width=\"400\" height=\"226\" src=\"http:\/\/wpetab.ac-reunion.fr\/ravinedescabris\/wp-content\/uploads\/sites\/158\/2020\/11\/fraternidad01-1400x790-1-400x226.jpg\" alt=\"\" class=\"wp-image-618\" srcset=\"https:\/\/etab.ac-reunion.fr\/clg-ravine-des-cabris\/wp-content\/uploads\/sites\/158\/2020\/11\/fraternidad01-1400x790-1-400x226.jpg 400w, https:\/\/etab.ac-reunion.fr\/clg-ravine-des-cabris\/wp-content\/uploads\/sites\/158\/2020\/11\/fraternidad01-1400x790-1-768x433.jpg 768w, https:\/\/etab.ac-reunion.fr\/clg-ravine-des-cabris\/wp-content\/uploads\/sites\/158\/2020\/11\/fraternidad01-1400x790-1-234x132.jpg 234w, https:\/\/etab.ac-reunion.fr\/clg-ravine-des-cabris\/wp-content\/uploads\/sites\/158\/2020\/11\/fraternidad01-1400x790-1.jpg 1400w\" sizes=\"auto, (max-width: 400px) 100vw, 400px\" \/><\/a><\/figure><\/div>\n\n\n\n<p>Nous avons eu la chance d\u2019avoir un com\u00e9dien sur 8 heures de cours. Cette exp\u00e9rience&nbsp;fut&nbsp;tr\u00e8s riche.<\/p>\n\n\n\n<p>Nous avons \u00e9galement jou\u00e9 \u00e0 Cilaos devant les secondes et premi\u00e8res BACHIBAC de Roland Garros. Ce fut une rencontre incroyable, dans un g\u00eete, au milieu des montagnes.<\/p>\n\n\n\n<div class=\"wp-block-image\"><figure class=\"aligncenter size-medium\"><a href=\"http:\/\/wpetab.ac-reunion.fr\/ravinedescabris\/wp-content\/uploads\/sites\/158\/2020\/11\/fraternidad02-1400x801-1.jpg\"><img loading=\"lazy\" decoding=\"async\" width=\"400\" height=\"229\" src=\"http:\/\/wpetab.ac-reunion.fr\/ravinedescabris\/wp-content\/uploads\/sites\/158\/2020\/11\/fraternidad02-1400x801-1-400x229.jpg\" alt=\"\" class=\"wp-image-619\" srcset=\"https:\/\/etab.ac-reunion.fr\/clg-ravine-des-cabris\/wp-content\/uploads\/sites\/158\/2020\/11\/fraternidad02-1400x801-1-400x229.jpg 400w, https:\/\/etab.ac-reunion.fr\/clg-ravine-des-cabris\/wp-content\/uploads\/sites\/158\/2020\/11\/fraternidad02-1400x801-1-768x439.jpg 768w, https:\/\/etab.ac-reunion.fr\/clg-ravine-des-cabris\/wp-content\/uploads\/sites\/158\/2020\/11\/fraternidad02-1400x801-1-231x132.jpg 231w, https:\/\/etab.ac-reunion.fr\/clg-ravine-des-cabris\/wp-content\/uploads\/sites\/158\/2020\/11\/fraternidad02-1400x801-1.jpg 1400w\" sizes=\"auto, (max-width: 400px) 100vw, 400px\" \/><\/a><\/figure><\/div>\n\n\n\n<p>Enfin, nous avons propos\u00e9 notre spectacle devant nos parents en fin d\u2019ann\u00e9e scolaire.<\/p>\n\n\n\n<div class=\"wp-block-image\"><figure class=\"aligncenter size-medium\"><a href=\"http:\/\/wpetab.ac-reunion.fr\/ravinedescabris\/wp-content\/uploads\/sites\/158\/2020\/11\/fraternidad03-1400x784-1.jpg\"><img loading=\"lazy\" decoding=\"async\" width=\"400\" height=\"224\" src=\"http:\/\/wpetab.ac-reunion.fr\/ravinedescabris\/wp-content\/uploads\/sites\/158\/2020\/11\/fraternidad03-1400x784-1-400x224.jpg\" alt=\"\" class=\"wp-image-620\" srcset=\"https:\/\/etab.ac-reunion.fr\/clg-ravine-des-cabris\/wp-content\/uploads\/sites\/158\/2020\/11\/fraternidad03-1400x784-1-400x224.jpg 400w, https:\/\/etab.ac-reunion.fr\/clg-ravine-des-cabris\/wp-content\/uploads\/sites\/158\/2020\/11\/fraternidad03-1400x784-1-768x430.jpg 768w, https:\/\/etab.ac-reunion.fr\/clg-ravine-des-cabris\/wp-content\/uploads\/sites\/158\/2020\/11\/fraternidad03-1400x784-1-236x132.jpg 236w, https:\/\/etab.ac-reunion.fr\/clg-ravine-des-cabris\/wp-content\/uploads\/sites\/158\/2020\/11\/fraternidad03-1400x784-1.jpg 1400w\" sizes=\"auto, (max-width: 400px) 100vw, 400px\" \/><\/a><\/figure><\/div>\n\n\n\n<figure class=\"wp-block-embed-youtube wp-block-embed is-type-video is-provider-youtube wp-embed-aspect-16-9 wp-has-aspect-ratio\"><div class=\"wp-block-embed__wrapper\">\n<iframe loading=\"lazy\" title=\"THEATRE: Visitas al pasado\" width=\"1505\" height=\"847\" src=\"https:\/\/www.youtube.com\/embed\/KaVFifirhao?feature=oembed\" frameborder=\"0\" allow=\"accelerometer; autoplay; clipboard-write; encrypted-media; gyroscope; picture-in-picture; web-share\" referrerpolicy=\"strict-origin-when-cross-origin\" allowfullscreen><\/iframe>\n<\/div><\/figure>\n","protected":false},"excerpt":{"rendered":"","protected":false},"author":27941,"featured_media":619,"comment_status":"closed","ping_status":"closed","sticky":false,"template":"","format":"standard","meta":{"footnotes":"","_links_to":"","_links_to_target":""},"categories":[16],"tags":[],"class_list":["post-617","post","type-post","status-publish","format-standard","has-post-thumbnail","hentry","category-espagnol"],"_links":{"self":[{"href":"https:\/\/etab.ac-reunion.fr\/clg-ravine-des-cabris\/wp-json\/wp\/v2\/posts\/617","targetHints":{"allow":["GET"]}}],"collection":[{"href":"https:\/\/etab.ac-reunion.fr\/clg-ravine-des-cabris\/wp-json\/wp\/v2\/posts"}],"about":[{"href":"https:\/\/etab.ac-reunion.fr\/clg-ravine-des-cabris\/wp-json\/wp\/v2\/types\/post"}],"author":[{"embeddable":true,"href":"https:\/\/etab.ac-reunion.fr\/clg-ravine-des-cabris\/wp-json\/wp\/v2\/users\/27941"}],"replies":[{"embeddable":true,"href":"https:\/\/etab.ac-reunion.fr\/clg-ravine-des-cabris\/wp-json\/wp\/v2\/comments?post=617"}],"version-history":[{"count":1,"href":"https:\/\/etab.ac-reunion.fr\/clg-ravine-des-cabris\/wp-json\/wp\/v2\/posts\/617\/revisions"}],"predecessor-version":[{"id":621,"href":"https:\/\/etab.ac-reunion.fr\/clg-ravine-des-cabris\/wp-json\/wp\/v2\/posts\/617\/revisions\/621"}],"wp:featuredmedia":[{"embeddable":true,"href":"https:\/\/etab.ac-reunion.fr\/clg-ravine-des-cabris\/wp-json\/wp\/v2\/media\/619"}],"wp:attachment":[{"href":"https:\/\/etab.ac-reunion.fr\/clg-ravine-des-cabris\/wp-json\/wp\/v2\/media?parent=617"}],"wp:term":[{"taxonomy":"category","embeddable":true,"href":"https:\/\/etab.ac-reunion.fr\/clg-ravine-des-cabris\/wp-json\/wp\/v2\/categories?post=617"},{"taxonomy":"post_tag","embeddable":true,"href":"https:\/\/etab.ac-reunion.fr\/clg-ravine-des-cabris\/wp-json\/wp\/v2\/tags?post=617"}],"curies":[{"name":"wp","href":"https:\/\/api.w.org\/{rel}","templated":true}]}}