{"id":644,"date":"2019-11-16T08:39:25","date_gmt":"2019-11-16T07:39:25","guid":{"rendered":"http:\/\/college-ravinedescabris-tmp.ac-reunion.fr\/?p=644"},"modified":"2020-11-16T08:41:07","modified_gmt":"2020-11-16T07:41:07","slug":"teleservice-orientation-en-3e-guide","status":"publish","type":"post","link":"https:\/\/etab.ac-reunion.fr\/clg-ravine-des-cabris\/2019\/11\/16\/teleservice-orientation-en-3e-guide\/","title":{"rendered":"T\u00e9l\u00e9service Orientation en 3e: guide"},"content":{"rendered":"<a href=\"https:\/\/wpetab.ac-reunion.fr\/ravinedescabris\/wp-content\/uploads\/sites\/158\/2020\/11\/Guide_Teleservice_Orientation_3e_accompagnement_familles-web.pdf\" class=\"pdfemb-viewer\" style=\"\" data-width=\"max\" data-height=\"max\" data-toolbar=\"both\" data-toolbar-fixed=\"on\">Guide_Teleservice_Orientation_3e_accompagnement_familles-web<\/a>\n<p class=\"wp-block-pdfemb-pdf-embedder-viewer\"><\/p>\n\n\n\n<div class=\"wp-block-buttons is-layout-flex wp-block-buttons-is-layout-flex\">\n<div class=\"wp-block-button\"><a class=\"wp-block-button__link has-accent-1-background-color has-background\" href=\"http:\/\/wpetab.ac-reunion.fr\/ravinedescabris\/wp-content\/uploads\/sites\/158\/2020\/11\/Guide_Teleservice_Orientation_3e_accompagnement_familles-web.pdf\">agrandir<\/a><\/div>\n<\/div>\n\n\n\n<h3 class=\"wp-block-heading\">Voir aussi:<\/h3>\n\n\n\n<p><strong>Dans le cadre de la phase d\u00e9finitive de la campagne d\u2019orientation 2020, nous mettons \u00e0 votre disposition un additif au guide qui vous \u00e9t\u00e9 diffus\u00e9 en janvier sur le t\u00e9l\u00e9service.<\/strong><\/p>\n\n\n\n<p>Cet additif,&nbsp;<strong>destin\u00e9 aux personnes en charge de l\u2019accompagnement des parents d\u2019\u00e9l\u00e8ves, pr\u00e9sente le d\u00e9roulement de la saisie des choix d\u00e9finitifs d\u2019orientation.<\/strong><\/p>\n\n\n\n<p>Vous pouvez le&nbsp;<strong>t\u00e9l\u00e9charger<\/strong>&nbsp;ici&nbsp;:&nbsp;<a href=\"https:\/\/media.eduscol.education.fr\/file\/Orientation\/65\/4\/Guide_Teleservice_Orientation_3e_Chefs_Etab_additif_1270654.pdf\">https:\/\/media.eduscol.education.fr\/file\/Orientation\/65\/4\/Guide_Teleservice_Orientation_3e_Chefs_Etab_additif_1270654.pdf<\/a><\/p>\n\n\n\n<p>Il est \u00e9galement d\u00e9pos\u00e9 sur l\u2019intranet Pl\u00e9iade o\u00f9 vous retrouverez tous les supports d\u2019accompagnement relatifs \u00e0 la campagne d\u2019orientation 2020 :<\/p>\n\n\n\n<p>\u2013 acc\u00e8s via ARENA \/ Intranet, r\u00e9f\u00e9rentiel et outils \/ Pl\u00e9iade \/ onglet Structures et m\u00e9tiers \/ Espace \u00ab&nbsp;Num\u00e9rique et syst\u00e8mes d\u2019information&nbsp;\u00bb \/ page \u00ab&nbsp;Demander en ligne sa voie d\u2019orientation apr\u00e8s la 3<sup>e<\/sup>&nbsp;\u00bb<\/p>\n\n\n\n<p>\u2013 ou acc\u00e8s direct via l\u2019adresse suivante avec vos identifiants et mot de passe acad\u00e9miques habituels&nbsp;:&nbsp;<a href=\"https:\/\/www.pleiade.education.fr\/StructuresMetiers\/SRI\/projets\/scolarite\/Pages\/orientation-3e-en-ligne.aspx\">https:\/\/www.pleiade.education.fr\/StructuresMetiers\/SRI\/projets\/scolarite\/Pages\/orientation-3e-en-ligne.aspx<\/a><\/p>\n\n\n\n<hr class=\"wp-block-separator\" \/>\n\n\n\n<h4 class=\"wp-block-heading\"><\/h4>\n\n\n\n<h4 class=\"wp-block-heading\"><a href=\"http:\/\/www.onisep.fr\/Choisir-mes-etudes\/College\/Orientation-au-college\/Eleves-de-3e-vous-accompagner-dans-vos-choix-d-orientation\">http:\/\/www.onisep.fr\/Choisir-mes-etudes\/College\/Orientation-au-college\/Eleves-de-3e-vous-accompagner-dans-vos-choix-d-orientation<\/a><\/h4>\n\n\n\n<h4 class=\"wp-block-heading\"><a href=\"https:\/\/eduscol.education.fr\/cid150849\/continuite-de-l-accompagnement-pedagogique-a-l-orientation.html\">https:\/\/eduscol.education.fr\/cid150849\/continuite-de-l-accompagnement-pedagogique-a-l-orientation.html<\/a><\/h4>\n","protected":false},"excerpt":{"rendered":"","protected":false},"author":27941,"featured_media":646,"comment_status":"closed","ping_status":"closed","sticky":false,"template":"","format":"standard","meta":{"footnotes":"","_links_to":"","_links_to_target":""},"categories":[46,12],"tags":[],"class_list":["post-644","post","type-post","status-publish","format-standard","has-post-thumbnail","hentry","category-infos-generales","category-infos-parents"],"_links":{"self":[{"href":"https:\/\/etab.ac-reunion.fr\/clg-ravine-des-cabris\/wp-json\/wp\/v2\/posts\/644","targetHints":{"allow":["GET"]}}],"collection":[{"href":"https:\/\/etab.ac-reunion.fr\/clg-ravine-des-cabris\/wp-json\/wp\/v2\/posts"}],"about":[{"href":"https:\/\/etab.ac-reunion.fr\/clg-ravine-des-cabris\/wp-json\/wp\/v2\/types\/post"}],"author":[{"embeddable":true,"href":"https:\/\/etab.ac-reunion.fr\/clg-ravine-des-cabris\/wp-json\/wp\/v2\/users\/27941"}],"replies":[{"embeddable":true,"href":"https:\/\/etab.ac-reunion.fr\/clg-ravine-des-cabris\/wp-json\/wp\/v2\/comments?post=644"}],"version-history":[{"count":2,"href":"https:\/\/etab.ac-reunion.fr\/clg-ravine-des-cabris\/wp-json\/wp\/v2\/posts\/644\/revisions"}],"predecessor-version":[{"id":648,"href":"https:\/\/etab.ac-reunion.fr\/clg-ravine-des-cabris\/wp-json\/wp\/v2\/posts\/644\/revisions\/648"}],"wp:featuredmedia":[{"embeddable":true,"href":"https:\/\/etab.ac-reunion.fr\/clg-ravine-des-cabris\/wp-json\/wp\/v2\/media\/646"}],"wp:attachment":[{"href":"https:\/\/etab.ac-reunion.fr\/clg-ravine-des-cabris\/wp-json\/wp\/v2\/media?parent=644"}],"wp:term":[{"taxonomy":"category","embeddable":true,"href":"https:\/\/etab.ac-reunion.fr\/clg-ravine-des-cabris\/wp-json\/wp\/v2\/categories?post=644"},{"taxonomy":"post_tag","embeddable":true,"href":"https:\/\/etab.ac-reunion.fr\/clg-ravine-des-cabris\/wp-json\/wp\/v2\/tags?post=644"}],"curies":[{"name":"wp","href":"https:\/\/api.w.org\/{rel}","templated":true}]}}