{"id":715,"date":"2020-11-30T15:59:43","date_gmt":"2020-11-30T14:59:43","guid":{"rendered":"http:\/\/college-ravinedescabris-tmp.ac-reunion.fr\/?p=715"},"modified":"2020-12-16T14:04:25","modified_gmt":"2020-12-16T13:04:25","slug":"tournoi-dechecs-au-college","status":"publish","type":"post","link":"https:\/\/etab.ac-reunion.fr\/clg-ravine-des-cabris\/2020\/11\/30\/tournoi-dechecs-au-college\/","title":{"rendered":"Tournoi d&rsquo;\u00c9checs au coll\u00e8ge"},"content":{"rendered":"\n<figure class=\"wp-block-image size-large\"><img loading=\"lazy\" decoding=\"async\" width=\"640\" height=\"360\" src=\"http:\/\/wpetab.ac-reunion.fr\/ravinedescabris\/wp-content\/uploads\/sites\/158\/2020\/11\/echiquier.jpg\" alt=\"\" class=\"wp-image-716\" srcset=\"https:\/\/etab.ac-reunion.fr\/clg-ravine-des-cabris\/wp-content\/uploads\/sites\/158\/2020\/11\/echiquier.jpg 640w, https:\/\/etab.ac-reunion.fr\/clg-ravine-des-cabris\/wp-content\/uploads\/sites\/158\/2020\/11\/echiquier-235x132.jpg 235w\" sizes=\"auto, (max-width: 640px) 100vw, 640px\" \/><\/figure>\n\n\n\n<p>&nbsp;Dans le cadre de la Strat\u00e9gie math\u00e9matiques et de la pratique sportive du jeu d\u2019\u00e9checs, M. Folio, professeur de math\u00e9matiques et les professeurs de l\u2019atelier \u00e9checs avec l\u2019appui de l\u2019association sportive LA TOUR Saint-Pierroise organisent un tournoi d\u2019\u00e9chec \u00e0 destination des \u00e9l\u00e8ves.&nbsp;<\/p>\n\n\n\n<p>La fiche d\u2019inscription et d\u2019autorisation parentale sont \u00e0 retirer aupr\u00e8s des professeurs de l\u2019atelier d\u2019\u00e9checs : M. Folio \u2013 M. Breysse \u2013 M. Veyer -M. Moulan.&nbsp;<\/p>\n\n\n\n<p>L\u2019objectif \u00e9tant de d\u00e9velopper l\u2019usage de ce jeu traditionnel qui mobilise logique, strat\u00e9gie, rigueur et capacit\u00e9 d\u2019abstraction tout en facilitant l\u2019apprentissage de la citoyennet\u00e9 par le respect des r\u00e8gles et d\u2019autrui.&nbsp;<\/p>\n\n\n\n<hr class=\"wp-block-separator\" \/>\n\n\n\n<p><\/p>\n\n\n\n<div class=\"wp-block-group\"><div class=\"wp-block-group__inner-container is-layout-flow wp-block-group-is-layout-flow\">\n<p class=\"has-accent-2-color has-text-color\"><em>Le mercredi 9 d\u00e9cembre a eu lieu la 10e \u00e9dition rapide du coll\u00e8ge de la Ravine des Cabris, organis\u00e9e par La Tour St Pierroise.<\/em><\/p>\n\n\n\n<p class=\"has-accent-2-color has-text-color\"><em>Le grand vainqueur est\u00a0<strong>Cyan CORMIER<\/strong>, qui a battu haut la main tous ses valeureux ( et d\u00e9sesp\u00e9r\u00e9s) adversaires.<\/em><\/p>\n\n\n\n<p class=\"has-accent-2-color has-text-color\"><em>La deuxi\u00e8me du classement g\u00e9n\u00e9ral et premi\u00e8re du classement f\u00e9minin est\u00a0<strong>Manella ANDRIANDAZA<\/strong>\u00a0(qui a fait la m\u00eame chose que Cyan).<\/em><\/p>\n\n\n\n<p class=\"has-accent-2-color has-text-color\"><em>Il y a eu beaucoup de monde : 83 personnes, mais certaines venaient juste pour soutenir les concurrents!<\/em><\/p>\n\n\n\n<p class=\"has-accent-2-color has-text-color\"><em>Les deux personnes cit\u00e9es ci-dessus monopolisent depuis 4 ans le top 3 du tournoi (un peu comme Rafael NADAL), mais quand ils partiront au lyc\u00e9e\u2026<\/em><\/p>\n\n\n\n<p class=\"has-accent-2-color has-text-color\"><em>Basile Stevanin<\/em><\/p>\n<\/div><\/div>\n\n\n\n<p><\/p>\n","protected":false},"excerpt":{"rendered":"","protected":false},"author":27941,"featured_media":716,"comment_status":"closed","ping_status":"closed","sticky":false,"template":"","format":"standard","meta":{"footnotes":"","_links_to":"","_links_to_target":""},"categories":[3,13,8],"tags":[],"class_list":["post-715","post","type-post","status-publish","format-standard","has-post-thumbnail","hentry","category-accompagnement-educatif","category-projets-pedagogique","category-vie-collegienne"],"_links":{"self":[{"href":"https:\/\/etab.ac-reunion.fr\/clg-ravine-des-cabris\/wp-json\/wp\/v2\/posts\/715","targetHints":{"allow":["GET"]}}],"collection":[{"href":"https:\/\/etab.ac-reunion.fr\/clg-ravine-des-cabris\/wp-json\/wp\/v2\/posts"}],"about":[{"href":"https:\/\/etab.ac-reunion.fr\/clg-ravine-des-cabris\/wp-json\/wp\/v2\/types\/post"}],"author":[{"embeddable":true,"href":"https:\/\/etab.ac-reunion.fr\/clg-ravine-des-cabris\/wp-json\/wp\/v2\/users\/27941"}],"replies":[{"embeddable":true,"href":"https:\/\/etab.ac-reunion.fr\/clg-ravine-des-cabris\/wp-json\/wp\/v2\/comments?post=715"}],"version-history":[{"count":4,"href":"https:\/\/etab.ac-reunion.fr\/clg-ravine-des-cabris\/wp-json\/wp\/v2\/posts\/715\/revisions"}],"predecessor-version":[{"id":832,"href":"https:\/\/etab.ac-reunion.fr\/clg-ravine-des-cabris\/wp-json\/wp\/v2\/posts\/715\/revisions\/832"}],"wp:featuredmedia":[{"embeddable":true,"href":"https:\/\/etab.ac-reunion.fr\/clg-ravine-des-cabris\/wp-json\/wp\/v2\/media\/716"}],"wp:attachment":[{"href":"https:\/\/etab.ac-reunion.fr\/clg-ravine-des-cabris\/wp-json\/wp\/v2\/media?parent=715"}],"wp:term":[{"taxonomy":"category","embeddable":true,"href":"https:\/\/etab.ac-reunion.fr\/clg-ravine-des-cabris\/wp-json\/wp\/v2\/categories?post=715"},{"taxonomy":"post_tag","embeddable":true,"href":"https:\/\/etab.ac-reunion.fr\/clg-ravine-des-cabris\/wp-json\/wp\/v2\/tags?post=715"}],"curies":[{"name":"wp","href":"https:\/\/api.w.org\/{rel}","templated":true}]}}