{"id":719,"date":"2020-12-04T06:03:50","date_gmt":"2020-12-04T05:03:50","guid":{"rendered":"http:\/\/college-ravinedescabris-tmp.ac-reunion.fr\/?p=719"},"modified":"2020-12-15T14:05:47","modified_gmt":"2020-12-15T13:05:47","slug":"semaine-de-la-laicite","status":"publish","type":"post","link":"https:\/\/etab.ac-reunion.fr\/clg-ravine-des-cabris\/2020\/12\/04\/semaine-de-la-laicite\/","title":{"rendered":"Semaine de la La\u00efcit\u00e9, hommage \u00e0 Samuel Paty"},"content":{"rendered":"\n<div class=\"wp-block-image\"><figure class=\"aligncenter size-large is-resized\"><img loading=\"lazy\" decoding=\"async\" src=\"http:\/\/wpetab.ac-reunion.fr\/ravinedescabris\/wp-content\/uploads\/sites\/158\/2020\/12\/Laicite.jpg\" alt=\"\" class=\"wp-image-720\" width=\"753\" height=\"388\" srcset=\"https:\/\/etab.ac-reunion.fr\/clg-ravine-des-cabris\/wp-content\/uploads\/sites\/158\/2020\/12\/Laicite.jpg 753w, https:\/\/etab.ac-reunion.fr\/clg-ravine-des-cabris\/wp-content\/uploads\/sites\/158\/2020\/12\/Laicite-256x132.jpg 256w\" sizes=\"auto, (max-width: 753px) 100vw, 753px\" \/><\/figure><\/div>\n\n\n\n<div class=\"wp-block-image\"><figure class=\"aligncenter size-large is-resized\"><img loading=\"lazy\" decoding=\"async\" src=\"http:\/\/wpetab.ac-reunion.fr\/ravinedescabris\/wp-content\/uploads\/sites\/158\/2020\/12\/samuel-Paty-1920x296.jpg\" alt=\"\" class=\"wp-image-729\" width=\"753\" height=\"148\" \/><\/figure><\/div>\n\n\n\n<div class=\"wp-block-group\"><div class=\"wp-block-group__inner-container is-layout-flow wp-block-group-is-layout-flow\">\n<h3 class=\"wp-block-heading\">discours cr\u00e9ole &#8211; fran\u00e7ais en hommage \u00e0 Samuel Paty<\/h3>\n\n\n\n<div class=\"wp-block-columns is-layout-flex wp-container-core-columns-is-layout-9d6595d7 wp-block-columns-is-layout-flex\">\n<div class=\"wp-block-column is-layout-flow wp-block-column-is-layout-flow\">\n<p>Mr Le prinsipal, mr le principal adjoin, bann lamontr\u00e8r \u00e9pila toute mon bann kamarade !<br>Dann inn kour issi la R\u00e9unyon, nou trouve bonp\u00e9 zaf\u00e8r !<br>N\u00e9na po manj\u00e9, n\u00e9na pou soign\u00e9, n\u00e9na in landroi pou repos\u00e9, dann noute ti koin la, nou va aranje inn ti l\u00e9spasse po la m\u00e9moire !<br>Nou la d\u00e9sside nome ti kour la ! <strong>La Kour Samuel Paty<\/strong> !<br>Zot y ansouvien, Samuel Paty t\u00e9 in lamontr\u00e8r l\u00e9 mor akoz lu t\u00e9 po aprann marmay l\u00e9kol kossa i l\u00e9 la libert\u00e9 koz\u00e8 !<br>Terla i sa tomb ast\u00e8r konm in lieu la m\u00e9moire ! In ti landroi oussa toultan i fo nu mazine un boug l\u00e9 mor assassin\u00e9 akoz lu t\u00e9 po amonte marmay la libert\u00e9.<br>Issi konm partou la libert\u00e9 in naf\u00e8r napoin le pri ! Sa in naf\u00e8r le pli ch\u00e8r i eksiste.<br>Akoz sa m\u00e8me, terla dann la kour Samuel Paty, i fo toultan nou n\u00e9na son souvenanse.<br>I fo pa nu reste nout bouche tak\u00e9 i fo nou d\u00e9nonse toute bann zinjustis, nout droi koz\u00e9 i fo pa l\u00e9 kondan\u00e9.<\/p>\n\n\n\n<p>Mersi !<\/p>\n<\/div>\n\n\n\n<div class=\"wp-block-column is-layout-flow wp-block-column-is-layout-flow\">\n<p>Mr le Principal, Mr le Principal adjoint, ch\u00e8re professeurs et \u00e0 tous mes amis !<br>Dans une cour ici \u00e0 la R\u00e9union, on trouve beaucoup de choses<br>Il y a \u00e0 manger, \u00e0 se soigner il y\u2019a aussi un espace pour se reposer, dans ce lieu ici, nous allons am\u00e9nager un espace de m\u00e9moire.<br>Nous avons d\u00e9cid\u00e9 de nommer ce lieu \u00ab <strong>La kour Samuel Paty<\/strong> \u00bb<br>Vous vous souvenez de la mort de ce professeur Samuel Paty ! Il enseignait aux enfants la libert\u00e9 d\u2019expression.<br>Ici sera maintenant un lieu de m\u00e9moire ! Un endroit ou toujours il faudra penser \u00e0 un homme qui a \u00e9t\u00e9 assassin\u00e9 pour avoir appris \u00e0 ses \u00e9l\u00e8ves la libert\u00e9 d\u2019expression.<br>Ici comme ailleurs la libert\u00e9 n\u2019a pas de prix ! Rien ne vaut plus cher que la libert\u00e9.<br>C\u2019est pour cela, qu\u2019ici dans la cour Samuel Paty, nous devons toujours l\u2019avoir en m\u00e9moire.<br>Ici il ne faut pas se taire, toujours d\u00e9noncer l\u2019injustice et faire respecter notre droit de parole.<\/p>\n\n\n\n<p><br>Merci !<\/p>\n<\/div>\n<\/div>\n\n\n\n<figure class=\"wp-block-gallery columns-3 is-cropped wp-block-gallery-1 is-layout-flex wp-block-gallery-is-layout-flex\"><ul class=\"blocks-gallery-grid\"><li class=\"blocks-gallery-item\"><figure><a href=\"http:\/\/wpetab.ac-reunion.fr\/ravinedescabris\/wp-content\/uploads\/sites\/158\/2020\/12\/Hommage-Samuel-Paty-01.jpg\"><img loading=\"lazy\" decoding=\"async\" width=\"1920\" height=\"1280\" src=\"http:\/\/wpetab.ac-reunion.fr\/ravinedescabris\/wp-content\/uploads\/sites\/158\/2020\/12\/Hommage-Samuel-Paty-01-1920x1280.jpg\" alt=\"\" data-id=\"732\" data-full-url=\"http:\/\/wpetab.ac-reunion.fr\/ravinedescabris\/wp-content\/uploads\/sites\/158\/2020\/12\/Hommage-Samuel-Paty-01.jpg\" data-link=\"https:\/\/etab.ac-reunion.fr\/clg-ravine-des-cabris\/?attachment_id=732\" class=\"wp-image-732\" srcset=\"https:\/\/etab.ac-reunion.fr\/clg-ravine-des-cabris\/wp-content\/uploads\/sites\/158\/2020\/12\/Hommage-Samuel-Paty-01-1920x1280.jpg 1920w, https:\/\/etab.ac-reunion.fr\/clg-ravine-des-cabris\/wp-content\/uploads\/sites\/158\/2020\/12\/Hommage-Samuel-Paty-01-800x533.jpg 800w, https:\/\/etab.ac-reunion.fr\/clg-ravine-des-cabris\/wp-content\/uploads\/sites\/158\/2020\/12\/Hommage-Samuel-Paty-01-768x512.jpg 768w, https:\/\/etab.ac-reunion.fr\/clg-ravine-des-cabris\/wp-content\/uploads\/sites\/158\/2020\/12\/Hommage-Samuel-Paty-01-1536x1024.jpg 1536w, https:\/\/etab.ac-reunion.fr\/clg-ravine-des-cabris\/wp-content\/uploads\/sites\/158\/2020\/12\/Hommage-Samuel-Paty-01-198x132.jpg 198w, https:\/\/etab.ac-reunion.fr\/clg-ravine-des-cabris\/wp-content\/uploads\/sites\/158\/2020\/12\/Hommage-Samuel-Paty-01.jpg 2000w\" sizes=\"auto, (max-width: 1920px) 100vw, 1920px\" \/><\/a><\/figure><\/li><li class=\"blocks-gallery-item\"><figure><a href=\"http:\/\/wpetab.ac-reunion.fr\/ravinedescabris\/wp-content\/uploads\/sites\/158\/2020\/12\/Hommage-Samuel-Paty-02.jpg\"><img loading=\"lazy\" decoding=\"async\" width=\"1920\" height=\"1280\" src=\"http:\/\/wpetab.ac-reunion.fr\/ravinedescabris\/wp-content\/uploads\/sites\/158\/2020\/12\/Hommage-Samuel-Paty-02-1920x1280.jpg\" alt=\"\" data-id=\"733\" data-full-url=\"http:\/\/wpetab.ac-reunion.fr\/ravinedescabris\/wp-content\/uploads\/sites\/158\/2020\/12\/Hommage-Samuel-Paty-02.jpg\" data-link=\"https:\/\/etab.ac-reunion.fr\/clg-ravine-des-cabris\/?attachment_id=733\" class=\"wp-image-733\" srcset=\"https:\/\/etab.ac-reunion.fr\/clg-ravine-des-cabris\/wp-content\/uploads\/sites\/158\/2020\/12\/Hommage-Samuel-Paty-02-1920x1280.jpg 1920w, https:\/\/etab.ac-reunion.fr\/clg-ravine-des-cabris\/wp-content\/uploads\/sites\/158\/2020\/12\/Hommage-Samuel-Paty-02-800x533.jpg 800w, https:\/\/etab.ac-reunion.fr\/clg-ravine-des-cabris\/wp-content\/uploads\/sites\/158\/2020\/12\/Hommage-Samuel-Paty-02-768x512.jpg 768w, https:\/\/etab.ac-reunion.fr\/clg-ravine-des-cabris\/wp-content\/uploads\/sites\/158\/2020\/12\/Hommage-Samuel-Paty-02-1536x1024.jpg 1536w, https:\/\/etab.ac-reunion.fr\/clg-ravine-des-cabris\/wp-content\/uploads\/sites\/158\/2020\/12\/Hommage-Samuel-Paty-02-198x132.jpg 198w, https:\/\/etab.ac-reunion.fr\/clg-ravine-des-cabris\/wp-content\/uploads\/sites\/158\/2020\/12\/Hommage-Samuel-Paty-02.jpg 2000w\" sizes=\"auto, (max-width: 1920px) 100vw, 1920px\" \/><\/a><\/figure><\/li><li class=\"blocks-gallery-item\"><figure><a href=\"http:\/\/wpetab.ac-reunion.fr\/ravinedescabris\/wp-content\/uploads\/sites\/158\/2020\/12\/Hommage-Samuel-Paty-03.jpg\"><img loading=\"lazy\" decoding=\"async\" width=\"1920\" height=\"1280\" src=\"http:\/\/wpetab.ac-reunion.fr\/ravinedescabris\/wp-content\/uploads\/sites\/158\/2020\/12\/Hommage-Samuel-Paty-03-1920x1280.jpg\" alt=\"\" data-id=\"734\" data-full-url=\"http:\/\/wpetab.ac-reunion.fr\/ravinedescabris\/wp-content\/uploads\/sites\/158\/2020\/12\/Hommage-Samuel-Paty-03.jpg\" data-link=\"https:\/\/etab.ac-reunion.fr\/clg-ravine-des-cabris\/?attachment_id=734\" class=\"wp-image-734\" srcset=\"https:\/\/etab.ac-reunion.fr\/clg-ravine-des-cabris\/wp-content\/uploads\/sites\/158\/2020\/12\/Hommage-Samuel-Paty-03-1920x1280.jpg 1920w, https:\/\/etab.ac-reunion.fr\/clg-ravine-des-cabris\/wp-content\/uploads\/sites\/158\/2020\/12\/Hommage-Samuel-Paty-03-800x533.jpg 800w, https:\/\/etab.ac-reunion.fr\/clg-ravine-des-cabris\/wp-content\/uploads\/sites\/158\/2020\/12\/Hommage-Samuel-Paty-03-768x512.jpg 768w, https:\/\/etab.ac-reunion.fr\/clg-ravine-des-cabris\/wp-content\/uploads\/sites\/158\/2020\/12\/Hommage-Samuel-Paty-03-1536x1024.jpg 1536w, https:\/\/etab.ac-reunion.fr\/clg-ravine-des-cabris\/wp-content\/uploads\/sites\/158\/2020\/12\/Hommage-Samuel-Paty-03-198x132.jpg 198w, https:\/\/etab.ac-reunion.fr\/clg-ravine-des-cabris\/wp-content\/uploads\/sites\/158\/2020\/12\/Hommage-Samuel-Paty-03.jpg 2000w\" sizes=\"auto, (max-width: 1920px) 100vw, 1920px\" \/><\/a><\/figure><\/li><li class=\"blocks-gallery-item\"><figure><a href=\"http:\/\/wpetab.ac-reunion.fr\/ravinedescabris\/wp-content\/uploads\/sites\/158\/2020\/12\/Hommage-Samuel-Paty-04.jpg\"><img loading=\"lazy\" decoding=\"async\" width=\"1920\" height=\"1280\" src=\"http:\/\/wpetab.ac-reunion.fr\/ravinedescabris\/wp-content\/uploads\/sites\/158\/2020\/12\/Hommage-Samuel-Paty-04-1920x1280.jpg\" alt=\"\" data-id=\"735\" data-full-url=\"http:\/\/wpetab.ac-reunion.fr\/ravinedescabris\/wp-content\/uploads\/sites\/158\/2020\/12\/Hommage-Samuel-Paty-04.jpg\" data-link=\"https:\/\/etab.ac-reunion.fr\/clg-ravine-des-cabris\/?attachment_id=735\" class=\"wp-image-735\" srcset=\"https:\/\/etab.ac-reunion.fr\/clg-ravine-des-cabris\/wp-content\/uploads\/sites\/158\/2020\/12\/Hommage-Samuel-Paty-04-1920x1280.jpg 1920w, https:\/\/etab.ac-reunion.fr\/clg-ravine-des-cabris\/wp-content\/uploads\/sites\/158\/2020\/12\/Hommage-Samuel-Paty-04-800x533.jpg 800w, https:\/\/etab.ac-reunion.fr\/clg-ravine-des-cabris\/wp-content\/uploads\/sites\/158\/2020\/12\/Hommage-Samuel-Paty-04-768x512.jpg 768w, https:\/\/etab.ac-reunion.fr\/clg-ravine-des-cabris\/wp-content\/uploads\/sites\/158\/2020\/12\/Hommage-Samuel-Paty-04-1536x1024.jpg 1536w, https:\/\/etab.ac-reunion.fr\/clg-ravine-des-cabris\/wp-content\/uploads\/sites\/158\/2020\/12\/Hommage-Samuel-Paty-04-198x132.jpg 198w, https:\/\/etab.ac-reunion.fr\/clg-ravine-des-cabris\/wp-content\/uploads\/sites\/158\/2020\/12\/Hommage-Samuel-Paty-04.jpg 2000w\" sizes=\"auto, (max-width: 1920px) 100vw, 1920px\" \/><\/a><\/figure><\/li><li class=\"blocks-gallery-item\"><figure><a href=\"http:\/\/wpetab.ac-reunion.fr\/ravinedescabris\/wp-content\/uploads\/sites\/158\/2020\/12\/Hommage-Samuel-Paty-05.jpg\"><img loading=\"lazy\" decoding=\"async\" width=\"1920\" height=\"1280\" src=\"http:\/\/wpetab.ac-reunion.fr\/ravinedescabris\/wp-content\/uploads\/sites\/158\/2020\/12\/Hommage-Samuel-Paty-05-1920x1280.jpg\" alt=\"\" data-id=\"736\" data-full-url=\"http:\/\/wpetab.ac-reunion.fr\/ravinedescabris\/wp-content\/uploads\/sites\/158\/2020\/12\/Hommage-Samuel-Paty-05.jpg\" data-link=\"https:\/\/etab.ac-reunion.fr\/clg-ravine-des-cabris\/?attachment_id=736\" class=\"wp-image-736\" srcset=\"https:\/\/etab.ac-reunion.fr\/clg-ravine-des-cabris\/wp-content\/uploads\/sites\/158\/2020\/12\/Hommage-Samuel-Paty-05-1920x1280.jpg 1920w, https:\/\/etab.ac-reunion.fr\/clg-ravine-des-cabris\/wp-content\/uploads\/sites\/158\/2020\/12\/Hommage-Samuel-Paty-05-800x533.jpg 800w, https:\/\/etab.ac-reunion.fr\/clg-ravine-des-cabris\/wp-content\/uploads\/sites\/158\/2020\/12\/Hommage-Samuel-Paty-05-768x512.jpg 768w, https:\/\/etab.ac-reunion.fr\/clg-ravine-des-cabris\/wp-content\/uploads\/sites\/158\/2020\/12\/Hommage-Samuel-Paty-05-1536x1024.jpg 1536w, https:\/\/etab.ac-reunion.fr\/clg-ravine-des-cabris\/wp-content\/uploads\/sites\/158\/2020\/12\/Hommage-Samuel-Paty-05-198x132.jpg 198w, https:\/\/etab.ac-reunion.fr\/clg-ravine-des-cabris\/wp-content\/uploads\/sites\/158\/2020\/12\/Hommage-Samuel-Paty-05.jpg 2000w\" sizes=\"auto, (max-width: 1920px) 100vw, 1920px\" \/><\/a><\/figure><\/li><li class=\"blocks-gallery-item\"><figure><a href=\"http:\/\/wpetab.ac-reunion.fr\/ravinedescabris\/wp-content\/uploads\/sites\/158\/2020\/12\/Hommage-Samuel-Paty-06.jpg\"><img loading=\"lazy\" decoding=\"async\" width=\"1920\" height=\"1280\" src=\"http:\/\/wpetab.ac-reunion.fr\/ravinedescabris\/wp-content\/uploads\/sites\/158\/2020\/12\/Hommage-Samuel-Paty-06-1920x1280.jpg\" alt=\"\" data-id=\"737\" data-full-url=\"http:\/\/wpetab.ac-reunion.fr\/ravinedescabris\/wp-content\/uploads\/sites\/158\/2020\/12\/Hommage-Samuel-Paty-06.jpg\" data-link=\"https:\/\/etab.ac-reunion.fr\/clg-ravine-des-cabris\/?attachment_id=737\" class=\"wp-image-737\" srcset=\"https:\/\/etab.ac-reunion.fr\/clg-ravine-des-cabris\/wp-content\/uploads\/sites\/158\/2020\/12\/Hommage-Samuel-Paty-06-1920x1280.jpg 1920w, https:\/\/etab.ac-reunion.fr\/clg-ravine-des-cabris\/wp-content\/uploads\/sites\/158\/2020\/12\/Hommage-Samuel-Paty-06-800x533.jpg 800w, https:\/\/etab.ac-reunion.fr\/clg-ravine-des-cabris\/wp-content\/uploads\/sites\/158\/2020\/12\/Hommage-Samuel-Paty-06-768x512.jpg 768w, https:\/\/etab.ac-reunion.fr\/clg-ravine-des-cabris\/wp-content\/uploads\/sites\/158\/2020\/12\/Hommage-Samuel-Paty-06-1536x1024.jpg 1536w, https:\/\/etab.ac-reunion.fr\/clg-ravine-des-cabris\/wp-content\/uploads\/sites\/158\/2020\/12\/Hommage-Samuel-Paty-06-198x132.jpg 198w, https:\/\/etab.ac-reunion.fr\/clg-ravine-des-cabris\/wp-content\/uploads\/sites\/158\/2020\/12\/Hommage-Samuel-Paty-06.jpg 2000w\" sizes=\"auto, (max-width: 1920px) 100vw, 1920px\" \/><\/a><\/figure><\/li><li class=\"blocks-gallery-item\"><figure><a href=\"http:\/\/wpetab.ac-reunion.fr\/ravinedescabris\/wp-content\/uploads\/sites\/158\/2020\/12\/Hommage-Samuel-Paty-07.jpg\"><img loading=\"lazy\" decoding=\"async\" width=\"1920\" height=\"1280\" src=\"http:\/\/wpetab.ac-reunion.fr\/ravinedescabris\/wp-content\/uploads\/sites\/158\/2020\/12\/Hommage-Samuel-Paty-07-1920x1280.jpg\" alt=\"\" data-id=\"738\" data-full-url=\"http:\/\/wpetab.ac-reunion.fr\/ravinedescabris\/wp-content\/uploads\/sites\/158\/2020\/12\/Hommage-Samuel-Paty-07.jpg\" data-link=\"https:\/\/etab.ac-reunion.fr\/clg-ravine-des-cabris\/?attachment_id=738\" class=\"wp-image-738\" srcset=\"https:\/\/etab.ac-reunion.fr\/clg-ravine-des-cabris\/wp-content\/uploads\/sites\/158\/2020\/12\/Hommage-Samuel-Paty-07-1920x1280.jpg 1920w, https:\/\/etab.ac-reunion.fr\/clg-ravine-des-cabris\/wp-content\/uploads\/sites\/158\/2020\/12\/Hommage-Samuel-Paty-07-800x533.jpg 800w, https:\/\/etab.ac-reunion.fr\/clg-ravine-des-cabris\/wp-content\/uploads\/sites\/158\/2020\/12\/Hommage-Samuel-Paty-07-768x512.jpg 768w, https:\/\/etab.ac-reunion.fr\/clg-ravine-des-cabris\/wp-content\/uploads\/sites\/158\/2020\/12\/Hommage-Samuel-Paty-07-1536x1024.jpg 1536w, https:\/\/etab.ac-reunion.fr\/clg-ravine-des-cabris\/wp-content\/uploads\/sites\/158\/2020\/12\/Hommage-Samuel-Paty-07-198x132.jpg 198w, https:\/\/etab.ac-reunion.fr\/clg-ravine-des-cabris\/wp-content\/uploads\/sites\/158\/2020\/12\/Hommage-Samuel-Paty-07.jpg 2000w\" sizes=\"auto, (max-width: 1920px) 100vw, 1920px\" \/><\/a><\/figure><\/li><li class=\"blocks-gallery-item\"><figure><a href=\"http:\/\/wpetab.ac-reunion.fr\/ravinedescabris\/wp-content\/uploads\/sites\/158\/2020\/12\/Hommage-Samuel-Paty-08.jpg\"><img loading=\"lazy\" decoding=\"async\" width=\"1920\" height=\"1280\" src=\"http:\/\/wpetab.ac-reunion.fr\/ravinedescabris\/wp-content\/uploads\/sites\/158\/2020\/12\/Hommage-Samuel-Paty-08-1920x1280.jpg\" alt=\"\" data-id=\"739\" data-full-url=\"http:\/\/wpetab.ac-reunion.fr\/ravinedescabris\/wp-content\/uploads\/sites\/158\/2020\/12\/Hommage-Samuel-Paty-08.jpg\" data-link=\"https:\/\/etab.ac-reunion.fr\/clg-ravine-des-cabris\/?attachment_id=739\" class=\"wp-image-739\" srcset=\"https:\/\/etab.ac-reunion.fr\/clg-ravine-des-cabris\/wp-content\/uploads\/sites\/158\/2020\/12\/Hommage-Samuel-Paty-08-1920x1280.jpg 1920w, https:\/\/etab.ac-reunion.fr\/clg-ravine-des-cabris\/wp-content\/uploads\/sites\/158\/2020\/12\/Hommage-Samuel-Paty-08-800x533.jpg 800w, https:\/\/etab.ac-reunion.fr\/clg-ravine-des-cabris\/wp-content\/uploads\/sites\/158\/2020\/12\/Hommage-Samuel-Paty-08-768x512.jpg 768w, https:\/\/etab.ac-reunion.fr\/clg-ravine-des-cabris\/wp-content\/uploads\/sites\/158\/2020\/12\/Hommage-Samuel-Paty-08-1536x1024.jpg 1536w, https:\/\/etab.ac-reunion.fr\/clg-ravine-des-cabris\/wp-content\/uploads\/sites\/158\/2020\/12\/Hommage-Samuel-Paty-08-198x132.jpg 198w, https:\/\/etab.ac-reunion.fr\/clg-ravine-des-cabris\/wp-content\/uploads\/sites\/158\/2020\/12\/Hommage-Samuel-Paty-08.jpg 2000w\" sizes=\"auto, (max-width: 1920px) 100vw, 1920px\" \/><\/a><\/figure><\/li><li class=\"blocks-gallery-item\"><figure><a href=\"http:\/\/wpetab.ac-reunion.fr\/ravinedescabris\/wp-content\/uploads\/sites\/158\/2020\/12\/Hommage-Samuel-Paty-09.jpg\"><img loading=\"lazy\" decoding=\"async\" width=\"1920\" height=\"1280\" src=\"http:\/\/wpetab.ac-reunion.fr\/ravinedescabris\/wp-content\/uploads\/sites\/158\/2020\/12\/Hommage-Samuel-Paty-09-1920x1280.jpg\" alt=\"\" data-id=\"740\" data-full-url=\"http:\/\/wpetab.ac-reunion.fr\/ravinedescabris\/wp-content\/uploads\/sites\/158\/2020\/12\/Hommage-Samuel-Paty-09.jpg\" data-link=\"https:\/\/etab.ac-reunion.fr\/clg-ravine-des-cabris\/?attachment_id=740\" class=\"wp-image-740\" srcset=\"https:\/\/etab.ac-reunion.fr\/clg-ravine-des-cabris\/wp-content\/uploads\/sites\/158\/2020\/12\/Hommage-Samuel-Paty-09-1920x1280.jpg 1920w, https:\/\/etab.ac-reunion.fr\/clg-ravine-des-cabris\/wp-content\/uploads\/sites\/158\/2020\/12\/Hommage-Samuel-Paty-09-800x533.jpg 800w, https:\/\/etab.ac-reunion.fr\/clg-ravine-des-cabris\/wp-content\/uploads\/sites\/158\/2020\/12\/Hommage-Samuel-Paty-09-768x512.jpg 768w, https:\/\/etab.ac-reunion.fr\/clg-ravine-des-cabris\/wp-content\/uploads\/sites\/158\/2020\/12\/Hommage-Samuel-Paty-09-1536x1024.jpg 1536w, https:\/\/etab.ac-reunion.fr\/clg-ravine-des-cabris\/wp-content\/uploads\/sites\/158\/2020\/12\/Hommage-Samuel-Paty-09-198x132.jpg 198w, https:\/\/etab.ac-reunion.fr\/clg-ravine-des-cabris\/wp-content\/uploads\/sites\/158\/2020\/12\/Hommage-Samuel-Paty-09.jpg 2000w\" sizes=\"auto, (max-width: 1920px) 100vw, 1920px\" \/><\/a><\/figure><\/li><li class=\"blocks-gallery-item\"><figure><a href=\"http:\/\/wpetab.ac-reunion.fr\/ravinedescabris\/wp-content\/uploads\/sites\/158\/2020\/12\/Hommage-Samuel-Paty-10.jpg\"><img loading=\"lazy\" decoding=\"async\" width=\"1280\" height=\"1920\" src=\"http:\/\/wpetab.ac-reunion.fr\/ravinedescabris\/wp-content\/uploads\/sites\/158\/2020\/12\/Hommage-Samuel-Paty-10-1280x1920.jpg\" alt=\"\" data-id=\"741\" data-full-url=\"http:\/\/wpetab.ac-reunion.fr\/ravinedescabris\/wp-content\/uploads\/sites\/158\/2020\/12\/Hommage-Samuel-Paty-10.jpg\" data-link=\"https:\/\/etab.ac-reunion.fr\/clg-ravine-des-cabris\/?attachment_id=741\" class=\"wp-image-741\" srcset=\"https:\/\/etab.ac-reunion.fr\/clg-ravine-des-cabris\/wp-content\/uploads\/sites\/158\/2020\/12\/Hommage-Samuel-Paty-10-1280x1920.jpg 1280w, https:\/\/etab.ac-reunion.fr\/clg-ravine-des-cabris\/wp-content\/uploads\/sites\/158\/2020\/12\/Hommage-Samuel-Paty-10-400x600.jpg 400w, https:\/\/etab.ac-reunion.fr\/clg-ravine-des-cabris\/wp-content\/uploads\/sites\/158\/2020\/12\/Hommage-Samuel-Paty-10-768x1152.jpg 768w, https:\/\/etab.ac-reunion.fr\/clg-ravine-des-cabris\/wp-content\/uploads\/sites\/158\/2020\/12\/Hommage-Samuel-Paty-10-1024x1536.jpg 1024w, https:\/\/etab.ac-reunion.fr\/clg-ravine-des-cabris\/wp-content\/uploads\/sites\/158\/2020\/12\/Hommage-Samuel-Paty-10-88x132.jpg 88w, https:\/\/etab.ac-reunion.fr\/clg-ravine-des-cabris\/wp-content\/uploads\/sites\/158\/2020\/12\/Hommage-Samuel-Paty-10.jpg 1333w\" sizes=\"auto, (max-width: 1280px) 100vw, 1280px\" \/><\/a><\/figure><\/li><li class=\"blocks-gallery-item\"><figure><a href=\"http:\/\/wpetab.ac-reunion.fr\/ravinedescabris\/wp-content\/uploads\/sites\/158\/2020\/12\/Hommage-Samuel-Paty-11.jpg\"><img loading=\"lazy\" decoding=\"async\" width=\"1280\" height=\"1920\" src=\"http:\/\/wpetab.ac-reunion.fr\/ravinedescabris\/wp-content\/uploads\/sites\/158\/2020\/12\/Hommage-Samuel-Paty-11-1280x1920.jpg\" alt=\"\" data-id=\"742\" data-full-url=\"http:\/\/wpetab.ac-reunion.fr\/ravinedescabris\/wp-content\/uploads\/sites\/158\/2020\/12\/Hommage-Samuel-Paty-11.jpg\" data-link=\"https:\/\/etab.ac-reunion.fr\/clg-ravine-des-cabris\/?attachment_id=742\" class=\"wp-image-742\" srcset=\"https:\/\/etab.ac-reunion.fr\/clg-ravine-des-cabris\/wp-content\/uploads\/sites\/158\/2020\/12\/Hommage-Samuel-Paty-11-1280x1920.jpg 1280w, https:\/\/etab.ac-reunion.fr\/clg-ravine-des-cabris\/wp-content\/uploads\/sites\/158\/2020\/12\/Hommage-Samuel-Paty-11-400x600.jpg 400w, https:\/\/etab.ac-reunion.fr\/clg-ravine-des-cabris\/wp-content\/uploads\/sites\/158\/2020\/12\/Hommage-Samuel-Paty-11-768x1152.jpg 768w, https:\/\/etab.ac-reunion.fr\/clg-ravine-des-cabris\/wp-content\/uploads\/sites\/158\/2020\/12\/Hommage-Samuel-Paty-11-1024x1536.jpg 1024w, https:\/\/etab.ac-reunion.fr\/clg-ravine-des-cabris\/wp-content\/uploads\/sites\/158\/2020\/12\/Hommage-Samuel-Paty-11-88x132.jpg 88w, https:\/\/etab.ac-reunion.fr\/clg-ravine-des-cabris\/wp-content\/uploads\/sites\/158\/2020\/12\/Hommage-Samuel-Paty-11.jpg 1333w\" sizes=\"auto, (max-width: 1280px) 100vw, 1280px\" \/><\/a><\/figure><\/li><li class=\"blocks-gallery-item\"><figure><a href=\"http:\/\/wpetab.ac-reunion.fr\/ravinedescabris\/wp-content\/uploads\/sites\/158\/2020\/12\/Hommage-Samuel-Paty-12.jpg\"><img loading=\"lazy\" decoding=\"async\" width=\"1280\" height=\"1920\" src=\"http:\/\/wpetab.ac-reunion.fr\/ravinedescabris\/wp-content\/uploads\/sites\/158\/2020\/12\/Hommage-Samuel-Paty-12-1280x1920.jpg\" alt=\"\" data-id=\"743\" data-full-url=\"http:\/\/wpetab.ac-reunion.fr\/ravinedescabris\/wp-content\/uploads\/sites\/158\/2020\/12\/Hommage-Samuel-Paty-12.jpg\" data-link=\"https:\/\/etab.ac-reunion.fr\/clg-ravine-des-cabris\/?attachment_id=743\" class=\"wp-image-743\" srcset=\"https:\/\/etab.ac-reunion.fr\/clg-ravine-des-cabris\/wp-content\/uploads\/sites\/158\/2020\/12\/Hommage-Samuel-Paty-12-1280x1920.jpg 1280w, https:\/\/etab.ac-reunion.fr\/clg-ravine-des-cabris\/wp-content\/uploads\/sites\/158\/2020\/12\/Hommage-Samuel-Paty-12-400x600.jpg 400w, https:\/\/etab.ac-reunion.fr\/clg-ravine-des-cabris\/wp-content\/uploads\/sites\/158\/2020\/12\/Hommage-Samuel-Paty-12-768x1152.jpg 768w, https:\/\/etab.ac-reunion.fr\/clg-ravine-des-cabris\/wp-content\/uploads\/sites\/158\/2020\/12\/Hommage-Samuel-Paty-12-1024x1536.jpg 1024w, https:\/\/etab.ac-reunion.fr\/clg-ravine-des-cabris\/wp-content\/uploads\/sites\/158\/2020\/12\/Hommage-Samuel-Paty-12-88x132.jpg 88w, https:\/\/etab.ac-reunion.fr\/clg-ravine-des-cabris\/wp-content\/uploads\/sites\/158\/2020\/12\/Hommage-Samuel-Paty-12.jpg 1333w\" sizes=\"auto, (max-width: 1280px) 100vw, 1280px\" \/><\/a><\/figure><\/li><\/ul><\/figure>\n\n\n\n<p><\/p>\n<\/div><\/div>\n\n\n\n<h3 class=\"has-text-align-center has-text-color wp-block-heading\" style=\"color:#d61900\">Le bois de Rongue<\/h3>\n\n\n\n<h4 class=\"has-text-align-center wp-block-heading\">L\u2019arbre de la libert\u00e9 d\u2019expression<\/h4>\n\n\n\n<h4 class=\"has-text-align-center has-accent-2-color has-text-color wp-block-heading\"><em>Nom scientifique : Erythroxylum laurifolium<\/em><\/h4>\n\n\n\n<p class=\"has-text-align-center\"><strong>End\u00e9mique<\/strong> de la R\u00e9union et de l\u2019ile Maurice c\u2019est \u00e0 dire qu\u2019on ne le<br>trouve qu\u2019\u00e0 l\u2019ile Maurice et \u00e0 la R\u00e9union.<br>Il pousse dans la for\u00eat humide de basse altitude, for\u00eat de mare<br>Longue, Piton Montvert, et dans les ravines et maintenant au coll\u00e8ge<br>de la Ravine des Cabris.<br>C\u2019est un <strong>arbuste de 2 \u00e0 5 m\u00e8tres de hauteur<\/strong> qui poss\u00e8de des<br>rameaux et des branches \u00e9cailleux et aplatis, qui sont marqu\u00e9s de<br>nombreuses cicatrices foliaires.<br><em>Erythroxylum laurifolium<\/em> est <strong>h\u00e9t\u00e9rophylle<\/strong>, c\u2019est \u00e0 dire que les<br>feuilles changent de formes quand elles grandissent.<br>Les jeunes feuilles sont tr\u00e8s \u00e9troites et elliptiques d&rsquo;environ 5 \u00e0 8 cm<br>de longueur et de 10 \u00e0 15 mm de largeur. Elles sont ros\u00e9es en<br>dessous avec un p\u00e9tiole rouge\u00e2tre et la nervure m\u00e9diane noir\u00e2tre et violette.<br>Les feuilles adultes, simples, alternes, group\u00e9es en bout de rameaux<br>sont elliptiques, d&rsquo;environ 8 cm de longueur , \u00e0 sommet arrondi.<br>C\u2019est une plante qui a des <strong>propri\u00e9t\u00e9s m\u00e9dicinales.<\/strong><\/p>\n\n\n\n<figure class=\"wp-block-embed-youtube wp-block-embed is-type-video is-provider-youtube wp-embed-aspect-16-9 wp-has-aspect-ratio\"><div class=\"wp-block-embed__wrapper\">\n<iframe loading=\"lazy\" title=\"Hommage \u00e0 Samuel Paty\" width=\"1505\" height=\"847\" src=\"https:\/\/www.youtube.com\/embed\/0JLWPu-A13w?feature=oembed\" frameborder=\"0\" allow=\"accelerometer; autoplay; clipboard-write; encrypted-media; gyroscope; picture-in-picture; web-share\" referrerpolicy=\"strict-origin-when-cross-origin\" allowfullscreen><\/iframe>\n<\/div><\/figure>\n","protected":false},"excerpt":{"rendered":"","protected":false},"author":27941,"featured_media":720,"comment_status":"closed","ping_status":"closed","sticky":false,"template":"","format":"standard","meta":{"footnotes":"","_links_to":"","_links_to_target":""},"categories":[46,13,8],"tags":[],"class_list":["post-719","post","type-post","status-publish","format-standard","has-post-thumbnail","hentry","category-infos-generales","category-projets-pedagogique","category-vie-collegienne"],"_links":{"self":[{"href":"https:\/\/etab.ac-reunion.fr\/clg-ravine-des-cabris\/wp-json\/wp\/v2\/posts\/719","targetHints":{"allow":["GET"]}}],"collection":[{"href":"https:\/\/etab.ac-reunion.fr\/clg-ravine-des-cabris\/wp-json\/wp\/v2\/posts"}],"about":[{"href":"https:\/\/etab.ac-reunion.fr\/clg-ravine-des-cabris\/wp-json\/wp\/v2\/types\/post"}],"author":[{"embeddable":true,"href":"https:\/\/etab.ac-reunion.fr\/clg-ravine-des-cabris\/wp-json\/wp\/v2\/users\/27941"}],"replies":[{"embeddable":true,"href":"https:\/\/etab.ac-reunion.fr\/clg-ravine-des-cabris\/wp-json\/wp\/v2\/comments?post=719"}],"version-history":[{"count":9,"href":"https:\/\/etab.ac-reunion.fr\/clg-ravine-des-cabris\/wp-json\/wp\/v2\/posts\/719\/revisions"}],"predecessor-version":[{"id":750,"href":"https:\/\/etab.ac-reunion.fr\/clg-ravine-des-cabris\/wp-json\/wp\/v2\/posts\/719\/revisions\/750"}],"wp:featuredmedia":[{"embeddable":true,"href":"https:\/\/etab.ac-reunion.fr\/clg-ravine-des-cabris\/wp-json\/wp\/v2\/media\/720"}],"wp:attachment":[{"href":"https:\/\/etab.ac-reunion.fr\/clg-ravine-des-cabris\/wp-json\/wp\/v2\/media?parent=719"}],"wp:term":[{"taxonomy":"category","embeddable":true,"href":"https:\/\/etab.ac-reunion.fr\/clg-ravine-des-cabris\/wp-json\/wp\/v2\/categories?post=719"},{"taxonomy":"post_tag","embeddable":true,"href":"https:\/\/etab.ac-reunion.fr\/clg-ravine-des-cabris\/wp-json\/wp\/v2\/tags?post=719"}],"curies":[{"name":"wp","href":"https:\/\/api.w.org\/{rel}","templated":true}]}}