{"id":765,"date":"2018-07-16T11:50:58","date_gmt":"2018-07-16T09:50:58","guid":{"rendered":"http:\/\/college-ravinedescabris.ac-reunion.fr\/?p=765"},"modified":"2020-12-16T14:06:51","modified_gmt":"2020-12-16T13:06:51","slug":"leducation-eco-citoyenne-pour-preserver-notre-biodiversite","status":"publish","type":"post","link":"https:\/\/etab.ac-reunion.fr\/clg-ravine-des-cabris\/2018\/07\/16\/leducation-eco-citoyenne-pour-preserver-notre-biodiversite\/","title":{"rendered":"L\u2019\u00e9ducation \u00e9co-citoyenne pour pr\u00e9server notre biodiversit\u00e9"},"content":{"rendered":"\n<p><strong>2017-18<\/strong>&nbsp;: notre partenaire est&nbsp;<strong>Savoirs, Sciences et Nature<\/strong>&nbsp;&nbsp;<strong>St\u00e9phanie Lebonniec<\/strong>, biologiste marin est intervenue 5 fois aupr\u00e8s de la classe pour les sensibiliser \u00e0 l\u2019impact des d\u00e9chets&nbsp; sur le milieu marin.&nbsp; Point fort:&nbsp;action citoyenne avec nettoyage de la plage de la Saline, visite de Kelonia, sortie en masque-tuba pour voir de pr\u00e8s la faune sous-marine du lagon.&nbsp; &nbsp; &nbsp; &nbsp; &nbsp; &nbsp; &nbsp; &nbsp; &nbsp; &nbsp; &nbsp; &nbsp; &nbsp; &nbsp; &nbsp; &nbsp; &nbsp; &nbsp; &nbsp; &nbsp; &nbsp; &nbsp; &nbsp; &nbsp; &nbsp; &nbsp; &nbsp; &nbsp; &nbsp; &nbsp;&nbsp;&nbsp;<\/p>\n\n\n\n<div class=\"wp-block-image\"><figure class=\"alignleft size-large is-resized\"><img loading=\"lazy\" decoding=\"async\" src=\"http:\/\/wpetab.ac-reunion.fr\/ravinedescabris\/wp-content\/uploads\/sites\/158\/2020\/12\/sillage-baleines.jpg\" alt=\"\" class=\"wp-image-769\" width=\"428\" height=\"263\" srcset=\"https:\/\/etab.ac-reunion.fr\/clg-ravine-des-cabris\/wp-content\/uploads\/sites\/158\/2020\/12\/sillage-baleines.jpg 570w, https:\/\/etab.ac-reunion.fr\/clg-ravine-des-cabris\/wp-content\/uploads\/sites\/158\/2020\/12\/sillage-baleines-215x132.jpg 215w\" sizes=\"auto, (max-width: 428px) 100vw, 428px\" \/><\/figure><\/div>\n\n\n\n<p><strong>Production artistique r\u00e9alis\u00e9e cette ann\u00e9e&nbsp;<\/strong>: Il existe 7 esp\u00e8ces de tortues marines. Nous r\u00e9alisons&nbsp;<strong>5 sculptures taille r\u00e9elle<\/strong>&nbsp;correspondant chacune \u00e0 une esp\u00e8ce. Le coll\u00e8ge d\u2019Afareitu se charge des deux autres sculptures. L\u2019objectif serait d\u2019effectuer un vernissage d\u2019exposition en simultan\u00e9 \u00e0 la fin de l\u2019ann\u00e9e scolaire. Nos productions seront expos\u00e9es de fa\u00e7on p\u00e9renne dans la salle de permanence, comme nageant dans les airs. Elles sont r\u00e9alis\u00e9es en mat\u00e9riaux recycl\u00e9s ayant un lien s\u00e9mantique avec un des dangers encourus par les tortues.<\/p>\n\n\n\n<p><strong>Une correspondance \u00e9pistolaire<\/strong>&nbsp;est mise en place entre les deux classes&nbsp;: lors du vernissage, seront expos\u00e9s les questionnements des \u00e9l\u00e8ves sur les diff\u00e9rences et les points communs entre les deux \u00eeles ainsi que les dessins envoy\u00e9s par les correspondants polyn\u00e9siens.&nbsp;&nbsp;&nbsp;&nbsp;&nbsp;&nbsp;<\/p>\n\n\n\n<h4 class=\"wp-block-heading\">Extrait de l\u2019\u00e9mission diffus\u00e9e sur L\u2019Info.re<\/h4>\n\n\n\n<p>La biodiversit\u00e9 de La R\u00e9union est en danger. Des activit\u00e9s \u00e9co-citoyennes sont mises en place afin de sensibiliser les R\u00e9unionnais et notamment les citoyens de demain. Les coll\u00e9giens de la Ravine des Cabris participent \u00e0 ces actions. Explications dans ce reportage d\u2019Anna Bellissens et Sylvain Ducasse.<\/p>\n\n\n\n<figure class=\"wp-block-embed is-type-rich is-provider-prise-en-charge-des-contenus-embarques\"><div class=\"wp-block-embed__wrapper\">\n<div style=\"width: 640px;\" class=\"wp-video\"><video class=\"wp-video-shortcode\" id=\"video-765-1\" width=\"640\" height=\"360\" preload=\"metadata\" controls=\"controls\"><source type=\"video\/mp4\" src=\"http:\/\/wpetab.ac-reunion.fr\/ravinedescabris\/wp-content\/uploads\/sites\/158\/2020\/12\/LeMag-V3-EducationEcocitoyenne-1805311900.mp4?_=1\" \/><a href=\"http:\/\/wpetab.ac-reunion.fr\/ravinedescabris\/wp-content\/uploads\/sites\/158\/2020\/12\/LeMag-V3-EducationEcocitoyenne-1805311900.mp4\">http:\/\/wpetab.ac-reunion.fr\/ravinedescabris\/wp-content\/uploads\/sites\/158\/2020\/12\/LeMag-V3-EducationEcocitoyenne-1805311900.mp4<\/a><\/video><\/div>\n<\/div><\/figure>\n\n\n\n<p><\/p>\n","protected":false},"excerpt":{"rendered":"","protected":false},"author":27941,"featured_media":769,"comment_status":"closed","ping_status":"closed","sticky":false,"template":"","format":"standard","meta":{"footnotes":"","_links_to":"","_links_to_target":""},"categories":[32,29,27],"tags":[],"class_list":["post-765","post","type-post","status-publish","format-standard","has-post-thumbnail","hentry","category-arts-plastiques","category-developpement-durable","category-education-physique-et-sportive"],"_links":{"self":[{"href":"https:\/\/etab.ac-reunion.fr\/clg-ravine-des-cabris\/wp-json\/wp\/v2\/posts\/765","targetHints":{"allow":["GET"]}}],"collection":[{"href":"https:\/\/etab.ac-reunion.fr\/clg-ravine-des-cabris\/wp-json\/wp\/v2\/posts"}],"about":[{"href":"https:\/\/etab.ac-reunion.fr\/clg-ravine-des-cabris\/wp-json\/wp\/v2\/types\/post"}],"author":[{"embeddable":true,"href":"https:\/\/etab.ac-reunion.fr\/clg-ravine-des-cabris\/wp-json\/wp\/v2\/users\/27941"}],"replies":[{"embeddable":true,"href":"https:\/\/etab.ac-reunion.fr\/clg-ravine-des-cabris\/wp-json\/wp\/v2\/comments?post=765"}],"version-history":[{"count":3,"href":"https:\/\/etab.ac-reunion.fr\/clg-ravine-des-cabris\/wp-json\/wp\/v2\/posts\/765\/revisions"}],"predecessor-version":[{"id":770,"href":"https:\/\/etab.ac-reunion.fr\/clg-ravine-des-cabris\/wp-json\/wp\/v2\/posts\/765\/revisions\/770"}],"wp:featuredmedia":[{"embeddable":true,"href":"https:\/\/etab.ac-reunion.fr\/clg-ravine-des-cabris\/wp-json\/wp\/v2\/media\/769"}],"wp:attachment":[{"href":"https:\/\/etab.ac-reunion.fr\/clg-ravine-des-cabris\/wp-json\/wp\/v2\/media?parent=765"}],"wp:term":[{"taxonomy":"category","embeddable":true,"href":"https:\/\/etab.ac-reunion.fr\/clg-ravine-des-cabris\/wp-json\/wp\/v2\/categories?post=765"},{"taxonomy":"post_tag","embeddable":true,"href":"https:\/\/etab.ac-reunion.fr\/clg-ravine-des-cabris\/wp-json\/wp\/v2\/tags?post=765"}],"curies":[{"name":"wp","href":"https:\/\/api.w.org\/{rel}","templated":true}]}}