{"id":794,"date":"2017-06-26T12:52:37","date_gmt":"2017-06-26T10:52:37","guid":{"rendered":"http:\/\/college-ravinedescabris.ac-reunion.fr\/?p=794"},"modified":"2020-12-16T12:53:25","modified_gmt":"2020-12-16T11:53:25","slug":"le-seigneur-de-leau","status":"publish","type":"post","link":"https:\/\/etab.ac-reunion.fr\/clg-ravine-des-cabris\/2017\/06\/26\/le-seigneur-de-leau\/","title":{"rendered":"Le Seigneur de l&rsquo;Eau"},"content":{"rendered":"\n<p>Cette pi\u00e8ce mettant en avant la n\u00e9cessit\u00e9 de&nbsp;<strong>prot\u00e9ger notre environnement<\/strong>&nbsp;en luttant contre la pollution a \u00e9t\u00e9 mise en sc\u00e8ne par Gilliane Gigant, l\u2019organisation de l\u2019\u00e9v\u00e8nement par Gil Sorres et la r\u00e9alisation de la vid\u00e9o par Serge Prouteau.<\/p>\n\n\n\n<figure class=\"wp-block-embed-youtube wp-block-embed is-type-video is-provider-youtube wp-embed-aspect-16-9 wp-has-aspect-ratio\"><div class=\"wp-block-embed__wrapper\">\n<iframe loading=\"lazy\" title=\"Pi\u00e8ce de th\u00e9\u00e2tre pour la semaine du d\u00e9veloppement durable et de l&#039;environnement\" width=\"1505\" height=\"847\" src=\"https:\/\/www.youtube.com\/embed\/3xVwzbPW7Fc?feature=oembed\" frameborder=\"0\" allow=\"accelerometer; autoplay; clipboard-write; encrypted-media; gyroscope; picture-in-picture; web-share\" referrerpolicy=\"strict-origin-when-cross-origin\" allowfullscreen><\/iframe>\n<\/div><\/figure>\n\n\n\n<p>Dans le cadre de la&nbsp;<strong>semaine du d\u00e9veloppement durable et de l\u2019environnement<\/strong>&nbsp;les \u00e9l\u00e8ves de la classe de&nbsp;<strong>5\u00e8me Colomb<\/strong>&nbsp;ont jou\u00e9 une pi\u00e8ce de th\u00e9\u00e2tre \u201cle Seigneur de l\u2019Eau\u201d devant deux classes de CM2 en visite au coll\u00e8ge.<\/p>\n","protected":false},"excerpt":{"rendered":"","protected":false},"author":27941,"featured_media":796,"comment_status":"closed","ping_status":"closed","sticky":false,"template":"","format":"standard","meta":{"footnotes":"","_links_to":"","_links_to_target":""},"categories":[29],"tags":[],"class_list":["post-794","post","type-post","status-publish","format-standard","has-post-thumbnail","hentry","category-developpement-durable"],"_links":{"self":[{"href":"https:\/\/etab.ac-reunion.fr\/clg-ravine-des-cabris\/wp-json\/wp\/v2\/posts\/794","targetHints":{"allow":["GET"]}}],"collection":[{"href":"https:\/\/etab.ac-reunion.fr\/clg-ravine-des-cabris\/wp-json\/wp\/v2\/posts"}],"about":[{"href":"https:\/\/etab.ac-reunion.fr\/clg-ravine-des-cabris\/wp-json\/wp\/v2\/types\/post"}],"author":[{"embeddable":true,"href":"https:\/\/etab.ac-reunion.fr\/clg-ravine-des-cabris\/wp-json\/wp\/v2\/users\/27941"}],"replies":[{"embeddable":true,"href":"https:\/\/etab.ac-reunion.fr\/clg-ravine-des-cabris\/wp-json\/wp\/v2\/comments?post=794"}],"version-history":[{"count":1,"href":"https:\/\/etab.ac-reunion.fr\/clg-ravine-des-cabris\/wp-json\/wp\/v2\/posts\/794\/revisions"}],"predecessor-version":[{"id":795,"href":"https:\/\/etab.ac-reunion.fr\/clg-ravine-des-cabris\/wp-json\/wp\/v2\/posts\/794\/revisions\/795"}],"wp:featuredmedia":[{"embeddable":true,"href":"https:\/\/etab.ac-reunion.fr\/clg-ravine-des-cabris\/wp-json\/wp\/v2\/media\/796"}],"wp:attachment":[{"href":"https:\/\/etab.ac-reunion.fr\/clg-ravine-des-cabris\/wp-json\/wp\/v2\/media?parent=794"}],"wp:term":[{"taxonomy":"category","embeddable":true,"href":"https:\/\/etab.ac-reunion.fr\/clg-ravine-des-cabris\/wp-json\/wp\/v2\/categories?post=794"},{"taxonomy":"post_tag","embeddable":true,"href":"https:\/\/etab.ac-reunion.fr\/clg-ravine-des-cabris\/wp-json\/wp\/v2\/tags?post=794"}],"curies":[{"name":"wp","href":"https:\/\/api.w.org\/{rel}","templated":true}]}}