{"id":813,"date":"2017-05-21T13:15:12","date_gmt":"2017-05-21T11:15:12","guid":{"rendered":"http:\/\/college-ravinedescabris.ac-reunion.fr\/?p=813"},"modified":"2020-12-16T13:15:38","modified_gmt":"2020-12-16T12:15:38","slug":"dans-le-sillage-des-baleines","status":"publish","type":"post","link":"https:\/\/etab.ac-reunion.fr\/clg-ravine-des-cabris\/2017\/05\/21\/dans-le-sillage-des-baleines\/","title":{"rendered":"Dans le sillage des baleines"},"content":{"rendered":"\n<p>Au mois de juin 2017 le 2\u00e8me Congr\u00e8s international sur la Baleine \u00e0 bosse se d\u00e9roulera \u00e0 La R\u00e9union.<\/p>\n\n\n\n<p>Dans ce contexte, le mus\u00e9e Stella Matutina pr\u00e9sente une exposition temporaire \u201cDans le sillage des baleines\u201d pr\u00e9vue pour la p\u00e9riode mai \u2013 octobre 2017.<\/p>\n\n\n\n<p>Dans le cadre de cette exposition qui pr\u00e9sentera la Baleine \u00e0 bosse d\u2019un point de vue culturel, historique, artistique et scientifique, le mus\u00e9e ouvrira un espace consacr\u00e9 aux travaux des \u00e9l\u00e8ves.<\/p>\n\n\n\n<p>Les 6<sup>\u00e8me<\/sup>\u00a0Colomb ont r\u00e9alis\u00e9 en arts plastiques une \u0153uvre de 2m X 1,20 m qui s\u2019appelle\u00a0<em>Paikea<\/em>\u00a0. C\u2019est une fresque murale en mat\u00e9riaux recycl\u00e9s coll\u00e9s sur bois (bouchons, capsules nespresso&#8230;) \u00a0inspir\u00e9e de la l\u00e9gende de Paikea et d\u2019autres l\u00e9gendes\u00a0 du pacifique.<\/p>\n\n\n\n<p>Parall\u00e8lement, les \u00e9l\u00e8ves ont suivi une formation de 6h sur l\u2019identification et le suivi des c\u00e9tac\u00e9s \u00e0 la R\u00e9union par l\u2019association Globice.<\/p>\n\n\n\n<p>Une sortie en mer avec Globice est pr\u00e9vue pour essayer de voir H\u00e9li ( un grand dauphin de l\u2019indo-pacifique) qui vit au large de Saint Paul.<\/p>\n\n\n\n<div class=\"wp-block-image\"><figure class=\"aligncenter size-medium\"><a href=\"http:\/\/wpetab.ac-reunion.fr\/ravinedescabris\/wp-content\/uploads\/sites\/158\/2020\/12\/LabelE3D-01.jpg\"><img loading=\"lazy\" decoding=\"async\" width=\"800\" height=\"495\" src=\"http:\/\/wpetab.ac-reunion.fr\/ravinedescabris\/wp-content\/uploads\/sites\/158\/2020\/12\/LabelE3D-01-800x495.jpg\" alt=\"\" class=\"wp-image-787\" srcset=\"https:\/\/etab.ac-reunion.fr\/clg-ravine-des-cabris\/wp-content\/uploads\/sites\/158\/2020\/12\/LabelE3D-01-800x495.jpg 800w, https:\/\/etab.ac-reunion.fr\/clg-ravine-des-cabris\/wp-content\/uploads\/sites\/158\/2020\/12\/LabelE3D-01-1920x1188.jpg 1920w, https:\/\/etab.ac-reunion.fr\/clg-ravine-des-cabris\/wp-content\/uploads\/sites\/158\/2020\/12\/LabelE3D-01-768x475.jpg 768w, https:\/\/etab.ac-reunion.fr\/clg-ravine-des-cabris\/wp-content\/uploads\/sites\/158\/2020\/12\/LabelE3D-01-1536x950.jpg 1536w, https:\/\/etab.ac-reunion.fr\/clg-ravine-des-cabris\/wp-content\/uploads\/sites\/158\/2020\/12\/LabelE3D-01-213x132.jpg 213w, https:\/\/etab.ac-reunion.fr\/clg-ravine-des-cabris\/wp-content\/uploads\/sites\/158\/2020\/12\/LabelE3D-01.jpg 2000w\" sizes=\"auto, (max-width: 800px) 100vw, 800px\" \/><\/a><\/figure><\/div>\n","protected":false},"excerpt":{"rendered":"","protected":false},"author":27941,"featured_media":769,"comment_status":"closed","ping_status":"closed","sticky":false,"template":"","format":"standard","meta":{"footnotes":"","_links_to":"","_links_to_target":""},"categories":[32,29],"tags":[],"class_list":["post-813","post","type-post","status-publish","format-standard","has-post-thumbnail","hentry","category-arts-plastiques","category-developpement-durable"],"_links":{"self":[{"href":"https:\/\/etab.ac-reunion.fr\/clg-ravine-des-cabris\/wp-json\/wp\/v2\/posts\/813","targetHints":{"allow":["GET"]}}],"collection":[{"href":"https:\/\/etab.ac-reunion.fr\/clg-ravine-des-cabris\/wp-json\/wp\/v2\/posts"}],"about":[{"href":"https:\/\/etab.ac-reunion.fr\/clg-ravine-des-cabris\/wp-json\/wp\/v2\/types\/post"}],"author":[{"embeddable":true,"href":"https:\/\/etab.ac-reunion.fr\/clg-ravine-des-cabris\/wp-json\/wp\/v2\/users\/27941"}],"replies":[{"embeddable":true,"href":"https:\/\/etab.ac-reunion.fr\/clg-ravine-des-cabris\/wp-json\/wp\/v2\/comments?post=813"}],"version-history":[{"count":1,"href":"https:\/\/etab.ac-reunion.fr\/clg-ravine-des-cabris\/wp-json\/wp\/v2\/posts\/813\/revisions"}],"predecessor-version":[{"id":814,"href":"https:\/\/etab.ac-reunion.fr\/clg-ravine-des-cabris\/wp-json\/wp\/v2\/posts\/813\/revisions\/814"}],"wp:featuredmedia":[{"embeddable":true,"href":"https:\/\/etab.ac-reunion.fr\/clg-ravine-des-cabris\/wp-json\/wp\/v2\/media\/769"}],"wp:attachment":[{"href":"https:\/\/etab.ac-reunion.fr\/clg-ravine-des-cabris\/wp-json\/wp\/v2\/media?parent=813"}],"wp:term":[{"taxonomy":"category","embeddable":true,"href":"https:\/\/etab.ac-reunion.fr\/clg-ravine-des-cabris\/wp-json\/wp\/v2\/categories?post=813"},{"taxonomy":"post_tag","embeddable":true,"href":"https:\/\/etab.ac-reunion.fr\/clg-ravine-des-cabris\/wp-json\/wp\/v2\/tags?post=813"}],"curies":[{"name":"wp","href":"https:\/\/api.w.org\/{rel}","templated":true}]}}