{"id":818,"date":"2020-08-16T13:27:46","date_gmt":"2020-08-16T11:27:46","guid":{"rendered":"http:\/\/college-ravinedescabris.ac-reunion.fr\/?p=818"},"modified":"2020-12-16T13:31:42","modified_gmt":"2020-12-16T12:31:42","slug":"informations-generales","status":"publish","type":"post","link":"https:\/\/etab.ac-reunion.fr\/clg-ravine-des-cabris\/2020\/08\/16\/informations-generales\/","title":{"rendered":"Informations g\u00e9n\u00e9rales et organisation"},"content":{"rendered":"\n<figure class=\"wp-block-image size-large\"><img loading=\"lazy\" decoding=\"async\" width=\"300\" height=\"132\" src=\"http:\/\/wpetab.ac-reunion.fr\/ravinedescabris\/wp-content\/uploads\/sites\/158\/2020\/10\/LogoCLG04132.jpg\" alt=\"\" class=\"wp-image-128\" \/><\/figure>\n\n\n\n<p>Voici un espace de communication pour toute la communaut\u00e9 du coll\u00e8ge Ravine des Cabris. <br> Ce site, compl\u00e9mentaire de l\u2019ENT de l\u2019\u00e9tablissement, a pour but de d\u00e9velopper au sein du coll\u00e8ge les pratiques num\u00e9riques par tous les acteurs de la communaut\u00e9 scolaire. Il est bas\u00e9 sur un travail collaboratif, \u00e0 diff\u00e9rents niveaux et \u00e0 la mani\u00e8re d\u2019un blog.<\/p>\n\n\n\n<h3 class=\"wp-block-heading\">Livret de rentr\u00e9e<\/h3>\n\n\n<a href=\"https:\/\/wpetab.ac-reunion.fr\/ravinedescabris\/wp-content\/uploads\/sites\/158\/2020\/10\/livret-rentree-2020-2021.pdf\" class=\"pdfemb-viewer\" style=\"\" data-width=\"max\" data-height=\"max\" data-toolbar=\"both\" data-toolbar-fixed=\"on\">livret-rentree-2020-2021<\/a>\n<p class=\"wp-block-pdfemb-pdf-embedder-viewer\"><\/p>\n","protected":false},"excerpt":{"rendered":"","protected":false},"author":27941,"featured_media":141,"comment_status":"closed","ping_status":"closed","sticky":false,"template":"","format":"standard","meta":{"footnotes":"","_links_to":"","_links_to_target":""},"categories":[41],"tags":[],"class_list":["post-818","post","type-post","status-publish","format-standard","has-post-thumbnail","hentry","category-organisation"],"_links":{"self":[{"href":"https:\/\/etab.ac-reunion.fr\/clg-ravine-des-cabris\/wp-json\/wp\/v2\/posts\/818","targetHints":{"allow":["GET"]}}],"collection":[{"href":"https:\/\/etab.ac-reunion.fr\/clg-ravine-des-cabris\/wp-json\/wp\/v2\/posts"}],"about":[{"href":"https:\/\/etab.ac-reunion.fr\/clg-ravine-des-cabris\/wp-json\/wp\/v2\/types\/post"}],"author":[{"embeddable":true,"href":"https:\/\/etab.ac-reunion.fr\/clg-ravine-des-cabris\/wp-json\/wp\/v2\/users\/27941"}],"replies":[{"embeddable":true,"href":"https:\/\/etab.ac-reunion.fr\/clg-ravine-des-cabris\/wp-json\/wp\/v2\/comments?post=818"}],"version-history":[{"count":2,"href":"https:\/\/etab.ac-reunion.fr\/clg-ravine-des-cabris\/wp-json\/wp\/v2\/posts\/818\/revisions"}],"predecessor-version":[{"id":820,"href":"https:\/\/etab.ac-reunion.fr\/clg-ravine-des-cabris\/wp-json\/wp\/v2\/posts\/818\/revisions\/820"}],"wp:featuredmedia":[{"embeddable":true,"href":"https:\/\/etab.ac-reunion.fr\/clg-ravine-des-cabris\/wp-json\/wp\/v2\/media\/141"}],"wp:attachment":[{"href":"https:\/\/etab.ac-reunion.fr\/clg-ravine-des-cabris\/wp-json\/wp\/v2\/media?parent=818"}],"wp:term":[{"taxonomy":"category","embeddable":true,"href":"https:\/\/etab.ac-reunion.fr\/clg-ravine-des-cabris\/wp-json\/wp\/v2\/categories?post=818"},{"taxonomy":"post_tag","embeddable":true,"href":"https:\/\/etab.ac-reunion.fr\/clg-ravine-des-cabris\/wp-json\/wp\/v2\/tags?post=818"}],"curies":[{"name":"wp","href":"https:\/\/api.w.org\/{rel}","templated":true}]}}