{"id":844,"date":"2016-12-16T14:29:18","date_gmt":"2016-12-16T13:29:18","guid":{"rendered":"http:\/\/college-ravinedescabris.ac-reunion.fr\/?p=844"},"modified":"2020-12-16T14:29:43","modified_gmt":"2020-12-16T13:29:43","slug":"les-eco-delegues-a-la-semaine-du-bien-etre-au-moulin-a-cafe","status":"publish","type":"post","link":"https:\/\/etab.ac-reunion.fr\/clg-ravine-des-cabris\/2016\/12\/16\/les-eco-delegues-a-la-semaine-du-bien-etre-au-moulin-a-cafe\/","title":{"rendered":"Les Eco-D\u00e9l\u00e9gu\u00e9s \u00e0 la semaine du bien \u00eatre au Moulin \u00e0 Caf\u00e9"},"content":{"rendered":"\n<p>Une partie des \u00e9co-d\u00e9l\u00e9gu\u00e9s, ainsi que Jilliane\u00a0 et M. De Boisseuil\u00a0 sont all\u00e9s \u00e0 la rencontre des participants\u00a0 \u00e0 la manifestation \u00ab La Semaine du Bien \u00catre \u00bb organis\u00e9e \u00e0 la Ravine des Cabris, r\u00e9unissant agriculteurs bio, tisaneurs, cr\u00e9atrices d\u2019huiles essentielles, militantes pour l\u2019alimentation \u00e9quilibr\u00e9e et jardiniers\/ paysagistes sp\u00e9cialistes de la permaculture.<br><strong>I- D\u00e9couverte des senteurs et de la cr\u00e9ations des huiles essentielles.<\/strong><br>Lou, Sarah, Joshua, Adrien, Karim, Kenny, S\u00e9bastien, Alexandre, Emeline, Anne, Juliette, M\u00e9line, Karelle, Leina et Kiara, d\u00e9couvrent avec Patricia Arnoux \u2013 cr\u00e9atrice d\u2019huiles essentielles, de baumes et de cr\u00e8mes v\u00e9g\u00e9tales- et sa coll\u00e8gue les diff\u00e9rents parfums et odeurs. L\u2019atelier olfactif a permis aux \u00e9co-d\u00e9l\u00e9gu\u00e9s de red\u00e9couvrir les parfums de l\u2019\u00eele de la R\u00e9union ainsi que les parfums d\u2019ailleurs et de d\u00e9couvrir un artisanat trop souvent oubli\u00e9.<br><strong>II- Rencontre avec un tisaneur dit \u00ab Kakouk \u00bb<\/strong><br>Frantz Ledoyen, tisaneur passionn\u00e9 de l\u2019Entre Deux, a partag\u00e9 avec les \u00e9l\u00e8ves ses connaissances des plantes souvent end\u00e9miques de l\u2019\u00eele de la R\u00e9union utilis\u00e9es dans des tisanes et infusions \u00e0 des fins m\u00e9dicinales. Les \u00e9l\u00e8ves ont \u00e9cout\u00e9 attentivement les explications de \u00abKakouk\u00bb sur le dosage des plantes dans la tisane, sur le danger de certaines et sur ce qu\u2019elles soignent.<br><strong>III- Rencontre avec le pr\u00e9sident de l\u2019association GAB (Groupement des Agriculteurs\u00a0Biologiques \u00e0 la R\u00e9union)<\/strong><br>Baptiste Logoras, technicien en agriculture biologique et pr\u00e9sident de l\u2019association GAB a expliqu\u00e9 aux \u00e9l\u00e8ves l\u2019importance de l\u2019agriculture biologique ici et ailleurs. Il leurs a pr\u00e9sent\u00e9 les diff\u00e9rents produits bio et de saisons des agriculteurs de son association et a invit\u00e9 les \u00e9l\u00e8ves \u00e0 y go\u00fbter. Les \u00e9l\u00e8ves se sentent concern\u00e9s et expliquent vouloir m\u00eame prendre part \u00e0 cette agriculture biologique en incitant leurs parents \u00e0 consommer des fruits et l\u00e9gumes bio.<br><strong>IV- Cr\u00e9ation culinaire<\/strong><br>Enfilant leurs tabliers et leurs charlottes les \u00e9l\u00e8ves ont pris \u00e0 c\u0153ur la r\u00e9alisation d\u2019une salade de fruits frais \u00e0 l\u2019aide des membres de l\u2019association ESF ( \u00c9conomie Sociale et Familiale de la R\u00e9union) ayant pour slogan \u00ab l\u2019\u00e9quilibre au quotidien \u00bb. L\u2019association sensibilise les jeunes \u00e0 l\u2019importance d\u2019avoir une alimentation \u00e9quilibr\u00e9e et partage comme message qu\u2019on peut maintenir cet \u00e9quilibre alimentaire tout le temps, sans exc\u00e8s et avec peu de moyens. Fi\u00e8re de leurs r\u00e9alisations\u00a0 culinaires, ils promettent de le reproduire chez eux.<br><strong>V- Cr\u00e9ation collective d\u2019un jardin sur papier.<\/strong><br>Un jardinier paysagiste sp\u00e9cialis\u00e9 dans la permaculture a propos\u00e9 aux \u00e9l\u00e8ves un jeu \u00e0 travers lequel ils doivent cr\u00e9er un jardin avec le plus de coh\u00e9rence possible pour un fonctionnement optimal et un agencement efficace afin que chaque \u00e9l\u00e9ment du jardin serve \u00e0 l\u2019autre.<\/p>\n\n\n\n<figure class=\"wp-block-gallery columns-3 is-cropped wp-block-gallery-1 is-layout-flex wp-block-gallery-is-layout-flex\"><ul class=\"blocks-gallery-grid\"><li class=\"blocks-gallery-item\"><figure><a href=\"http:\/\/wpetab.ac-reunion.fr\/ravinedescabris\/wp-content\/uploads\/sites\/158\/2020\/12\/Tisaneur-et-eco-delegues-01.jpg\"><img loading=\"lazy\" decoding=\"async\" width=\"1400\" height=\"1050\" src=\"http:\/\/wpetab.ac-reunion.fr\/ravinedescabris\/wp-content\/uploads\/sites\/158\/2020\/12\/Tisaneur-et-eco-delegues-01.jpg\" alt=\"\" data-id=\"845\" data-full-url=\"http:\/\/wpetab.ac-reunion.fr\/ravinedescabris\/wp-content\/uploads\/sites\/158\/2020\/12\/Tisaneur-et-eco-delegues-01.jpg\" data-link=\"https:\/\/etab.ac-reunion.fr\/clg-ravine-des-cabris\/?attachment_id=845\" class=\"wp-image-845\" srcset=\"https:\/\/etab.ac-reunion.fr\/clg-ravine-des-cabris\/wp-content\/uploads\/sites\/158\/2020\/12\/Tisaneur-et-eco-delegues-01.jpg 1400w, https:\/\/etab.ac-reunion.fr\/clg-ravine-des-cabris\/wp-content\/uploads\/sites\/158\/2020\/12\/Tisaneur-et-eco-delegues-01-800x600.jpg 800w, https:\/\/etab.ac-reunion.fr\/clg-ravine-des-cabris\/wp-content\/uploads\/sites\/158\/2020\/12\/Tisaneur-et-eco-delegues-01-768x576.jpg 768w, https:\/\/etab.ac-reunion.fr\/clg-ravine-des-cabris\/wp-content\/uploads\/sites\/158\/2020\/12\/Tisaneur-et-eco-delegues-01-176x132.jpg 176w\" sizes=\"auto, (max-width: 1400px) 100vw, 1400px\" \/><\/a><\/figure><\/li><li class=\"blocks-gallery-item\"><figure><a href=\"http:\/\/wpetab.ac-reunion.fr\/ravinedescabris\/wp-content\/uploads\/sites\/158\/2020\/12\/Tisaneur-et-eco-delegues-02.jpg\"><img loading=\"lazy\" decoding=\"async\" width=\"1400\" height=\"1050\" src=\"http:\/\/wpetab.ac-reunion.fr\/ravinedescabris\/wp-content\/uploads\/sites\/158\/2020\/12\/Tisaneur-et-eco-delegues-02.jpg\" alt=\"\" data-id=\"846\" data-full-url=\"http:\/\/wpetab.ac-reunion.fr\/ravinedescabris\/wp-content\/uploads\/sites\/158\/2020\/12\/Tisaneur-et-eco-delegues-02.jpg\" data-link=\"https:\/\/etab.ac-reunion.fr\/clg-ravine-des-cabris\/?attachment_id=846\" class=\"wp-image-846\" srcset=\"https:\/\/etab.ac-reunion.fr\/clg-ravine-des-cabris\/wp-content\/uploads\/sites\/158\/2020\/12\/Tisaneur-et-eco-delegues-02.jpg 1400w, https:\/\/etab.ac-reunion.fr\/clg-ravine-des-cabris\/wp-content\/uploads\/sites\/158\/2020\/12\/Tisaneur-et-eco-delegues-02-800x600.jpg 800w, https:\/\/etab.ac-reunion.fr\/clg-ravine-des-cabris\/wp-content\/uploads\/sites\/158\/2020\/12\/Tisaneur-et-eco-delegues-02-768x576.jpg 768w, https:\/\/etab.ac-reunion.fr\/clg-ravine-des-cabris\/wp-content\/uploads\/sites\/158\/2020\/12\/Tisaneur-et-eco-delegues-02-176x132.jpg 176w\" sizes=\"auto, (max-width: 1400px) 100vw, 1400px\" \/><\/a><\/figure><\/li><li class=\"blocks-gallery-item\"><figure><a href=\"http:\/\/wpetab.ac-reunion.fr\/ravinedescabris\/wp-content\/uploads\/sites\/158\/2020\/12\/Tisaneur-et-eco-delegues-03.jpg\"><img loading=\"lazy\" decoding=\"async\" width=\"1400\" height=\"1050\" src=\"http:\/\/wpetab.ac-reunion.fr\/ravinedescabris\/wp-content\/uploads\/sites\/158\/2020\/12\/Tisaneur-et-eco-delegues-03.jpg\" alt=\"\" data-id=\"847\" data-full-url=\"http:\/\/wpetab.ac-reunion.fr\/ravinedescabris\/wp-content\/uploads\/sites\/158\/2020\/12\/Tisaneur-et-eco-delegues-03.jpg\" data-link=\"https:\/\/etab.ac-reunion.fr\/clg-ravine-des-cabris\/?attachment_id=847\" class=\"wp-image-847\" srcset=\"https:\/\/etab.ac-reunion.fr\/clg-ravine-des-cabris\/wp-content\/uploads\/sites\/158\/2020\/12\/Tisaneur-et-eco-delegues-03.jpg 1400w, https:\/\/etab.ac-reunion.fr\/clg-ravine-des-cabris\/wp-content\/uploads\/sites\/158\/2020\/12\/Tisaneur-et-eco-delegues-03-800x600.jpg 800w, https:\/\/etab.ac-reunion.fr\/clg-ravine-des-cabris\/wp-content\/uploads\/sites\/158\/2020\/12\/Tisaneur-et-eco-delegues-03-768x576.jpg 768w, https:\/\/etab.ac-reunion.fr\/clg-ravine-des-cabris\/wp-content\/uploads\/sites\/158\/2020\/12\/Tisaneur-et-eco-delegues-03-176x132.jpg 176w\" sizes=\"auto, (max-width: 1400px) 100vw, 1400px\" \/><\/a><\/figure><\/li><li class=\"blocks-gallery-item\"><figure><a href=\"http:\/\/wpetab.ac-reunion.fr\/ravinedescabris\/wp-content\/uploads\/sites\/158\/2020\/12\/Tisaneur-et-eco-delegues-04.jpg\"><img loading=\"lazy\" decoding=\"async\" width=\"1400\" height=\"1050\" src=\"http:\/\/wpetab.ac-reunion.fr\/ravinedescabris\/wp-content\/uploads\/sites\/158\/2020\/12\/Tisaneur-et-eco-delegues-04.jpg\" alt=\"\" data-id=\"848\" data-full-url=\"http:\/\/wpetab.ac-reunion.fr\/ravinedescabris\/wp-content\/uploads\/sites\/158\/2020\/12\/Tisaneur-et-eco-delegues-04.jpg\" data-link=\"https:\/\/etab.ac-reunion.fr\/clg-ravine-des-cabris\/?attachment_id=848\" class=\"wp-image-848\" srcset=\"https:\/\/etab.ac-reunion.fr\/clg-ravine-des-cabris\/wp-content\/uploads\/sites\/158\/2020\/12\/Tisaneur-et-eco-delegues-04.jpg 1400w, https:\/\/etab.ac-reunion.fr\/clg-ravine-des-cabris\/wp-content\/uploads\/sites\/158\/2020\/12\/Tisaneur-et-eco-delegues-04-800x600.jpg 800w, https:\/\/etab.ac-reunion.fr\/clg-ravine-des-cabris\/wp-content\/uploads\/sites\/158\/2020\/12\/Tisaneur-et-eco-delegues-04-768x576.jpg 768w, https:\/\/etab.ac-reunion.fr\/clg-ravine-des-cabris\/wp-content\/uploads\/sites\/158\/2020\/12\/Tisaneur-et-eco-delegues-04-176x132.jpg 176w\" sizes=\"auto, (max-width: 1400px) 100vw, 1400px\" \/><\/a><\/figure><\/li><li class=\"blocks-gallery-item\"><figure><a href=\"http:\/\/wpetab.ac-reunion.fr\/ravinedescabris\/wp-content\/uploads\/sites\/158\/2020\/12\/Tisaneur-et-eco-delegues-05.jpg\"><img loading=\"lazy\" decoding=\"async\" width=\"1400\" height=\"1050\" src=\"http:\/\/wpetab.ac-reunion.fr\/ravinedescabris\/wp-content\/uploads\/sites\/158\/2020\/12\/Tisaneur-et-eco-delegues-05.jpg\" alt=\"\" data-id=\"849\" data-full-url=\"http:\/\/wpetab.ac-reunion.fr\/ravinedescabris\/wp-content\/uploads\/sites\/158\/2020\/12\/Tisaneur-et-eco-delegues-05.jpg\" data-link=\"https:\/\/etab.ac-reunion.fr\/clg-ravine-des-cabris\/?attachment_id=849\" class=\"wp-image-849\" srcset=\"https:\/\/etab.ac-reunion.fr\/clg-ravine-des-cabris\/wp-content\/uploads\/sites\/158\/2020\/12\/Tisaneur-et-eco-delegues-05.jpg 1400w, https:\/\/etab.ac-reunion.fr\/clg-ravine-des-cabris\/wp-content\/uploads\/sites\/158\/2020\/12\/Tisaneur-et-eco-delegues-05-800x600.jpg 800w, https:\/\/etab.ac-reunion.fr\/clg-ravine-des-cabris\/wp-content\/uploads\/sites\/158\/2020\/12\/Tisaneur-et-eco-delegues-05-768x576.jpg 768w, https:\/\/etab.ac-reunion.fr\/clg-ravine-des-cabris\/wp-content\/uploads\/sites\/158\/2020\/12\/Tisaneur-et-eco-delegues-05-176x132.jpg 176w\" sizes=\"auto, (max-width: 1400px) 100vw, 1400px\" \/><\/a><\/figure><\/li><li class=\"blocks-gallery-item\"><figure><a href=\"http:\/\/wpetab.ac-reunion.fr\/ravinedescabris\/wp-content\/uploads\/sites\/158\/2020\/12\/Tisaneur-et-eco-delegues-06.jpg\"><img loading=\"lazy\" decoding=\"async\" width=\"810\" height=\"1080\" src=\"http:\/\/wpetab.ac-reunion.fr\/ravinedescabris\/wp-content\/uploads\/sites\/158\/2020\/12\/Tisaneur-et-eco-delegues-06.jpg\" alt=\"\" data-id=\"850\" data-full-url=\"http:\/\/wpetab.ac-reunion.fr\/ravinedescabris\/wp-content\/uploads\/sites\/158\/2020\/12\/Tisaneur-et-eco-delegues-06.jpg\" data-link=\"https:\/\/etab.ac-reunion.fr\/clg-ravine-des-cabris\/?attachment_id=850\" class=\"wp-image-850\" srcset=\"https:\/\/etab.ac-reunion.fr\/clg-ravine-des-cabris\/wp-content\/uploads\/sites\/158\/2020\/12\/Tisaneur-et-eco-delegues-06.jpg 810w, https:\/\/etab.ac-reunion.fr\/clg-ravine-des-cabris\/wp-content\/uploads\/sites\/158\/2020\/12\/Tisaneur-et-eco-delegues-06-450x600.jpg 450w, https:\/\/etab.ac-reunion.fr\/clg-ravine-des-cabris\/wp-content\/uploads\/sites\/158\/2020\/12\/Tisaneur-et-eco-delegues-06-768x1024.jpg 768w, https:\/\/etab.ac-reunion.fr\/clg-ravine-des-cabris\/wp-content\/uploads\/sites\/158\/2020\/12\/Tisaneur-et-eco-delegues-06-99x132.jpg 99w\" sizes=\"auto, (max-width: 810px) 100vw, 810px\" \/><\/a><\/figure><\/li><li class=\"blocks-gallery-item\"><figure><a href=\"http:\/\/wpetab.ac-reunion.fr\/ravinedescabris\/wp-content\/uploads\/sites\/158\/2020\/12\/Tisaneur-et-eco-delegues-07.jpg\"><img loading=\"lazy\" decoding=\"async\" width=\"1400\" height=\"1050\" src=\"http:\/\/wpetab.ac-reunion.fr\/ravinedescabris\/wp-content\/uploads\/sites\/158\/2020\/12\/Tisaneur-et-eco-delegues-07.jpg\" alt=\"\" data-id=\"851\" data-full-url=\"http:\/\/wpetab.ac-reunion.fr\/ravinedescabris\/wp-content\/uploads\/sites\/158\/2020\/12\/Tisaneur-et-eco-delegues-07.jpg\" data-link=\"https:\/\/etab.ac-reunion.fr\/clg-ravine-des-cabris\/?attachment_id=851\" class=\"wp-image-851\" srcset=\"https:\/\/etab.ac-reunion.fr\/clg-ravine-des-cabris\/wp-content\/uploads\/sites\/158\/2020\/12\/Tisaneur-et-eco-delegues-07.jpg 1400w, https:\/\/etab.ac-reunion.fr\/clg-ravine-des-cabris\/wp-content\/uploads\/sites\/158\/2020\/12\/Tisaneur-et-eco-delegues-07-800x600.jpg 800w, https:\/\/etab.ac-reunion.fr\/clg-ravine-des-cabris\/wp-content\/uploads\/sites\/158\/2020\/12\/Tisaneur-et-eco-delegues-07-768x576.jpg 768w, https:\/\/etab.ac-reunion.fr\/clg-ravine-des-cabris\/wp-content\/uploads\/sites\/158\/2020\/12\/Tisaneur-et-eco-delegues-07-176x132.jpg 176w\" sizes=\"auto, (max-width: 1400px) 100vw, 1400px\" \/><\/a><\/figure><\/li><li class=\"blocks-gallery-item\"><figure><a href=\"http:\/\/wpetab.ac-reunion.fr\/ravinedescabris\/wp-content\/uploads\/sites\/158\/2020\/12\/Tisaneur-et-eco-delegues-08.jpg\"><img loading=\"lazy\" decoding=\"async\" width=\"1400\" height=\"1050\" src=\"http:\/\/wpetab.ac-reunion.fr\/ravinedescabris\/wp-content\/uploads\/sites\/158\/2020\/12\/Tisaneur-et-eco-delegues-08.jpg\" alt=\"\" data-id=\"852\" data-full-url=\"http:\/\/wpetab.ac-reunion.fr\/ravinedescabris\/wp-content\/uploads\/sites\/158\/2020\/12\/Tisaneur-et-eco-delegues-08.jpg\" data-link=\"https:\/\/etab.ac-reunion.fr\/clg-ravine-des-cabris\/?attachment_id=852\" class=\"wp-image-852\" srcset=\"https:\/\/etab.ac-reunion.fr\/clg-ravine-des-cabris\/wp-content\/uploads\/sites\/158\/2020\/12\/Tisaneur-et-eco-delegues-08.jpg 1400w, https:\/\/etab.ac-reunion.fr\/clg-ravine-des-cabris\/wp-content\/uploads\/sites\/158\/2020\/12\/Tisaneur-et-eco-delegues-08-800x600.jpg 800w, https:\/\/etab.ac-reunion.fr\/clg-ravine-des-cabris\/wp-content\/uploads\/sites\/158\/2020\/12\/Tisaneur-et-eco-delegues-08-768x576.jpg 768w, https:\/\/etab.ac-reunion.fr\/clg-ravine-des-cabris\/wp-content\/uploads\/sites\/158\/2020\/12\/Tisaneur-et-eco-delegues-08-176x132.jpg 176w\" sizes=\"auto, (max-width: 1400px) 100vw, 1400px\" \/><\/a><\/figure><\/li><li class=\"blocks-gallery-item\"><figure><a href=\"http:\/\/wpetab.ac-reunion.fr\/ravinedescabris\/wp-content\/uploads\/sites\/158\/2020\/12\/Tisaneur-et-eco-delegues-09.jpg\"><img loading=\"lazy\" decoding=\"async\" width=\"1400\" height=\"1050\" src=\"http:\/\/wpetab.ac-reunion.fr\/ravinedescabris\/wp-content\/uploads\/sites\/158\/2020\/12\/Tisaneur-et-eco-delegues-09.jpg\" alt=\"\" data-id=\"853\" data-full-url=\"http:\/\/wpetab.ac-reunion.fr\/ravinedescabris\/wp-content\/uploads\/sites\/158\/2020\/12\/Tisaneur-et-eco-delegues-09.jpg\" data-link=\"https:\/\/etab.ac-reunion.fr\/clg-ravine-des-cabris\/?attachment_id=853\" class=\"wp-image-853\" srcset=\"https:\/\/etab.ac-reunion.fr\/clg-ravine-des-cabris\/wp-content\/uploads\/sites\/158\/2020\/12\/Tisaneur-et-eco-delegues-09.jpg 1400w, https:\/\/etab.ac-reunion.fr\/clg-ravine-des-cabris\/wp-content\/uploads\/sites\/158\/2020\/12\/Tisaneur-et-eco-delegues-09-800x600.jpg 800w, https:\/\/etab.ac-reunion.fr\/clg-ravine-des-cabris\/wp-content\/uploads\/sites\/158\/2020\/12\/Tisaneur-et-eco-delegues-09-768x576.jpg 768w, https:\/\/etab.ac-reunion.fr\/clg-ravine-des-cabris\/wp-content\/uploads\/sites\/158\/2020\/12\/Tisaneur-et-eco-delegues-09-176x132.jpg 176w\" sizes=\"auto, (max-width: 1400px) 100vw, 1400px\" \/><\/a><\/figure><\/li><li class=\"blocks-gallery-item\"><figure><a href=\"http:\/\/wpetab.ac-reunion.fr\/ravinedescabris\/wp-content\/uploads\/sites\/158\/2020\/12\/Tisaneur-et-eco-delegues-10.jpg\"><img loading=\"lazy\" decoding=\"async\" width=\"1400\" height=\"1050\" src=\"http:\/\/wpetab.ac-reunion.fr\/ravinedescabris\/wp-content\/uploads\/sites\/158\/2020\/12\/Tisaneur-et-eco-delegues-10.jpg\" alt=\"\" data-id=\"854\" data-full-url=\"http:\/\/wpetab.ac-reunion.fr\/ravinedescabris\/wp-content\/uploads\/sites\/158\/2020\/12\/Tisaneur-et-eco-delegues-10.jpg\" data-link=\"https:\/\/etab.ac-reunion.fr\/clg-ravine-des-cabris\/?attachment_id=854\" class=\"wp-image-854\" srcset=\"https:\/\/etab.ac-reunion.fr\/clg-ravine-des-cabris\/wp-content\/uploads\/sites\/158\/2020\/12\/Tisaneur-et-eco-delegues-10.jpg 1400w, https:\/\/etab.ac-reunion.fr\/clg-ravine-des-cabris\/wp-content\/uploads\/sites\/158\/2020\/12\/Tisaneur-et-eco-delegues-10-800x600.jpg 800w, https:\/\/etab.ac-reunion.fr\/clg-ravine-des-cabris\/wp-content\/uploads\/sites\/158\/2020\/12\/Tisaneur-et-eco-delegues-10-768x576.jpg 768w, https:\/\/etab.ac-reunion.fr\/clg-ravine-des-cabris\/wp-content\/uploads\/sites\/158\/2020\/12\/Tisaneur-et-eco-delegues-10-176x132.jpg 176w\" sizes=\"auto, (max-width: 1400px) 100vw, 1400px\" \/><\/a><\/figure><\/li><li class=\"blocks-gallery-item\"><figure><a href=\"http:\/\/wpetab.ac-reunion.fr\/ravinedescabris\/wp-content\/uploads\/sites\/158\/2020\/12\/Tisaneur-et-eco-delegues-11.jpg\"><img loading=\"lazy\" decoding=\"async\" width=\"1400\" height=\"1050\" src=\"http:\/\/wpetab.ac-reunion.fr\/ravinedescabris\/wp-content\/uploads\/sites\/158\/2020\/12\/Tisaneur-et-eco-delegues-11.jpg\" alt=\"\" data-id=\"855\" data-full-url=\"http:\/\/wpetab.ac-reunion.fr\/ravinedescabris\/wp-content\/uploads\/sites\/158\/2020\/12\/Tisaneur-et-eco-delegues-11.jpg\" data-link=\"https:\/\/etab.ac-reunion.fr\/clg-ravine-des-cabris\/?attachment_id=855\" class=\"wp-image-855\" srcset=\"https:\/\/etab.ac-reunion.fr\/clg-ravine-des-cabris\/wp-content\/uploads\/sites\/158\/2020\/12\/Tisaneur-et-eco-delegues-11.jpg 1400w, https:\/\/etab.ac-reunion.fr\/clg-ravine-des-cabris\/wp-content\/uploads\/sites\/158\/2020\/12\/Tisaneur-et-eco-delegues-11-800x600.jpg 800w, https:\/\/etab.ac-reunion.fr\/clg-ravine-des-cabris\/wp-content\/uploads\/sites\/158\/2020\/12\/Tisaneur-et-eco-delegues-11-768x576.jpg 768w, https:\/\/etab.ac-reunion.fr\/clg-ravine-des-cabris\/wp-content\/uploads\/sites\/158\/2020\/12\/Tisaneur-et-eco-delegues-11-176x132.jpg 176w\" sizes=\"auto, (max-width: 1400px) 100vw, 1400px\" \/><\/a><\/figure><\/li><li class=\"blocks-gallery-item\"><figure><a href=\"http:\/\/wpetab.ac-reunion.fr\/ravinedescabris\/wp-content\/uploads\/sites\/158\/2020\/12\/Tisaneur-et-eco-delegues-12.jpg\"><img loading=\"lazy\" decoding=\"async\" width=\"1400\" height=\"1050\" src=\"http:\/\/wpetab.ac-reunion.fr\/ravinedescabris\/wp-content\/uploads\/sites\/158\/2020\/12\/Tisaneur-et-eco-delegues-12.jpg\" alt=\"\" data-id=\"856\" data-full-url=\"http:\/\/wpetab.ac-reunion.fr\/ravinedescabris\/wp-content\/uploads\/sites\/158\/2020\/12\/Tisaneur-et-eco-delegues-12.jpg\" data-link=\"https:\/\/etab.ac-reunion.fr\/clg-ravine-des-cabris\/?attachment_id=856\" class=\"wp-image-856\" srcset=\"https:\/\/etab.ac-reunion.fr\/clg-ravine-des-cabris\/wp-content\/uploads\/sites\/158\/2020\/12\/Tisaneur-et-eco-delegues-12.jpg 1400w, https:\/\/etab.ac-reunion.fr\/clg-ravine-des-cabris\/wp-content\/uploads\/sites\/158\/2020\/12\/Tisaneur-et-eco-delegues-12-800x600.jpg 800w, https:\/\/etab.ac-reunion.fr\/clg-ravine-des-cabris\/wp-content\/uploads\/sites\/158\/2020\/12\/Tisaneur-et-eco-delegues-12-768x576.jpg 768w, https:\/\/etab.ac-reunion.fr\/clg-ravine-des-cabris\/wp-content\/uploads\/sites\/158\/2020\/12\/Tisaneur-et-eco-delegues-12-176x132.jpg 176w\" sizes=\"auto, (max-width: 1400px) 100vw, 1400px\" \/><\/a><\/figure><\/li><\/ul><\/figure>\n","protected":false},"excerpt":{"rendered":"","protected":false},"author":27941,"featured_media":858,"comment_status":"closed","ping_status":"closed","sticky":false,"template":"","format":"standard","meta":{"footnotes":"","_links_to":"","_links_to_target":""},"categories":[29,20,22],"tags":[],"class_list":["post-844","post","type-post","status-publish","format-standard","has-post-thumbnail","hentry","category-developpement-durable","category-l-c-r","category-s-v-t-physique"],"_links":{"self":[{"href":"https:\/\/etab.ac-reunion.fr\/clg-ravine-des-cabris\/wp-json\/wp\/v2\/posts\/844","targetHints":{"allow":["GET"]}}],"collection":[{"href":"https:\/\/etab.ac-reunion.fr\/clg-ravine-des-cabris\/wp-json\/wp\/v2\/posts"}],"about":[{"href":"https:\/\/etab.ac-reunion.fr\/clg-ravine-des-cabris\/wp-json\/wp\/v2\/types\/post"}],"author":[{"embeddable":true,"href":"https:\/\/etab.ac-reunion.fr\/clg-ravine-des-cabris\/wp-json\/wp\/v2\/users\/27941"}],"replies":[{"embeddable":true,"href":"https:\/\/etab.ac-reunion.fr\/clg-ravine-des-cabris\/wp-json\/wp\/v2\/comments?post=844"}],"version-history":[{"count":1,"href":"https:\/\/etab.ac-reunion.fr\/clg-ravine-des-cabris\/wp-json\/wp\/v2\/posts\/844\/revisions"}],"predecessor-version":[{"id":857,"href":"https:\/\/etab.ac-reunion.fr\/clg-ravine-des-cabris\/wp-json\/wp\/v2\/posts\/844\/revisions\/857"}],"wp:featuredmedia":[{"embeddable":true,"href":"https:\/\/etab.ac-reunion.fr\/clg-ravine-des-cabris\/wp-json\/wp\/v2\/media\/858"}],"wp:attachment":[{"href":"https:\/\/etab.ac-reunion.fr\/clg-ravine-des-cabris\/wp-json\/wp\/v2\/media?parent=844"}],"wp:term":[{"taxonomy":"category","embeddable":true,"href":"https:\/\/etab.ac-reunion.fr\/clg-ravine-des-cabris\/wp-json\/wp\/v2\/categories?post=844"},{"taxonomy":"post_tag","embeddable":true,"href":"https:\/\/etab.ac-reunion.fr\/clg-ravine-des-cabris\/wp-json\/wp\/v2\/tags?post=844"}],"curies":[{"name":"wp","href":"https:\/\/api.w.org\/{rel}","templated":true}]}}