{"id":859,"date":"2016-10-16T14:37:10","date_gmt":"2016-10-16T12:37:10","guid":{"rendered":"http:\/\/college-ravinedescabris.ac-reunion.fr\/?p=859"},"modified":"2020-12-16T14:37:42","modified_gmt":"2020-12-16T13:37:42","slug":"un-jardin-au-college","status":"publish","type":"post","link":"https:\/\/etab.ac-reunion.fr\/clg-ravine-des-cabris\/2016\/10\/16\/un-jardin-au-college\/","title":{"rendered":"Un jardin au coll\u00e8ge"},"content":{"rendered":"\n<p>L\u2019activit\u00e9 jardin a repris cette ann\u00e9e avec madame LANDAULT et monsieur DE BOISSEUIL les lundis \u00e0 13h00. Les \u00e9l\u00e8ves sont les bienvenus pour embellir&nbsp;cette petite parcelle avec toute sorte de plantes, de l\u00e9gumes et de fleurs.<\/p>\n\n\n\n<p>On y apprendra, \u00e0 faire des semis, \u00e0 repiquer, \u00e0 ma\u00eetriser l\u2019arrosage, la technique du paillage et bien d\u2019autres activit\u00e9s propres au jardinier. Dans la m\u00eame optique les \u00e9l\u00e8ves seront sensibilis\u00e9s \u00e0 l\u2019int\u00e9r\u00eat de faire son compost qui viendra enrichir la terre.<\/p>\n\n\n\n<div class=\"wp-block-columns is-layout-flex wp-container-core-columns-is-layout-9d6595d7 wp-block-columns-is-layout-flex\">\n<div class=\"wp-block-column is-layout-flow wp-block-column-is-layout-flow\">\n<figure class=\"wp-block-image size-large\"><img loading=\"lazy\" decoding=\"async\" width=\"400\" height=\"300\" src=\"http:\/\/wpetab.ac-reunion.fr\/ravinedescabris\/wp-content\/uploads\/sites\/158\/2020\/12\/jardin1.jpg\" alt=\"\" class=\"wp-image-860\" srcset=\"https:\/\/etab.ac-reunion.fr\/clg-ravine-des-cabris\/wp-content\/uploads\/sites\/158\/2020\/12\/jardin1.jpg 400w, https:\/\/etab.ac-reunion.fr\/clg-ravine-des-cabris\/wp-content\/uploads\/sites\/158\/2020\/12\/jardin1-176x132.jpg 176w\" sizes=\"auto, (max-width: 400px) 100vw, 400px\" \/><\/figure>\n<\/div>\n\n\n\n<div class=\"wp-block-column is-layout-flow wp-block-column-is-layout-flow\">\n<figure class=\"wp-block-image size-large\"><img loading=\"lazy\" decoding=\"async\" width=\"300\" height=\"400\" src=\"http:\/\/wpetab.ac-reunion.fr\/ravinedescabris\/wp-content\/uploads\/sites\/158\/2020\/12\/jardin2.jpg\" alt=\"\" class=\"wp-image-861\" srcset=\"https:\/\/etab.ac-reunion.fr\/clg-ravine-des-cabris\/wp-content\/uploads\/sites\/158\/2020\/12\/jardin2.jpg 300w, https:\/\/etab.ac-reunion.fr\/clg-ravine-des-cabris\/wp-content\/uploads\/sites\/158\/2020\/12\/jardin2-99x132.jpg 99w\" sizes=\"auto, (max-width: 300px) 100vw, 300px\" \/><\/figure>\n\n\n\n<p><\/p>\n<\/div>\n<\/div>\n\n\n\n<p>Cette ann\u00e9e, une exp\u00e9rience de polyculture est test\u00e9e: la\u00a0<strong><em>milpa<\/em><\/strong>. Il s\u2019agit d\u2019une association de 3 plantes s\u0153urs qui poussent en symbiose et s\u2019apportent \u00a0une aide compl\u00e9mentaire: le ma\u00efs, la courge et le haricot grimpant.<\/p>\n","protected":false},"excerpt":{"rendered":"","protected":false},"author":27941,"featured_media":862,"comment_status":"closed","ping_status":"closed","sticky":false,"template":"","format":"standard","meta":{"footnotes":"","_links_to":"","_links_to_target":""},"categories":[3,29,22],"tags":[],"class_list":["post-859","post","type-post","status-publish","format-standard","has-post-thumbnail","hentry","category-accompagnement-educatif","category-developpement-durable","category-s-v-t-physique"],"_links":{"self":[{"href":"https:\/\/etab.ac-reunion.fr\/clg-ravine-des-cabris\/wp-json\/wp\/v2\/posts\/859","targetHints":{"allow":["GET"]}}],"collection":[{"href":"https:\/\/etab.ac-reunion.fr\/clg-ravine-des-cabris\/wp-json\/wp\/v2\/posts"}],"about":[{"href":"https:\/\/etab.ac-reunion.fr\/clg-ravine-des-cabris\/wp-json\/wp\/v2\/types\/post"}],"author":[{"embeddable":true,"href":"https:\/\/etab.ac-reunion.fr\/clg-ravine-des-cabris\/wp-json\/wp\/v2\/users\/27941"}],"replies":[{"embeddable":true,"href":"https:\/\/etab.ac-reunion.fr\/clg-ravine-des-cabris\/wp-json\/wp\/v2\/comments?post=859"}],"version-history":[{"count":1,"href":"https:\/\/etab.ac-reunion.fr\/clg-ravine-des-cabris\/wp-json\/wp\/v2\/posts\/859\/revisions"}],"predecessor-version":[{"id":863,"href":"https:\/\/etab.ac-reunion.fr\/clg-ravine-des-cabris\/wp-json\/wp\/v2\/posts\/859\/revisions\/863"}],"wp:featuredmedia":[{"embeddable":true,"href":"https:\/\/etab.ac-reunion.fr\/clg-ravine-des-cabris\/wp-json\/wp\/v2\/media\/862"}],"wp:attachment":[{"href":"https:\/\/etab.ac-reunion.fr\/clg-ravine-des-cabris\/wp-json\/wp\/v2\/media?parent=859"}],"wp:term":[{"taxonomy":"category","embeddable":true,"href":"https:\/\/etab.ac-reunion.fr\/clg-ravine-des-cabris\/wp-json\/wp\/v2\/categories?post=859"},{"taxonomy":"post_tag","embeddable":true,"href":"https:\/\/etab.ac-reunion.fr\/clg-ravine-des-cabris\/wp-json\/wp\/v2\/tags?post=859"}],"curies":[{"name":"wp","href":"https:\/\/api.w.org\/{rel}","templated":true}]}}