{"id":925,"date":"2021-02-18T13:09:06","date_gmt":"2021-02-18T12:09:06","guid":{"rendered":"http:\/\/college-ravinedescabris.ac-reunion.fr\/?p=925"},"modified":"2021-02-18T13:09:24","modified_gmt":"2021-02-18T12:09:24","slug":"justyna-unsere-assistentin","status":"publish","type":"post","link":"https:\/\/etab.ac-reunion.fr\/clg-ravine-des-cabris\/2021\/02\/18\/justyna-unsere-assistentin\/","title":{"rendered":"Justyna, unsere Assistentin\u2026"},"content":{"rendered":"\n<div class=\"wp-block-columns is-layout-flex wp-container-core-columns-is-layout-9d6595d7 wp-block-columns-is-layout-flex\">\n<div class=\"wp-block-column is-layout-flow wp-block-column-is-layout-flow\">\n<p>Les \u00e9l\u00e8ves germanistes de 4<sup>\u00e8me<\/sup> ont r\u00e9alis\u00e9 une interview de <strong>Justyna<\/strong> pour en savoir un peu plus sur cette jeune \u00e9tudiante allemande qui sera leur assistante cette ann\u00e9e. Et voil\u00e0 ce qu\u2019ils ont appris \u2026<\/p>\n\n\n\n<p><strong>Justyna<\/strong> est \u00e2g\u00e9e de 21 ans.<\/p>\n\n\n\n<p>Elle r\u00e9side \u00e0 St Pierre et est originaire <strong>d\u2019Heidelberg<\/strong>.<\/p>\n\n\n\n<p>Elle intervient en tant qu\u2019assistante dans trois coll\u00e8ges,&nbsp;\u00e0 Petite Ile, la plaine des Cafres et Ravine des Cabris.<\/p>\n\n\n\n<p>Elle est fille unique.<\/p>\n\n\n\n<p>Elle aime les mangas, le sport, en particulier le jogging, la natation et la danse (tango, valse, cha-cha-cha).<\/p>\n\n\n\n<p>Elle \u00e9coute volontiers de la pop et du rap.<\/p>\n\n\n\n<p>Son \u00e9quipe de foot pr\u00e9f\u00e9r\u00e9e est le Bayern.<\/p>\n\n\n\n<p>Elle trouve l\u2019\u00eele de la R\u00e9union tr\u00e8s belle et adore faire de la randonn\u00e9e.<\/p>\n\n\n\n<p>Elle aime les samoussas et le boucan\u00e9 !!!<\/p>\n<\/div>\n\n\n\n<div class=\"wp-block-column is-layout-flow wp-block-column-is-layout-flow\">\n<figure class=\"wp-block-image size-full\"><img loading=\"lazy\" decoding=\"async\" width=\"468\" height=\"628\" src=\"http:\/\/wpetab.ac-reunion.fr\/ravinedescabris\/wp-content\/uploads\/sites\/158\/2021\/02\/Justyna.png\" alt=\"\" class=\"wp-image-926\" srcset=\"https:\/\/etab.ac-reunion.fr\/clg-ravine-des-cabris\/wp-content\/uploads\/sites\/158\/2021\/02\/Justyna.png 468w, https:\/\/etab.ac-reunion.fr\/clg-ravine-des-cabris\/wp-content\/uploads\/sites\/158\/2021\/02\/Justyna-447x600.png 447w, https:\/\/etab.ac-reunion.fr\/clg-ravine-des-cabris\/wp-content\/uploads\/sites\/158\/2021\/02\/Justyna-98x132.png 98w\" sizes=\"auto, (max-width: 468px) 100vw, 468px\" \/><\/figure>\n<\/div>\n<\/div>\n","protected":false},"excerpt":{"rendered":"","protected":false},"author":27941,"featured_media":928,"comment_status":"closed","ping_status":"closed","sticky":false,"template":"","format":"standard","meta":{"footnotes":"","_links_to":"","_links_to_target":""},"categories":[35],"tags":[],"class_list":["post-925","post","type-post","status-publish","format-standard","has-post-thumbnail","hentry","category-allemand"],"_links":{"self":[{"href":"https:\/\/etab.ac-reunion.fr\/clg-ravine-des-cabris\/wp-json\/wp\/v2\/posts\/925","targetHints":{"allow":["GET"]}}],"collection":[{"href":"https:\/\/etab.ac-reunion.fr\/clg-ravine-des-cabris\/wp-json\/wp\/v2\/posts"}],"about":[{"href":"https:\/\/etab.ac-reunion.fr\/clg-ravine-des-cabris\/wp-json\/wp\/v2\/types\/post"}],"author":[{"embeddable":true,"href":"https:\/\/etab.ac-reunion.fr\/clg-ravine-des-cabris\/wp-json\/wp\/v2\/users\/27941"}],"replies":[{"embeddable":true,"href":"https:\/\/etab.ac-reunion.fr\/clg-ravine-des-cabris\/wp-json\/wp\/v2\/comments?post=925"}],"version-history":[{"count":1,"href":"https:\/\/etab.ac-reunion.fr\/clg-ravine-des-cabris\/wp-json\/wp\/v2\/posts\/925\/revisions"}],"predecessor-version":[{"id":927,"href":"https:\/\/etab.ac-reunion.fr\/clg-ravine-des-cabris\/wp-json\/wp\/v2\/posts\/925\/revisions\/927"}],"wp:featuredmedia":[{"embeddable":true,"href":"https:\/\/etab.ac-reunion.fr\/clg-ravine-des-cabris\/wp-json\/wp\/v2\/media\/928"}],"wp:attachment":[{"href":"https:\/\/etab.ac-reunion.fr\/clg-ravine-des-cabris\/wp-json\/wp\/v2\/media?parent=925"}],"wp:term":[{"taxonomy":"category","embeddable":true,"href":"https:\/\/etab.ac-reunion.fr\/clg-ravine-des-cabris\/wp-json\/wp\/v2\/categories?post=925"},{"taxonomy":"post_tag","embeddable":true,"href":"https:\/\/etab.ac-reunion.fr\/clg-ravine-des-cabris\/wp-json\/wp\/v2\/tags?post=925"}],"curies":[{"name":"wp","href":"https:\/\/api.w.org\/{rel}","templated":true}]}}