{"id":931,"date":"2021-02-22T15:29:29","date_gmt":"2021-02-22T14:29:29","guid":{"rendered":"http:\/\/college-ravinedescabris.ac-reunion.fr\/?p=931"},"modified":"2021-02-22T15:29:33","modified_gmt":"2021-02-22T14:29:33","slug":"cest-quoi-lautisme","status":"publish","type":"post","link":"https:\/\/etab.ac-reunion.fr\/clg-ravine-des-cabris\/2021\/02\/22\/cest-quoi-lautisme\/","title":{"rendered":"C&rsquo;est quoi l&rsquo;autisme?"},"content":{"rendered":"\n<p>Des \u00e9l\u00e8ves au coll\u00e8ge de la Ravine des Cabris sont atteints du spectre du trouble autistique (TSA). Pour une meilleure connaissance de ce handicap voici quelques ressources \u00e0 consulter:<\/p>\n\n\n<a href=\"https:\/\/wpetab.ac-reunion.fr\/ravinedescabris\/wp-content\/uploads\/sites\/158\/2021\/02\/AutismeFR.pdf\" class=\"pdfemb-viewer\" style=\"\" data-width=\"max\" data-height=\"max\" data-toolbar=\"both\" data-toolbar-fixed=\"on\">AutismeFR<\/a>\n<p class=\"wp-block-pdfemb-pdf-embedder-viewer\"><\/p>\n\n\n\n<h2 class=\"wp-block-heading\">\u00c0 voir \u00e9galement:<\/h2>\n\n\n\n<p><a href=\"https:\/\/comprendrelautisme.com\/\" target=\"_blank\" rel=\"noreferrer noopener\">https:\/\/comprendrelautisme.com\/<\/a><\/p>\n\n\n\n<p><a href=\"https:\/\/www.cite-sciences.fr\/fr\/au-programme\/lieux-ressources\/bibliotheque\/chercher-trouver\/ressources-en-ligne\/dossiers\/lautisme-aujourdhui\/4-notions-pour-comprendre\/\" target=\"_blank\" rel=\"noreferrer noopener\">https:\/\/www.cite-sciences.fr\/fr\/au-programme\/lieux-ressources\/bibliotheque\/chercher-trouver\/ressources-en-ligne\/dossiers\/lautisme-aujourdhui\/4-notions-pour-comprendre\/<\/a><\/p>\n","protected":false},"excerpt":{"rendered":"","protected":false},"author":27941,"featured_media":933,"comment_status":"closed","ping_status":"closed","sticky":false,"template":"","format":"standard","meta":{"footnotes":"","_links_to":"","_links_to_target":""},"categories":[14],"tags":[],"class_list":["post-931","post","type-post","status-publish","format-standard","has-post-thumbnail","hentry","category-u-l-i-s"],"_links":{"self":[{"href":"https:\/\/etab.ac-reunion.fr\/clg-ravine-des-cabris\/wp-json\/wp\/v2\/posts\/931","targetHints":{"allow":["GET"]}}],"collection":[{"href":"https:\/\/etab.ac-reunion.fr\/clg-ravine-des-cabris\/wp-json\/wp\/v2\/posts"}],"about":[{"href":"https:\/\/etab.ac-reunion.fr\/clg-ravine-des-cabris\/wp-json\/wp\/v2\/types\/post"}],"author":[{"embeddable":true,"href":"https:\/\/etab.ac-reunion.fr\/clg-ravine-des-cabris\/wp-json\/wp\/v2\/users\/27941"}],"replies":[{"embeddable":true,"href":"https:\/\/etab.ac-reunion.fr\/clg-ravine-des-cabris\/wp-json\/wp\/v2\/comments?post=931"}],"version-history":[{"count":2,"href":"https:\/\/etab.ac-reunion.fr\/clg-ravine-des-cabris\/wp-json\/wp\/v2\/posts\/931\/revisions"}],"predecessor-version":[{"id":935,"href":"https:\/\/etab.ac-reunion.fr\/clg-ravine-des-cabris\/wp-json\/wp\/v2\/posts\/931\/revisions\/935"}],"wp:featuredmedia":[{"embeddable":true,"href":"https:\/\/etab.ac-reunion.fr\/clg-ravine-des-cabris\/wp-json\/wp\/v2\/media\/933"}],"wp:attachment":[{"href":"https:\/\/etab.ac-reunion.fr\/clg-ravine-des-cabris\/wp-json\/wp\/v2\/media?parent=931"}],"wp:term":[{"taxonomy":"category","embeddable":true,"href":"https:\/\/etab.ac-reunion.fr\/clg-ravine-des-cabris\/wp-json\/wp\/v2\/categories?post=931"},{"taxonomy":"post_tag","embeddable":true,"href":"https:\/\/etab.ac-reunion.fr\/clg-ravine-des-cabris\/wp-json\/wp\/v2\/tags?post=931"}],"curies":[{"name":"wp","href":"https:\/\/api.w.org\/{rel}","templated":true}]}}