{"id":964,"date":"2021-03-08T08:38:27","date_gmt":"2021-03-08T07:38:27","guid":{"rendered":"http:\/\/college-ravinedescabris.ac-reunion.fr\/?p=964"},"modified":"2021-03-08T08:40:09","modified_gmt":"2021-03-08T07:40:09","slug":"concert-virtuel-munich-supercrew","status":"publish","type":"post","link":"https:\/\/etab.ac-reunion.fr\/clg-ravine-des-cabris\/2021\/03\/08\/concert-virtuel-munich-supercrew\/","title":{"rendered":"Concert virtuel &#8211; Munich SuperCrew"},"content":{"rendered":"\n<div class=\"wp-block-image\"><figure class=\"aligncenter size-large\"><img loading=\"lazy\" decoding=\"async\" width=\"408\" height=\"306\" src=\"http:\/\/wpetab.ac-reunion.fr\/ravinedescabris\/wp-content\/uploads\/sites\/158\/2021\/03\/concert.jpg\" alt=\"\" class=\"wp-image-965\" srcset=\"https:\/\/etab.ac-reunion.fr\/clg-ravine-des-cabris\/wp-content\/uploads\/sites\/158\/2021\/03\/concert.jpg 408w, https:\/\/etab.ac-reunion.fr\/clg-ravine-des-cabris\/wp-content\/uploads\/sites\/158\/2021\/03\/concert-176x132.jpg 176w\" sizes=\"auto, (max-width: 408px) 100vw, 408px\" \/><\/figure><\/div>\n\n\n\n<p class=\"has-text-align-center\"><strong>Le 30 janvier 2021 \u00e0 18h, le groupe allemand MUNICH SUPERCREW nous a donn\u00e9 rendez-vous pour un concert live derri\u00e8re nos \u00e9crans, un super moment\u00a0!<\/strong><\/p>\n\n\n\n<p>Munich Supercrew est un groupe de musique allemand dont la musique nous fait voyager. Ayant \u00e9cout\u00e9 une partie du Live, je peux vous dire que nos chers musiciens adorent voyager et le font ressentir \u00e0 travers leurs paroles. A plusieurs reprises, on a pu entendre \u00ab&nbsp;La R\u00e9union&nbsp;\u00bb, notre \u00eele. Esp\u00e9rons qu\u2019ils viennent nous chanter une de leurs belles chansons un de ces jours. <br>Cy\u00e4n<\/p>\n\n\n\n<p class=\"has-text-align-right\">Ce concert m\u2019a paru super, il \u00e9tait vraiment cool malgr\u00e9 la connexion plut\u00f4t faible&nbsp;; mais ce n\u2019est pas \u00e7a qui m\u2019a emp\u00each\u00e9 d\u2019appr\u00e9cier et de m\u2019amuser&nbsp;! S\u00e9rieusement, je pense que si c\u2019\u00e9tait \u00e0 refaire, je referais&nbsp;!<br>Mathis<\/p>\n\n\n\n<p>J\u2019ai trouv\u00e9 ce moment super&nbsp;!!<br> M\u00eame ma m\u00e8re qui \u00e9tait \u00e0 c\u00f4t\u00e9 de moi \u00e9tait en train de s\u2019amuser presque plus que moi&nbsp;!<br> C\u2019\u00e9tait un super moment de plaisir et j\u2019ai vraiment beaucoup appr\u00e9ci\u00e9&nbsp;! Danke sch\u00f6n&nbsp;!<br> Laurianne<\/p>\n\n\n\n<div class=\"wp-block-image\"><figure class=\"aligncenter size-large\"><img loading=\"lazy\" decoding=\"async\" width=\"538\" height=\"404\" src=\"http:\/\/wpetab.ac-reunion.fr\/ravinedescabris\/wp-content\/uploads\/sites\/158\/2021\/03\/Concert2.jpg\" alt=\"\" class=\"wp-image-966\" srcset=\"https:\/\/etab.ac-reunion.fr\/clg-ravine-des-cabris\/wp-content\/uploads\/sites\/158\/2021\/03\/Concert2.jpg 538w, https:\/\/etab.ac-reunion.fr\/clg-ravine-des-cabris\/wp-content\/uploads\/sites\/158\/2021\/03\/Concert2-176x132.jpg 176w\" sizes=\"auto, (max-width: 538px) 100vw, 538px\" \/><\/figure><\/div>\n","protected":false},"excerpt":{"rendered":"","protected":false},"author":27941,"featured_media":966,"comment_status":"closed","ping_status":"closed","sticky":false,"template":"","format":"standard","meta":{"footnotes":"","_links_to":"","_links_to_target":""},"categories":[35],"tags":[],"class_list":["post-964","post","type-post","status-publish","format-standard","has-post-thumbnail","hentry","category-allemand"],"_links":{"self":[{"href":"https:\/\/etab.ac-reunion.fr\/clg-ravine-des-cabris\/wp-json\/wp\/v2\/posts\/964","targetHints":{"allow":["GET"]}}],"collection":[{"href":"https:\/\/etab.ac-reunion.fr\/clg-ravine-des-cabris\/wp-json\/wp\/v2\/posts"}],"about":[{"href":"https:\/\/etab.ac-reunion.fr\/clg-ravine-des-cabris\/wp-json\/wp\/v2\/types\/post"}],"author":[{"embeddable":true,"href":"https:\/\/etab.ac-reunion.fr\/clg-ravine-des-cabris\/wp-json\/wp\/v2\/users\/27941"}],"replies":[{"embeddable":true,"href":"https:\/\/etab.ac-reunion.fr\/clg-ravine-des-cabris\/wp-json\/wp\/v2\/comments?post=964"}],"version-history":[{"count":2,"href":"https:\/\/etab.ac-reunion.fr\/clg-ravine-des-cabris\/wp-json\/wp\/v2\/posts\/964\/revisions"}],"predecessor-version":[{"id":968,"href":"https:\/\/etab.ac-reunion.fr\/clg-ravine-des-cabris\/wp-json\/wp\/v2\/posts\/964\/revisions\/968"}],"wp:featuredmedia":[{"embeddable":true,"href":"https:\/\/etab.ac-reunion.fr\/clg-ravine-des-cabris\/wp-json\/wp\/v2\/media\/966"}],"wp:attachment":[{"href":"https:\/\/etab.ac-reunion.fr\/clg-ravine-des-cabris\/wp-json\/wp\/v2\/media?parent=964"}],"wp:term":[{"taxonomy":"category","embeddable":true,"href":"https:\/\/etab.ac-reunion.fr\/clg-ravine-des-cabris\/wp-json\/wp\/v2\/categories?post=964"},{"taxonomy":"post_tag","embeddable":true,"href":"https:\/\/etab.ac-reunion.fr\/clg-ravine-des-cabris\/wp-json\/wp\/v2\/tags?post=964"}],"curies":[{"name":"wp","href":"https:\/\/api.w.org\/{rel}","templated":true}]}}