{"id":1048,"date":"2015-05-26T06:19:38","date_gmt":"2015-05-26T02:19:38","guid":{"rendered":"http:\/\/college-raymondverges.ac-reunion.fr\/?p=1048"},"modified":"2022-02-01T09:40:37","modified_gmt":"2022-02-01T05:40:37","slug":"histoire-des-arts-examens-2015","status":"publish","type":"post","link":"https:\/\/etab.ac-reunion.fr\/clg-raymond-verges\/2015\/05\/26\/histoire-des-arts-examens-2015\/","title":{"rendered":"Histoire Des Arts &#8211; Examens 2015"},"content":{"rendered":"<p style=\"text-align: center\">DNB \u2013 Session 2015, Histoire des Arts<\/p>\n<p><strong>\u00a0<\/strong>Chers Coll\u00e8gues,<\/p>\n<p>L\u2019\u00e9preuve \u00ab Histoire des Arts \u00bb se d\u00e9roulera :<\/p>\n<p><strong>Le mardi 02 juin 2015 <\/strong>selon les horaires suivants :<\/p>\n<p>o <strong>8H \u2013 8h40 <\/strong>: r\u00e9union de concertation entre les professeurs<\/p>\n<p>o <strong>8H40 \u2013 12H10 <\/strong>: EPREUVES<\/p>\n<p>o <strong>13H45 \u2013 16H35 <\/strong>: EPREUVES<\/p>\n<p>o <strong>16H35 \u2013 17H00 <\/strong>: HARMONISATION<\/p>\n<p>Les \u00e9preuves dureront 15 minutes et concerneront les \u00e9l\u00e8ves de 3\u00e8me.<\/p>\n<p>Au total, 22 professeurs seront r\u00e9partis dans 10 jurys. Les cours des autres professeurs non convoqu\u00e9s sont susceptibles d\u2019\u00eatre modifi\u00e9s.<\/p>\n<p><strong>Les professeurs principaux des classes de 3\u00e8me voudront bien faire noter cette information \u00e0 destination des parents dans les carnets de liaison des \u00e9l\u00e8ves.<\/strong><\/p>\n<p>Les convocations pour les \u00e9l\u00e8ves ont \u00e9t\u00e9 envoy\u00e9es cette semaine.<\/p>\n<p>Les tableaux de passage ainsi que la r\u00e9partition dans les salles seront affich\u00e9s en salle des professeurs et en salle d\u2019art plastique (pour information aux \u00e9l\u00e8ves).<\/p>\n<p>&nbsp;<\/p>\n<p style=\"text-align: right\"><strong>Le Principal-Adjoint<\/strong><\/p>\n<p style=\"text-align: right\"><strong style=\"line-height: 1.5\">FRUTEAU E.<\/strong><\/p>\n","protected":false},"excerpt":{"rendered":"<p>DNB \u2013 Session 2015, Histoire des Arts \u00a0Chers Coll\u00e8gues, L\u2019\u00e9preuve \u00ab Histoire des Arts \u00bb se d\u00e9roulera : Le mardi 02 juin 2015 selon les horaires suivants : o 8H \u2013 8h40 : r\u00e9union de concertation entre les professeurs o 8H40 \u2013 12H10 : EPREUVES o 13H45 \u2013 16H35 : &hellip;<\/p>\n","protected":false},"author":37,"featured_media":0,"comment_status":"closed","ping_status":"closed","sticky":false,"template":"","format":"standard","meta":{"footnotes":""},"categories":[44,1],"tags":[],"class_list":["post-1048","post","type-post","status-publish","format-standard","hentry","category-histoire-geographie","category-vie-de-letablissement"],"_links":{"self":[{"href":"https:\/\/etab.ac-reunion.fr\/clg-raymond-verges\/wp-json\/wp\/v2\/posts\/1048","targetHints":{"allow":["GET"]}}],"collection":[{"href":"https:\/\/etab.ac-reunion.fr\/clg-raymond-verges\/wp-json\/wp\/v2\/posts"}],"about":[{"href":"https:\/\/etab.ac-reunion.fr\/clg-raymond-verges\/wp-json\/wp\/v2\/types\/post"}],"author":[{"embeddable":true,"href":"https:\/\/etab.ac-reunion.fr\/clg-raymond-verges\/wp-json\/wp\/v2\/users\/37"}],"replies":[{"embeddable":true,"href":"https:\/\/etab.ac-reunion.fr\/clg-raymond-verges\/wp-json\/wp\/v2\/comments?post=1048"}],"version-history":[{"count":1,"href":"https:\/\/etab.ac-reunion.fr\/clg-raymond-verges\/wp-json\/wp\/v2\/posts\/1048\/revisions"}],"predecessor-version":[{"id":1049,"href":"https:\/\/etab.ac-reunion.fr\/clg-raymond-verges\/wp-json\/wp\/v2\/posts\/1048\/revisions\/1049"}],"wp:attachment":[{"href":"https:\/\/etab.ac-reunion.fr\/clg-raymond-verges\/wp-json\/wp\/v2\/media?parent=1048"}],"wp:term":[{"taxonomy":"category","embeddable":true,"href":"https:\/\/etab.ac-reunion.fr\/clg-raymond-verges\/wp-json\/wp\/v2\/categories?post=1048"},{"taxonomy":"post_tag","embeddable":true,"href":"https:\/\/etab.ac-reunion.fr\/clg-raymond-verges\/wp-json\/wp\/v2\/tags?post=1048"}],"curies":[{"name":"wp","href":"https:\/\/api.w.org\/{rel}","templated":true}]}}