{"id":1073,"date":"2015-06-22T08:27:41","date_gmt":"2015-06-22T04:27:41","guid":{"rendered":"http:\/\/college-raymondverges.ac-reunion.fr\/?p=1073"},"modified":"2015-06-22T08:27:41","modified_gmt":"2015-06-22T04:27:41","slug":"dnb-2015","status":"publish","type":"post","link":"https:\/\/etab.ac-reunion.fr\/clg-raymond-verges\/2015\/06\/22\/dnb-2015\/","title":{"rendered":"DNB 2015"},"content":{"rendered":"<p>Les \u00e9preuves du Dipl\u00f4me National du Brevet auront lieu du jeudi 25 au vendredi 26 juin.<\/p>\n<p style=\"text-align: center\"><strong>Jeudi 25 juin<\/strong><\/p>\n<p>\u00a0Fran\u00e7ais :<\/p>\n<p>10h00 \u00e0 11h30 :\u00a0 1\u00e8re partie : \u00c9tude de texte (questions r\u00e9\u00e9criture \u2013 dict\u00e9e)\u00a0\u00a0 1 h 30<\/p>\n<p>11h45 \u00e0 13h15 2\u00e8me partie : R\u00e9daction 1 h 30<\/p>\n<p>Math\u00e9matiques : 15h30 \u00e0 17h30 &#8211;\u00a0 2 h<\/p>\n<p style=\"text-align: center\"><strong>Vendredi 26 juin<\/strong><\/p>\n<p>10H00 \u00e0 12h00 : Histoire-g\u00e9ographie-\u00e9ducation civique\u00a0\u00a0 &#8211;\u00a0 2 h<\/p>\n<p>&nbsp;<\/p>\n<p>Afin de pr\u00e9parer les salles d&rsquo;examens, les cours seront suspendus le mercredi 24 juin.<\/p>\n<p>Le Principal<\/p>\n<p>&nbsp;<\/p>\n","protected":false},"excerpt":{"rendered":"<p>Les \u00e9preuves du Dipl\u00f4me National du Brevet auront lieu du jeudi 25 au vendredi 26 juin. Jeudi 25 juin \u00a0Fran\u00e7ais : 10h00 \u00e0 11h30 :\u00a0 1\u00e8re partie : \u00c9tude de texte (questions r\u00e9\u00e9criture \u2013 dict\u00e9e)\u00a0\u00a0 1 h 30 11h45 \u00e0 13h15 2\u00e8me partie : R\u00e9daction 1 h 30 Math\u00e9matiques : &hellip;<\/p>\n","protected":false},"author":37,"featured_media":0,"comment_status":"closed","ping_status":"open","sticky":false,"template":"","format":"standard","meta":{"footnotes":""},"categories":[1],"tags":[],"class_list":["post-1073","post","type-post","status-publish","format-standard","hentry","category-vie-de-letablissement"],"_links":{"self":[{"href":"https:\/\/etab.ac-reunion.fr\/clg-raymond-verges\/wp-json\/wp\/v2\/posts\/1073","targetHints":{"allow":["GET"]}}],"collection":[{"href":"https:\/\/etab.ac-reunion.fr\/clg-raymond-verges\/wp-json\/wp\/v2\/posts"}],"about":[{"href":"https:\/\/etab.ac-reunion.fr\/clg-raymond-verges\/wp-json\/wp\/v2\/types\/post"}],"author":[{"embeddable":true,"href":"https:\/\/etab.ac-reunion.fr\/clg-raymond-verges\/wp-json\/wp\/v2\/users\/37"}],"replies":[{"embeddable":true,"href":"https:\/\/etab.ac-reunion.fr\/clg-raymond-verges\/wp-json\/wp\/v2\/comments?post=1073"}],"version-history":[{"count":1,"href":"https:\/\/etab.ac-reunion.fr\/clg-raymond-verges\/wp-json\/wp\/v2\/posts\/1073\/revisions"}],"predecessor-version":[{"id":1074,"href":"https:\/\/etab.ac-reunion.fr\/clg-raymond-verges\/wp-json\/wp\/v2\/posts\/1073\/revisions\/1074"}],"wp:attachment":[{"href":"https:\/\/etab.ac-reunion.fr\/clg-raymond-verges\/wp-json\/wp\/v2\/media?parent=1073"}],"wp:term":[{"taxonomy":"category","embeddable":true,"href":"https:\/\/etab.ac-reunion.fr\/clg-raymond-verges\/wp-json\/wp\/v2\/categories?post=1073"},{"taxonomy":"post_tag","embeddable":true,"href":"https:\/\/etab.ac-reunion.fr\/clg-raymond-verges\/wp-json\/wp\/v2\/tags?post=1073"}],"curies":[{"name":"wp","href":"https:\/\/api.w.org\/{rel}","templated":true}]}}