{"id":1079,"date":"2015-07-01T09:01:02","date_gmt":"2015-07-01T05:01:02","guid":{"rendered":"http:\/\/college-raymondverges.ac-reunion.fr\/?p=1079"},"modified":"2015-07-01T09:51:54","modified_gmt":"2015-07-01T05:51:54","slug":"remise-des-recompenses-lundi-6-juillet-2015","status":"publish","type":"post","link":"https:\/\/etab.ac-reunion.fr\/clg-raymond-verges\/2015\/07\/01\/remise-des-recompenses-lundi-6-juillet-2015\/","title":{"rendered":"REMISE DES R\u00c9COMPENSES &#8211; Lundi 6 juillet 2015"},"content":{"rendered":"<p style=\"text-align: center\">Mesdames, Messieurs,<\/p>\n<p style=\"text-align: center\">Le coll\u00e8ge Raymond Verg\u00e8s a le plaisir et l&rsquo;honneur de vous inviter le <span style=\"color: #0000ff\"><strong>lundi 6 juillet de 8h \u00e0 12h<\/strong><\/span> \u00e0 la remise des r\u00e9compenses.<\/p>\n<h5>&#8211; 2 \u00e9l\u00e8ves par classe seront prim\u00e9s : un Prix d&rsquo;Excellence et un Prix du M\u00e9rite<\/h5>\n<h5>&#8211; des animations seront propos\u00e9es pendant cette matin\u00e9e pour permettre \u00e0 tous de profiter des actions culturelles de l&rsquo;ann\u00e9e scolaire \u00e9coul\u00e9e.<\/h5>\n<p style=\"text-align: center\"><a href=\"https:\/\/etab.ac-reunion.fr\/clg-raymond-verges\/wp-content\/uploads\/sites\/12\/2015\/07\/f\u00eate-du-coll\u00e8ge-060715.pdf\" target=\"_blank\">LE PLANNING DE LA MATIN\u00c9E<\/a><\/p>\n<p>Nous souhaitons vous voir nombreux \u00e0 cette matin\u00e9e r\u00e9cr\u00e9ative.<\/p>\n<p>&nbsp;<\/p>\n<p style=\"text-align: center\">Le Principal.<\/p>\n<p>&nbsp;<\/p>\n","protected":false},"excerpt":{"rendered":"<p>Mesdames, Messieurs, Le coll\u00e8ge Raymond Verg\u00e8s a le plaisir et l&rsquo;honneur de vous inviter le lundi 6 juillet de 8h \u00e0 12h \u00e0 la remise des r\u00e9compenses. &#8211; 2 \u00e9l\u00e8ves par classe seront prim\u00e9s : un Prix d&rsquo;Excellence et un Prix du M\u00e9rite &#8211; des animations seront propos\u00e9es pendant cette &hellip;<\/p>\n","protected":false},"author":37,"featured_media":0,"comment_status":"closed","ping_status":"open","sticky":false,"template":"","format":"standard","meta":{"footnotes":""},"categories":[1],"tags":[],"class_list":["post-1079","post","type-post","status-publish","format-standard","hentry","category-vie-de-letablissement"],"_links":{"self":[{"href":"https:\/\/etab.ac-reunion.fr\/clg-raymond-verges\/wp-json\/wp\/v2\/posts\/1079","targetHints":{"allow":["GET"]}}],"collection":[{"href":"https:\/\/etab.ac-reunion.fr\/clg-raymond-verges\/wp-json\/wp\/v2\/posts"}],"about":[{"href":"https:\/\/etab.ac-reunion.fr\/clg-raymond-verges\/wp-json\/wp\/v2\/types\/post"}],"author":[{"embeddable":true,"href":"https:\/\/etab.ac-reunion.fr\/clg-raymond-verges\/wp-json\/wp\/v2\/users\/37"}],"replies":[{"embeddable":true,"href":"https:\/\/etab.ac-reunion.fr\/clg-raymond-verges\/wp-json\/wp\/v2\/comments?post=1079"}],"version-history":[{"count":3,"href":"https:\/\/etab.ac-reunion.fr\/clg-raymond-verges\/wp-json\/wp\/v2\/posts\/1079\/revisions"}],"predecessor-version":[{"id":1085,"href":"https:\/\/etab.ac-reunion.fr\/clg-raymond-verges\/wp-json\/wp\/v2\/posts\/1079\/revisions\/1085"}],"wp:attachment":[{"href":"https:\/\/etab.ac-reunion.fr\/clg-raymond-verges\/wp-json\/wp\/v2\/media?parent=1079"}],"wp:term":[{"taxonomy":"category","embeddable":true,"href":"https:\/\/etab.ac-reunion.fr\/clg-raymond-verges\/wp-json\/wp\/v2\/categories?post=1079"},{"taxonomy":"post_tag","embeddable":true,"href":"https:\/\/etab.ac-reunion.fr\/clg-raymond-verges\/wp-json\/wp\/v2\/tags?post=1079"}],"curies":[{"name":"wp","href":"https:\/\/api.w.org\/{rel}","templated":true}]}}