{"id":1086,"date":"2015-08-11T07:13:00","date_gmt":"2015-08-11T03:13:00","guid":{"rendered":"http:\/\/college-raymondverges.ac-reunion.fr\/?p=1086"},"modified":"2015-08-11T07:13:00","modified_gmt":"2015-08-11T03:13:00","slug":"rentree-des-classes","status":"publish","type":"post","link":"https:\/\/etab.ac-reunion.fr\/clg-raymond-verges\/2015\/08\/11\/rentree-des-classes\/","title":{"rendered":"RENTR\u00c9E DES CLASSES"},"content":{"rendered":"<p>Une nouvelle ann\u00e9e scolaire commencera la semaine prochaine.<\/p>\n<p>Le coll\u00e8ge Raymond VERGES accueillera les \u00e9l\u00e8ves selon le planning suivant:<\/p>\n<p>Les \u00e9l\u00e8ves de 6\u00e8me : mardi 18 ao\u00fbt \u00e0 8h<\/p>\n<p>Les \u00e9l\u00e8ves de 5\u00e8me : mercredi 19 ao\u00fbt \u00e0 10h<\/p>\n<p>Les \u00e9l\u00e8ves de 4\u00e8me : mercredi 19 ao\u00fbt \u00e0 9h<\/p>\n<p>Les \u00e9l\u00e8ves de 3\u00e8me : mercredi 19 ao\u00fbt \u00e0 8h<\/p>\n<p>Plus d&rsquo;informations, <a href=\"https:\/\/etab.ac-reunion.fr\/clg-raymond-verges\/wp-content\/uploads\/sites\/12\/2015\/08\/ACCUEIL-COLLEGE.pdf\" target=\"_blank\">t\u00e9l\u00e9chargez la page d&rsquo;accueil.<\/a><\/p>\n","protected":false},"excerpt":{"rendered":"<p>Une nouvelle ann\u00e9e scolaire commencera la semaine prochaine. Le coll\u00e8ge Raymond VERGES accueillera les \u00e9l\u00e8ves selon le planning suivant: Les \u00e9l\u00e8ves de 6\u00e8me : mardi 18 ao\u00fbt \u00e0 8h Les \u00e9l\u00e8ves de 5\u00e8me : mercredi 19 ao\u00fbt \u00e0 10h Les \u00e9l\u00e8ves de 4\u00e8me : mercredi 19 ao\u00fbt \u00e0 9h Les &hellip;<\/p>\n","protected":false},"author":37,"featured_media":0,"comment_status":"closed","ping_status":"open","sticky":false,"template":"","format":"standard","meta":{"footnotes":""},"categories":[10],"tags":[],"class_list":["post-1086","post","type-post","status-publish","format-standard","hentry","category-aux-familles"],"_links":{"self":[{"href":"https:\/\/etab.ac-reunion.fr\/clg-raymond-verges\/wp-json\/wp\/v2\/posts\/1086","targetHints":{"allow":["GET"]}}],"collection":[{"href":"https:\/\/etab.ac-reunion.fr\/clg-raymond-verges\/wp-json\/wp\/v2\/posts"}],"about":[{"href":"https:\/\/etab.ac-reunion.fr\/clg-raymond-verges\/wp-json\/wp\/v2\/types\/post"}],"author":[{"embeddable":true,"href":"https:\/\/etab.ac-reunion.fr\/clg-raymond-verges\/wp-json\/wp\/v2\/users\/37"}],"replies":[{"embeddable":true,"href":"https:\/\/etab.ac-reunion.fr\/clg-raymond-verges\/wp-json\/wp\/v2\/comments?post=1086"}],"version-history":[{"count":2,"href":"https:\/\/etab.ac-reunion.fr\/clg-raymond-verges\/wp-json\/wp\/v2\/posts\/1086\/revisions"}],"predecessor-version":[{"id":1089,"href":"https:\/\/etab.ac-reunion.fr\/clg-raymond-verges\/wp-json\/wp\/v2\/posts\/1086\/revisions\/1089"}],"wp:attachment":[{"href":"https:\/\/etab.ac-reunion.fr\/clg-raymond-verges\/wp-json\/wp\/v2\/media?parent=1086"}],"wp:term":[{"taxonomy":"category","embeddable":true,"href":"https:\/\/etab.ac-reunion.fr\/clg-raymond-verges\/wp-json\/wp\/v2\/categories?post=1086"},{"taxonomy":"post_tag","embeddable":true,"href":"https:\/\/etab.ac-reunion.fr\/clg-raymond-verges\/wp-json\/wp\/v2\/tags?post=1086"}],"curies":[{"name":"wp","href":"https:\/\/api.w.org\/{rel}","templated":true}]}}