{"id":1093,"date":"2015-08-12T07:09:20","date_gmt":"2015-08-12T03:09:20","guid":{"rendered":"http:\/\/college-raymondverges.ac-reunion.fr\/?p=1093"},"modified":"2015-08-12T09:10:18","modified_gmt":"2015-08-12T05:10:18","slug":"rentree-des-personnels-enseignants","status":"publish","type":"post","link":"https:\/\/etab.ac-reunion.fr\/clg-raymond-verges\/2015\/08\/12\/rentree-des-personnels-enseignants\/","title":{"rendered":"RENTR\u00c9E DES PERSONNELS ENSEIGNANTS"},"content":{"rendered":"<p style=\"text-align: center\">Chers coll\u00e8gues,<\/p>\n<p>La pr\u00e9-rentr\u00e9e aura lieu le 17 ao\u00fbt 2015 \u00e0 8H selon le planning suivant:<\/p>\n<p>8H00 : Accueil de l\u2019ensemble du personnel<br \/>\nLes nouveaux arrivants sont attendus au bureau du Principal<br \/>\nCaf\u00e9 d&rsquo;accueil<br \/>\n8H30 : R\u00e9union pl\u00e9ni\u00e8re<br \/>\n10H00-12h00 : R\u00e9union disciplinaire avec le professeur coordonnateur.<\/p>\n<p>Mardi 18 ao\u00fbt : entr\u00e9e des 6\u00e8me \u00e0 8h<\/p>\n<p>Mercredi 19 ao\u00fbt : entr\u00e9e des 3\u00e8mes \u00e0 8h, des 4\u00e8mes \u00e0 9h et des 5\u00e8mes \u00e0 10h.<\/p>\n<p>Jeudi 20 ao\u00fbt : d\u00e9but des cours.<\/p>\n<p><a href=\"https:\/\/etab.ac-reunion.fr\/clg-raymond-verges\/wp-content\/uploads\/sites\/12\/2015\/08\/calendrier-de-rentree-15-16-pour-le-personnel.pdf\" target=\"_blank\">T\u00e9l\u00e9charger la page compl\u00e8te enseignant.<\/a><\/p>\n<p>Le Principal.<\/p>\n","protected":false},"excerpt":{"rendered":"<p>Chers coll\u00e8gues, La pr\u00e9-rentr\u00e9e aura lieu le 17 ao\u00fbt 2015 \u00e0 8H selon le planning suivant: 8H00 : Accueil de l\u2019ensemble du personnel Les nouveaux arrivants sont attendus au bureau du Principal Caf\u00e9 d&rsquo;accueil 8H30 : R\u00e9union pl\u00e9ni\u00e8re 10H00-12h00 : R\u00e9union disciplinaire avec le professeur coordonnateur. Mardi 18 ao\u00fbt : &hellip;<\/p>\n","protected":false},"author":37,"featured_media":0,"comment_status":"closed","ping_status":"open","sticky":false,"template":"","format":"standard","meta":{"footnotes":""},"categories":[1],"tags":[],"class_list":["post-1093","post","type-post","status-publish","format-standard","hentry","category-vie-de-letablissement"],"_links":{"self":[{"href":"https:\/\/etab.ac-reunion.fr\/clg-raymond-verges\/wp-json\/wp\/v2\/posts\/1093","targetHints":{"allow":["GET"]}}],"collection":[{"href":"https:\/\/etab.ac-reunion.fr\/clg-raymond-verges\/wp-json\/wp\/v2\/posts"}],"about":[{"href":"https:\/\/etab.ac-reunion.fr\/clg-raymond-verges\/wp-json\/wp\/v2\/types\/post"}],"author":[{"embeddable":true,"href":"https:\/\/etab.ac-reunion.fr\/clg-raymond-verges\/wp-json\/wp\/v2\/users\/37"}],"replies":[{"embeddable":true,"href":"https:\/\/etab.ac-reunion.fr\/clg-raymond-verges\/wp-json\/wp\/v2\/comments?post=1093"}],"version-history":[{"count":2,"href":"https:\/\/etab.ac-reunion.fr\/clg-raymond-verges\/wp-json\/wp\/v2\/posts\/1093\/revisions"}],"predecessor-version":[{"id":1095,"href":"https:\/\/etab.ac-reunion.fr\/clg-raymond-verges\/wp-json\/wp\/v2\/posts\/1093\/revisions\/1095"}],"wp:attachment":[{"href":"https:\/\/etab.ac-reunion.fr\/clg-raymond-verges\/wp-json\/wp\/v2\/media?parent=1093"}],"wp:term":[{"taxonomy":"category","embeddable":true,"href":"https:\/\/etab.ac-reunion.fr\/clg-raymond-verges\/wp-json\/wp\/v2\/categories?post=1093"},{"taxonomy":"post_tag","embeddable":true,"href":"https:\/\/etab.ac-reunion.fr\/clg-raymond-verges\/wp-json\/wp\/v2\/tags?post=1093"}],"curies":[{"name":"wp","href":"https:\/\/api.w.org\/{rel}","templated":true}]}}