{"id":1099,"date":"2015-08-26T19:12:04","date_gmt":"2015-08-26T15:12:04","guid":{"rendered":"http:\/\/college-raymondverges.ac-reunion.fr\/?p=1099"},"modified":"2015-08-26T19:12:04","modified_gmt":"2015-08-26T15:12:04","slug":"rencontre-avec-les-parents-des-eleves-de-6eme","status":"publish","type":"post","link":"https:\/\/etab.ac-reunion.fr\/clg-raymond-verges\/2015\/08\/26\/rencontre-avec-les-parents-des-eleves-de-6eme\/","title":{"rendered":"Rencontre avec les Parents des \u00e9l\u00e8ves de 6\u00e8me"},"content":{"rendered":"<p>Le coll\u00e8ge a accueilli les nouveaux \u00e9l\u00e8ves de 6\u00e8me \u00e0 cette rentr\u00e9e.<\/p>\n<p>Pour mieux les aider dans leur adaptation \u00e0 un nouvel \u00e9tablissement, nous invitons les parents \u00e0 une rencontre avec les professeurs le mardi 8 septembre 2015 \u00e0 17H.<\/p>\n<p>Un planning sera \u00e9tabli prochainement.<\/p>\n<p>Dans l&rsquo;attente de rencontrer tous les parents de nos \u00e9l\u00e8ves de 6\u00e8me, soyez les bienvenus au coll\u00e8ge Raymond Verg\u00e8s.<\/p>\n<p>Le Principal<\/p>\n","protected":false},"excerpt":{"rendered":"<p>Le coll\u00e8ge a accueilli les nouveaux \u00e9l\u00e8ves de 6\u00e8me \u00e0 cette rentr\u00e9e. Pour mieux les aider dans leur adaptation \u00e0 un nouvel \u00e9tablissement, nous invitons les parents \u00e0 une rencontre avec les professeurs le mardi 8 septembre 2015 \u00e0 17H. Un planning sera \u00e9tabli prochainement. Dans l&rsquo;attente de rencontrer tous &hellip;<\/p>\n","protected":false},"author":37,"featured_media":0,"comment_status":"closed","ping_status":"open","sticky":false,"template":"","format":"standard","meta":{"footnotes":""},"categories":[10],"tags":[],"class_list":["post-1099","post","type-post","status-publish","format-standard","hentry","category-aux-familles"],"_links":{"self":[{"href":"https:\/\/etab.ac-reunion.fr\/clg-raymond-verges\/wp-json\/wp\/v2\/posts\/1099","targetHints":{"allow":["GET"]}}],"collection":[{"href":"https:\/\/etab.ac-reunion.fr\/clg-raymond-verges\/wp-json\/wp\/v2\/posts"}],"about":[{"href":"https:\/\/etab.ac-reunion.fr\/clg-raymond-verges\/wp-json\/wp\/v2\/types\/post"}],"author":[{"embeddable":true,"href":"https:\/\/etab.ac-reunion.fr\/clg-raymond-verges\/wp-json\/wp\/v2\/users\/37"}],"replies":[{"embeddable":true,"href":"https:\/\/etab.ac-reunion.fr\/clg-raymond-verges\/wp-json\/wp\/v2\/comments?post=1099"}],"version-history":[{"count":1,"href":"https:\/\/etab.ac-reunion.fr\/clg-raymond-verges\/wp-json\/wp\/v2\/posts\/1099\/revisions"}],"predecessor-version":[{"id":1100,"href":"https:\/\/etab.ac-reunion.fr\/clg-raymond-verges\/wp-json\/wp\/v2\/posts\/1099\/revisions\/1100"}],"wp:attachment":[{"href":"https:\/\/etab.ac-reunion.fr\/clg-raymond-verges\/wp-json\/wp\/v2\/media?parent=1099"}],"wp:term":[{"taxonomy":"category","embeddable":true,"href":"https:\/\/etab.ac-reunion.fr\/clg-raymond-verges\/wp-json\/wp\/v2\/categories?post=1099"},{"taxonomy":"post_tag","embeddable":true,"href":"https:\/\/etab.ac-reunion.fr\/clg-raymond-verges\/wp-json\/wp\/v2\/tags?post=1099"}],"curies":[{"name":"wp","href":"https:\/\/api.w.org\/{rel}","templated":true}]}}