{"id":1101,"date":"2015-09-03T16:36:35","date_gmt":"2015-09-03T12:36:35","guid":{"rendered":"http:\/\/college-raymondverges.ac-reunion.fr\/?p=1101"},"modified":"2015-09-03T16:39:57","modified_gmt":"2015-09-03T12:39:57","slug":"reunion-dinformation-pour-les-elections-au-c-a","status":"publish","type":"post","link":"https:\/\/etab.ac-reunion.fr\/clg-raymond-verges\/2015\/09\/03\/reunion-dinformation-pour-les-elections-au-c-a\/","title":{"rendered":"R\u00e9union d&rsquo;information pour les \u00e9lections au C.A."},"content":{"rendered":"<p style=\"text-align: center\"><strong>Mesdames et Messieurs les parents d&rsquo;\u00e9l\u00e8ves, vous \u00eates invit\u00e9s \u00e0 une r\u00e9union d&rsquo;information le jeudi 10 septembre \u00e0 17h en salle de r\u00e9union du coll\u00e8ge.<\/strong><\/p>\n<p>Venez et participez aux d\u00e9cisions du Conseil d&rsquo;Administration, le seul organe d\u00e9cisionnaire d&rsquo;un EPLE.<\/p>\n<p>Vous pourrez apporter un \u00e9clairage qui est celui de l&rsquo;usager.<\/p>\n<p>Lors de cette r\u00e9union, le Principal vous pr\u00e9sentera le scrutin qui se d\u00e9roulera le vendredi 2 octobre et il r\u00e9pondra \u00e0 toutes vos questions concernant le fonctionnement du Conseil d&rsquo;Administration.<\/p>\n<p style=\"text-align: center\"><a href=\"https:\/\/etab.ac-reunion.fr\/clg-raymond-verges\/wp-content\/uploads\/sites\/12\/2015\/09\/lettre-aux-parents.pdf\" target=\"_blank\">Cliquez ici pour lire le courrier envoy\u00e9 \u00e0 tous les parents.<\/a><\/p>\n<p>Dans l&rsquo;attente de vous rencontrer nombreux.<\/p>\n<p>Le Principal<\/p>\n<p><em><strong>Pour information<\/strong> : La liste des \u00e9lecteurs est \u00e0 la disposition des personnes qui en font la demande au Secr\u00e9tariat de Direction. Aucune copie n&rsquo;est disponible.<\/em><\/p>\n","protected":false},"excerpt":{"rendered":"<p>Mesdames et Messieurs les parents d&rsquo;\u00e9l\u00e8ves, vous \u00eates invit\u00e9s \u00e0 une r\u00e9union d&rsquo;information le jeudi 10 septembre \u00e0 17h en salle de r\u00e9union du coll\u00e8ge. Venez et participez aux d\u00e9cisions du Conseil d&rsquo;Administration, le seul organe d\u00e9cisionnaire d&rsquo;un EPLE. Vous pourrez apporter un \u00e9clairage qui est celui de l&rsquo;usager. Lors &hellip;<\/p>\n","protected":false},"author":37,"featured_media":0,"comment_status":"closed","ping_status":"open","sticky":false,"template":"","format":"standard","meta":{"footnotes":""},"categories":[10],"tags":[],"class_list":["post-1101","post","type-post","status-publish","format-standard","hentry","category-aux-familles"],"_links":{"self":[{"href":"https:\/\/etab.ac-reunion.fr\/clg-raymond-verges\/wp-json\/wp\/v2\/posts\/1101","targetHints":{"allow":["GET"]}}],"collection":[{"href":"https:\/\/etab.ac-reunion.fr\/clg-raymond-verges\/wp-json\/wp\/v2\/posts"}],"about":[{"href":"https:\/\/etab.ac-reunion.fr\/clg-raymond-verges\/wp-json\/wp\/v2\/types\/post"}],"author":[{"embeddable":true,"href":"https:\/\/etab.ac-reunion.fr\/clg-raymond-verges\/wp-json\/wp\/v2\/users\/37"}],"replies":[{"embeddable":true,"href":"https:\/\/etab.ac-reunion.fr\/clg-raymond-verges\/wp-json\/wp\/v2\/comments?post=1101"}],"version-history":[{"count":5,"href":"https:\/\/etab.ac-reunion.fr\/clg-raymond-verges\/wp-json\/wp\/v2\/posts\/1101\/revisions"}],"predecessor-version":[{"id":1107,"href":"https:\/\/etab.ac-reunion.fr\/clg-raymond-verges\/wp-json\/wp\/v2\/posts\/1101\/revisions\/1107"}],"wp:attachment":[{"href":"https:\/\/etab.ac-reunion.fr\/clg-raymond-verges\/wp-json\/wp\/v2\/media?parent=1101"}],"wp:term":[{"taxonomy":"category","embeddable":true,"href":"https:\/\/etab.ac-reunion.fr\/clg-raymond-verges\/wp-json\/wp\/v2\/categories?post=1101"},{"taxonomy":"post_tag","embeddable":true,"href":"https:\/\/etab.ac-reunion.fr\/clg-raymond-verges\/wp-json\/wp\/v2\/tags?post=1101"}],"curies":[{"name":"wp","href":"https:\/\/api.w.org\/{rel}","templated":true}]}}