{"id":1111,"date":"2015-10-06T08:19:21","date_gmt":"2015-10-06T04:19:21","guid":{"rendered":"http:\/\/college-raymondverges.ac-reunion.fr\/?p=1111"},"modified":"2015-10-06T12:13:43","modified_gmt":"2015-10-06T08:13:43","slug":"elections-des-membres-du-c-a-vendredi-2-octobre","status":"publish","type":"post","link":"https:\/\/etab.ac-reunion.fr\/clg-raymond-verges\/2015\/10\/06\/elections-des-membres-du-c-a-vendredi-2-octobre\/","title":{"rendered":"\u00c9LECTIONS CONSEIL D&rsquo;ADMINISTRATION"},"content":{"rendered":"<p>Les \u00e9lections pour le Conseil d&rsquo;Administration du Coll\u00e8ge Raymond Verg\u00e8s se sont d\u00e9roul\u00e9es le vendredi 2 octobre.<\/p>\n<p>Nous f\u00e9licitons les \u00e9lus qui repr\u00e9senteront leurs pairs au sein des conseils et des commissions.<\/p>\n<p>Pour vous informer sur vos repr\u00e9sentants, nous vous proposons de cliquer sur le lien que vous souhaitez ouvrir:<\/p>\n<p><a href=\"https:\/\/etab.ac-reunion.fr\/clg-raymond-verges\/wp-content\/uploads\/sites\/12\/2015\/10\/r\u00e9sultat-\u00e9lections-parents.pdf\" target=\"_blank\">R\u00e9sultats des \u00e9lections des parents d&rsquo;\u00e9l\u00e8ves.<\/a><\/p>\n<p><a href=\"https:\/\/etab.ac-reunion.fr\/clg-raymond-verges\/wp-content\/uploads\/sites\/12\/2015\/10\/r\u00e9sultat-\u00e9lections-attee.pdf\" target=\"_blank\">R\u00e9sultats des \u00e9lections des ATTEE.<\/a><\/p>\n<p><a href=\"https:\/\/etab.ac-reunion.fr\/clg-raymond-verges\/wp-content\/uploads\/sites\/12\/2015\/10\/r\u00e9sultat-\u00e9lections-profs.pdf\" target=\"_blank\">R\u00e9sultats des \u00e9lections des enseignants.<\/a><\/p>\n<p>Pour plus d&rsquo;information, appelez le 0262 22 04 00.<\/p>\n<p>Le coll\u00e8ge vous f\u00e9licite encore et vous remercie pour votre engagement.<\/p>\n<p style=\"text-align: right\">Le Principal.<\/p>\n","protected":false},"excerpt":{"rendered":"<p>Les \u00e9lections pour le Conseil d&rsquo;Administration du Coll\u00e8ge Raymond Verg\u00e8s se sont d\u00e9roul\u00e9es le vendredi 2 octobre. Nous f\u00e9licitons les \u00e9lus qui repr\u00e9senteront leurs pairs au sein des conseils et des commissions. Pour vous informer sur vos repr\u00e9sentants, nous vous proposons de cliquer sur le lien que vous souhaitez ouvrir: &hellip;<\/p>\n","protected":false},"author":37,"featured_media":0,"comment_status":"closed","ping_status":"open","sticky":false,"template":"","format":"standard","meta":{"footnotes":""},"categories":[1],"tags":[],"class_list":["post-1111","post","type-post","status-publish","format-standard","hentry","category-vie-de-letablissement"],"_links":{"self":[{"href":"https:\/\/etab.ac-reunion.fr\/clg-raymond-verges\/wp-json\/wp\/v2\/posts\/1111","targetHints":{"allow":["GET"]}}],"collection":[{"href":"https:\/\/etab.ac-reunion.fr\/clg-raymond-verges\/wp-json\/wp\/v2\/posts"}],"about":[{"href":"https:\/\/etab.ac-reunion.fr\/clg-raymond-verges\/wp-json\/wp\/v2\/types\/post"}],"author":[{"embeddable":true,"href":"https:\/\/etab.ac-reunion.fr\/clg-raymond-verges\/wp-json\/wp\/v2\/users\/37"}],"replies":[{"embeddable":true,"href":"https:\/\/etab.ac-reunion.fr\/clg-raymond-verges\/wp-json\/wp\/v2\/comments?post=1111"}],"version-history":[{"count":6,"href":"https:\/\/etab.ac-reunion.fr\/clg-raymond-verges\/wp-json\/wp\/v2\/posts\/1111\/revisions"}],"predecessor-version":[{"id":1129,"href":"https:\/\/etab.ac-reunion.fr\/clg-raymond-verges\/wp-json\/wp\/v2\/posts\/1111\/revisions\/1129"}],"wp:attachment":[{"href":"https:\/\/etab.ac-reunion.fr\/clg-raymond-verges\/wp-json\/wp\/v2\/media?parent=1111"}],"wp:term":[{"taxonomy":"category","embeddable":true,"href":"https:\/\/etab.ac-reunion.fr\/clg-raymond-verges\/wp-json\/wp\/v2\/categories?post=1111"},{"taxonomy":"post_tag","embeddable":true,"href":"https:\/\/etab.ac-reunion.fr\/clg-raymond-verges\/wp-json\/wp\/v2\/tags?post=1111"}],"curies":[{"name":"wp","href":"https:\/\/api.w.org\/{rel}","templated":true}]}}