{"id":1136,"date":"2015-11-30T08:14:13","date_gmt":"2015-11-30T04:14:13","guid":{"rendered":"http:\/\/college-raymondverges.ac-reunion.fr\/?p=1136"},"modified":"2015-12-05T07:01:04","modified_gmt":"2015-12-05T03:01:04","slug":"rencontre-parents-professeurs-le-5-decembre-2015","status":"publish","type":"post","link":"https:\/\/etab.ac-reunion.fr\/clg-raymond-verges\/2015\/11\/30\/rencontre-parents-professeurs-le-5-decembre-2015\/","title":{"rendered":"RENCONTRE PARENTS &#8211; PROFESSEURS le 5 d\u00e9cembre 2015"},"content":{"rendered":"<p>Dans la cadre du suivi du 1er trimestre des \u00e9l\u00e8ves, le coll\u00e8ge accueillera les parents d&rsquo;\u00e9l\u00e8ves de 8h \u00e0 12h<\/p>\n<p style=\"text-align: center\"><strong>Le SAMEDI 5 D\u00c9CEMBRE 2015<\/strong><\/p>\n<p>De 8h \u00e0 9 h , les parents des \u00e9l\u00e8ves de 3\u00e8me seront re\u00e7us au r\u00e9fectoire pour une information sur l&rsquo;orientation apr\u00e8s la 3\u00e8me (COPsy et Proviseurs du lyc\u00e9e de La Possession).<\/p>\n<p>Les autres parents d\u00e9sireux de s&rsquo;informer sur la r\u00e9forme du coll\u00e8ge pour la rentr\u00e9e 2016, seront re\u00e7us de 8h30 \u00e0 9h en salle de r\u00e9union par le Principal.<\/p>\n<p>Les professeurs recevront tous les parents qui seront pr\u00e9sents dans les salles affich\u00e9es \u00e0 l&rsquo;entr\u00e9e du coll\u00e8ge.<\/p>\n<p>Le Principal<\/p>\n","protected":false},"excerpt":{"rendered":"<p>Dans la cadre du suivi du 1er trimestre des \u00e9l\u00e8ves, le coll\u00e8ge accueillera les parents d&rsquo;\u00e9l\u00e8ves de 8h \u00e0 12h Le SAMEDI 5 D\u00c9CEMBRE 2015 De 8h \u00e0 9 h , les parents des \u00e9l\u00e8ves de 3\u00e8me seront re\u00e7us au r\u00e9fectoire pour une information sur l&rsquo;orientation apr\u00e8s la 3\u00e8me (COPsy &hellip;<\/p>\n","protected":false},"author":37,"featured_media":0,"comment_status":"closed","ping_status":"open","sticky":false,"template":"","format":"standard","meta":{"footnotes":""},"categories":[10],"tags":[],"class_list":["post-1136","post","type-post","status-publish","format-standard","hentry","category-aux-familles"],"_links":{"self":[{"href":"https:\/\/etab.ac-reunion.fr\/clg-raymond-verges\/wp-json\/wp\/v2\/posts\/1136","targetHints":{"allow":["GET"]}}],"collection":[{"href":"https:\/\/etab.ac-reunion.fr\/clg-raymond-verges\/wp-json\/wp\/v2\/posts"}],"about":[{"href":"https:\/\/etab.ac-reunion.fr\/clg-raymond-verges\/wp-json\/wp\/v2\/types\/post"}],"author":[{"embeddable":true,"href":"https:\/\/etab.ac-reunion.fr\/clg-raymond-verges\/wp-json\/wp\/v2\/users\/37"}],"replies":[{"embeddable":true,"href":"https:\/\/etab.ac-reunion.fr\/clg-raymond-verges\/wp-json\/wp\/v2\/comments?post=1136"}],"version-history":[{"count":2,"href":"https:\/\/etab.ac-reunion.fr\/clg-raymond-verges\/wp-json\/wp\/v2\/posts\/1136\/revisions"}],"predecessor-version":[{"id":1138,"href":"https:\/\/etab.ac-reunion.fr\/clg-raymond-verges\/wp-json\/wp\/v2\/posts\/1136\/revisions\/1138"}],"wp:attachment":[{"href":"https:\/\/etab.ac-reunion.fr\/clg-raymond-verges\/wp-json\/wp\/v2\/media?parent=1136"}],"wp:term":[{"taxonomy":"category","embeddable":true,"href":"https:\/\/etab.ac-reunion.fr\/clg-raymond-verges\/wp-json\/wp\/v2\/categories?post=1136"},{"taxonomy":"post_tag","embeddable":true,"href":"https:\/\/etab.ac-reunion.fr\/clg-raymond-verges\/wp-json\/wp\/v2\/tags?post=1136"}],"curies":[{"name":"wp","href":"https:\/\/api.w.org\/{rel}","templated":true}]}}