{"id":1139,"date":"2015-12-09T06:16:46","date_gmt":"2015-12-09T02:16:46","guid":{"rendered":"http:\/\/college-raymondverges.ac-reunion.fr\/?p=1139"},"modified":"2015-12-09T06:16:46","modified_gmt":"2015-12-09T02:16:46","slug":"semaine-des-devoirs-communs","status":"publish","type":"post","link":"https:\/\/etab.ac-reunion.fr\/clg-raymond-verges\/2015\/12\/09\/semaine-des-devoirs-communs\/","title":{"rendered":"Semaine des devoirs communs"},"content":{"rendered":"<p>Avant de partir en vacances,<\/p>\n<p>Tous les \u00e9l\u00e8ves du coll\u00e8ge auront un moment de r\u00e9vision et seront dans un dernier effort de r\u00e9flexion du 14 au 17 d\u00e9cembre 2015.<\/p>\n<p>Les devoirs communs sont l\u00e0 pour leur apporter un temps de r\u00e9vision sur tout le 1er trimestre et utiliser leur m\u00e9moire avant de partir en vacances pendant 5 semaines.<\/p>\n<p>Afin de r\u00e9ussir leur ann\u00e9e scolaire, ces devoirs en commun seront une forme d&rsquo;examen de fin d&rsquo;ann\u00e9e 2015 comme dans toutes les \u00e9coles. Les p\u00e9riodes de travail changent pendant la semaine pour permettre \u00e0 tous de composer. Chaque \u00e9l\u00e8ve a re\u00e7u son emploi du temps de la semaine.<\/p>\n<p>C&rsquo;est un moment fort pour le coll\u00e8ge et nous attendons beaucoup de nos \u00e9l\u00e8ves.<\/p>\n<p>Bon courage, le Principal.<\/p>\n","protected":false},"excerpt":{"rendered":"<p>Avant de partir en vacances, Tous les \u00e9l\u00e8ves du coll\u00e8ge auront un moment de r\u00e9vision et seront dans un dernier effort de r\u00e9flexion du 14 au 17 d\u00e9cembre 2015. Les devoirs communs sont l\u00e0 pour leur apporter un temps de r\u00e9vision sur tout le 1er trimestre et utiliser leur m\u00e9moire &hellip;<\/p>\n","protected":false},"author":37,"featured_media":0,"comment_status":"closed","ping_status":"open","sticky":false,"template":"","format":"standard","meta":{"footnotes":""},"categories":[1],"tags":[],"class_list":["post-1139","post","type-post","status-publish","format-standard","hentry","category-vie-de-letablissement"],"_links":{"self":[{"href":"https:\/\/etab.ac-reunion.fr\/clg-raymond-verges\/wp-json\/wp\/v2\/posts\/1139","targetHints":{"allow":["GET"]}}],"collection":[{"href":"https:\/\/etab.ac-reunion.fr\/clg-raymond-verges\/wp-json\/wp\/v2\/posts"}],"about":[{"href":"https:\/\/etab.ac-reunion.fr\/clg-raymond-verges\/wp-json\/wp\/v2\/types\/post"}],"author":[{"embeddable":true,"href":"https:\/\/etab.ac-reunion.fr\/clg-raymond-verges\/wp-json\/wp\/v2\/users\/37"}],"replies":[{"embeddable":true,"href":"https:\/\/etab.ac-reunion.fr\/clg-raymond-verges\/wp-json\/wp\/v2\/comments?post=1139"}],"version-history":[{"count":1,"href":"https:\/\/etab.ac-reunion.fr\/clg-raymond-verges\/wp-json\/wp\/v2\/posts\/1139\/revisions"}],"predecessor-version":[{"id":1140,"href":"https:\/\/etab.ac-reunion.fr\/clg-raymond-verges\/wp-json\/wp\/v2\/posts\/1139\/revisions\/1140"}],"wp:attachment":[{"href":"https:\/\/etab.ac-reunion.fr\/clg-raymond-verges\/wp-json\/wp\/v2\/media?parent=1139"}],"wp:term":[{"taxonomy":"category","embeddable":true,"href":"https:\/\/etab.ac-reunion.fr\/clg-raymond-verges\/wp-json\/wp\/v2\/categories?post=1139"},{"taxonomy":"post_tag","embeddable":true,"href":"https:\/\/etab.ac-reunion.fr\/clg-raymond-verges\/wp-json\/wp\/v2\/tags?post=1139"}],"curies":[{"name":"wp","href":"https:\/\/api.w.org\/{rel}","templated":true}]}}