{"id":1141,"date":"2015-12-18T17:18:48","date_gmt":"2015-12-18T13:18:48","guid":{"rendered":"http:\/\/college-raymondverges.ac-reunion.fr\/?p=1141"},"modified":"2015-12-18T17:18:48","modified_gmt":"2015-12-18T13:18:48","slug":"joyeuses-fetes-de-fin-dannee","status":"publish","type":"post","link":"https:\/\/etab.ac-reunion.fr\/clg-raymond-verges\/2015\/12\/18\/joyeuses-fetes-de-fin-dannee\/","title":{"rendered":"JOYEUSES F\u00caTES DE FIN D&rsquo;ANN\u00c9E"},"content":{"rendered":"<p style=\"text-align: center\">BONNES VACANCES A TOUS.<\/p>\n<p>Apr\u00e8s un semestre de travail, nous nous s\u00e9parons pour les f\u00eates de fin d&rsquo;ann\u00e9e et des vacances bien m\u00e9rit\u00e9es.<\/p>\n<p>L&rsquo;\u00e9quipe de Direction du coll\u00e8ge Raymond Verg\u00e8s vous pr\u00e9sente ses meilleurs v\u0153ux pour 2016.<\/p>\n<p>Le coll\u00e8ge sera ferm\u00e9 du 20 d\u00e9cembre 2015 au 25 janvier 2016.<\/p>\n<p>Les cours reprendront le jeudi 28 janvier 2016.<\/p>\n<p style=\"text-align: center\"><strong><span style=\"color: #ff0000\">Bonne ann\u00e9e 2016<\/span><\/strong><\/p>\n<p>\u00e0 toute la communaut\u00e9 des \u00ab\u00a0Verg\u00e9siens\u00a0\u00bb.<\/p>\n<p>&nbsp;<\/p>\n","protected":false},"excerpt":{"rendered":"<p>BONNES VACANCES A TOUS. Apr\u00e8s un semestre de travail, nous nous s\u00e9parons pour les f\u00eates de fin d&rsquo;ann\u00e9e et des vacances bien m\u00e9rit\u00e9es. L&rsquo;\u00e9quipe de Direction du coll\u00e8ge Raymond Verg\u00e8s vous pr\u00e9sente ses meilleurs v\u0153ux pour 2016. Le coll\u00e8ge sera ferm\u00e9 du 20 d\u00e9cembre 2015 au 25 janvier 2016. Les &hellip;<\/p>\n","protected":false},"author":37,"featured_media":0,"comment_status":"closed","ping_status":"open","sticky":false,"template":"","format":"standard","meta":{"footnotes":""},"categories":[1],"tags":[],"class_list":["post-1141","post","type-post","status-publish","format-standard","hentry","category-vie-de-letablissement"],"_links":{"self":[{"href":"https:\/\/etab.ac-reunion.fr\/clg-raymond-verges\/wp-json\/wp\/v2\/posts\/1141","targetHints":{"allow":["GET"]}}],"collection":[{"href":"https:\/\/etab.ac-reunion.fr\/clg-raymond-verges\/wp-json\/wp\/v2\/posts"}],"about":[{"href":"https:\/\/etab.ac-reunion.fr\/clg-raymond-verges\/wp-json\/wp\/v2\/types\/post"}],"author":[{"embeddable":true,"href":"https:\/\/etab.ac-reunion.fr\/clg-raymond-verges\/wp-json\/wp\/v2\/users\/37"}],"replies":[{"embeddable":true,"href":"https:\/\/etab.ac-reunion.fr\/clg-raymond-verges\/wp-json\/wp\/v2\/comments?post=1141"}],"version-history":[{"count":1,"href":"https:\/\/etab.ac-reunion.fr\/clg-raymond-verges\/wp-json\/wp\/v2\/posts\/1141\/revisions"}],"predecessor-version":[{"id":1142,"href":"https:\/\/etab.ac-reunion.fr\/clg-raymond-verges\/wp-json\/wp\/v2\/posts\/1141\/revisions\/1142"}],"wp:attachment":[{"href":"https:\/\/etab.ac-reunion.fr\/clg-raymond-verges\/wp-json\/wp\/v2\/media?parent=1141"}],"wp:term":[{"taxonomy":"category","embeddable":true,"href":"https:\/\/etab.ac-reunion.fr\/clg-raymond-verges\/wp-json\/wp\/v2\/categories?post=1141"},{"taxonomy":"post_tag","embeddable":true,"href":"https:\/\/etab.ac-reunion.fr\/clg-raymond-verges\/wp-json\/wp\/v2\/tags?post=1141"}],"curies":[{"name":"wp","href":"https:\/\/api.w.org\/{rel}","templated":true}]}}