{"id":1143,"date":"2016-01-29T15:52:05","date_gmt":"2016-01-29T11:52:05","guid":{"rendered":"http:\/\/college-raymondverges.ac-reunion.fr\/?p=1143"},"modified":"2016-01-29T15:52:05","modified_gmt":"2016-01-29T11:52:05","slug":"bonne-retraite-a-m-dalleau","status":"publish","type":"post","link":"https:\/\/etab.ac-reunion.fr\/clg-raymond-verges\/2016\/01\/29\/bonne-retraite-a-m-dalleau\/","title":{"rendered":"Bonne retraite \u00e0 M. DALLEAU"},"content":{"rendered":"<p>Un pilier du coll\u00e8ge Raymond Verg\u00e8s nous l\u00e2che pour prendre une bonne retraite bien m\u00e9rit\u00e9e.<\/p>\n<p>La m\u00e9moire vivante que nous avions sous la main ne sera plus joignable tout de suite. Les nouveaux\u00a0 coll\u00e8gues devront prendre un peu plus de temps pour apprendre l&rsquo;histoire de cet \u00e9tablissement.<\/p>\n<p>Nous tenons \u00e0 remercier notre coll\u00e8gue et ami pour tout le travail qu&rsquo;il a r\u00e9alis\u00e9 en faveur de nos \u00e9l\u00e8ves. Toute la sympathie qu&rsquo;il a su distribuer autour de lui pour accueillir et accompagner les nouveaux arrivants. Nous le d\u00e9corons (virtuellement) de la m\u00e9daille du courage et de l&rsquo;amiti\u00e9.<\/p>\n<p>Encore merci Serge et Bonne retraite.<\/p>\n<p>Le personnel du coll\u00e8ge Raymond Verg\u00e8s.<\/p>\n<p>&nbsp;<\/p>\n","protected":false},"excerpt":{"rendered":"<p>Un pilier du coll\u00e8ge Raymond Verg\u00e8s nous l\u00e2che pour prendre une bonne retraite bien m\u00e9rit\u00e9e. La m\u00e9moire vivante que nous avions sous la main ne sera plus joignable tout de suite. Les nouveaux\u00a0 coll\u00e8gues devront prendre un peu plus de temps pour apprendre l&rsquo;histoire de cet \u00e9tablissement. Nous tenons \u00e0 &hellip;<\/p>\n","protected":false},"author":37,"featured_media":0,"comment_status":"closed","ping_status":"open","sticky":false,"template":"","format":"standard","meta":{"footnotes":""},"categories":[1],"tags":[],"class_list":["post-1143","post","type-post","status-publish","format-standard","hentry","category-vie-de-letablissement"],"_links":{"self":[{"href":"https:\/\/etab.ac-reunion.fr\/clg-raymond-verges\/wp-json\/wp\/v2\/posts\/1143","targetHints":{"allow":["GET"]}}],"collection":[{"href":"https:\/\/etab.ac-reunion.fr\/clg-raymond-verges\/wp-json\/wp\/v2\/posts"}],"about":[{"href":"https:\/\/etab.ac-reunion.fr\/clg-raymond-verges\/wp-json\/wp\/v2\/types\/post"}],"author":[{"embeddable":true,"href":"https:\/\/etab.ac-reunion.fr\/clg-raymond-verges\/wp-json\/wp\/v2\/users\/37"}],"replies":[{"embeddable":true,"href":"https:\/\/etab.ac-reunion.fr\/clg-raymond-verges\/wp-json\/wp\/v2\/comments?post=1143"}],"version-history":[{"count":1,"href":"https:\/\/etab.ac-reunion.fr\/clg-raymond-verges\/wp-json\/wp\/v2\/posts\/1143\/revisions"}],"predecessor-version":[{"id":1144,"href":"https:\/\/etab.ac-reunion.fr\/clg-raymond-verges\/wp-json\/wp\/v2\/posts\/1143\/revisions\/1144"}],"wp:attachment":[{"href":"https:\/\/etab.ac-reunion.fr\/clg-raymond-verges\/wp-json\/wp\/v2\/media?parent=1143"}],"wp:term":[{"taxonomy":"category","embeddable":true,"href":"https:\/\/etab.ac-reunion.fr\/clg-raymond-verges\/wp-json\/wp\/v2\/categories?post=1143"},{"taxonomy":"post_tag","embeddable":true,"href":"https:\/\/etab.ac-reunion.fr\/clg-raymond-verges\/wp-json\/wp\/v2\/tags?post=1143"}],"curies":[{"name":"wp","href":"https:\/\/api.w.org\/{rel}","templated":true}]}}