{"id":1145,"date":"2016-02-22T12:29:04","date_gmt":"2016-02-22T08:29:04","guid":{"rendered":"http:\/\/college-raymondverges.ac-reunion.fr\/?p=1145"},"modified":"2016-03-02T07:02:00","modified_gmt":"2016-03-02T03:02:00","slug":"journee-academique-du-21-mars-2016","status":"publish","type":"post","link":"https:\/\/etab.ac-reunion.fr\/clg-raymond-verges\/2016\/02\/22\/journee-academique-du-21-mars-2016\/","title":{"rendered":"JOURN\u00c9E ACAD\u00c9MIQUE DU 21 MARS 2016"},"content":{"rendered":"<p style=\"text-align: center\"><span style=\"color: #0000ff\"><strong>Dans le cadre de la r\u00e9forme des coll\u00e8ges , l&rsquo;Acad\u00e9mie de la R\u00e9union organise une journ\u00e9e de formation pour tous les enseignants des coll\u00e8ges le <span style=\"text-decoration: underline\">lundi 21 mars 2016<\/span>.<\/strong><\/span><\/p>\n<p>Les cours ne seront pas assur\u00e9s pendant toute la journ\u00e9e. Il n&rsquo;y aura pas de cantine, ni de transports scolaires.<\/p>\n<p>Les professeurs ont rendez-vous \u00e0 7h55 en s\u00e9ance pl\u00e9ni\u00e8re au r\u00e9fectoire et travailleront en petits groupes sur les th\u00e9matiques des <span style=\"color: #0000ff\">E<\/span>nseignements<span style=\"color: #0000ff\"> P<\/span>ratiques<span style=\"color: #0000ff\"> I<\/span>nterdisciplinaires et l&rsquo;<span style=\"color: #0000ff\">A<\/span>ccompagnement <span style=\"color: #0000ff\">P<\/span>ersonnalis\u00e9.<\/p>\n<p>Des conseils de classe auront lieu \u00e0 partir de 15h30 (voir planning). Les parents d&rsquo;\u00e9l\u00e8ves auront l&rsquo;information par le carnet de liaison de leur enfant.<\/p>\n<p>Je vous remercie pour votre attention.<\/p>\n<p style=\"text-align: right\">Le Principal<\/p>\n<p style=\"text-align: right\">Jean Jacques POS\u00c9<\/p>\n","protected":false},"excerpt":{"rendered":"<p>Dans le cadre de la r\u00e9forme des coll\u00e8ges , l&rsquo;Acad\u00e9mie de la R\u00e9union organise une journ\u00e9e de formation pour tous les enseignants des coll\u00e8ges le lundi 21 mars 2016. Les cours ne seront pas assur\u00e9s pendant toute la journ\u00e9e. Il n&rsquo;y aura pas de cantine, ni de transports scolaires. Les &hellip;<\/p>\n","protected":false},"author":37,"featured_media":0,"comment_status":"closed","ping_status":"open","sticky":false,"template":"","format":"standard","meta":{"footnotes":""},"categories":[1],"tags":[],"class_list":["post-1145","post","type-post","status-publish","format-standard","hentry","category-vie-de-letablissement"],"_links":{"self":[{"href":"https:\/\/etab.ac-reunion.fr\/clg-raymond-verges\/wp-json\/wp\/v2\/posts\/1145","targetHints":{"allow":["GET"]}}],"collection":[{"href":"https:\/\/etab.ac-reunion.fr\/clg-raymond-verges\/wp-json\/wp\/v2\/posts"}],"about":[{"href":"https:\/\/etab.ac-reunion.fr\/clg-raymond-verges\/wp-json\/wp\/v2\/types\/post"}],"author":[{"embeddable":true,"href":"https:\/\/etab.ac-reunion.fr\/clg-raymond-verges\/wp-json\/wp\/v2\/users\/37"}],"replies":[{"embeddable":true,"href":"https:\/\/etab.ac-reunion.fr\/clg-raymond-verges\/wp-json\/wp\/v2\/comments?post=1145"}],"version-history":[{"count":2,"href":"https:\/\/etab.ac-reunion.fr\/clg-raymond-verges\/wp-json\/wp\/v2\/posts\/1145\/revisions"}],"predecessor-version":[{"id":1147,"href":"https:\/\/etab.ac-reunion.fr\/clg-raymond-verges\/wp-json\/wp\/v2\/posts\/1145\/revisions\/1147"}],"wp:attachment":[{"href":"https:\/\/etab.ac-reunion.fr\/clg-raymond-verges\/wp-json\/wp\/v2\/media?parent=1145"}],"wp:term":[{"taxonomy":"category","embeddable":true,"href":"https:\/\/etab.ac-reunion.fr\/clg-raymond-verges\/wp-json\/wp\/v2\/categories?post=1145"},{"taxonomy":"post_tag","embeddable":true,"href":"https:\/\/etab.ac-reunion.fr\/clg-raymond-verges\/wp-json\/wp\/v2\/tags?post=1145"}],"curies":[{"name":"wp","href":"https:\/\/api.w.org\/{rel}","templated":true}]}}