{"id":1148,"date":"2016-03-24T16:34:03","date_gmt":"2016-03-24T12:34:03","guid":{"rendered":"http:\/\/college-raymondverges.ac-reunion.fr\/?p=1148"},"modified":"2016-03-29T10:54:17","modified_gmt":"2016-03-29T06:54:17","slug":"rencontre-parents-professeurs","status":"publish","type":"post","link":"https:\/\/etab.ac-reunion.fr\/clg-raymond-verges\/2016\/03\/24\/rencontre-parents-professeurs\/","title":{"rendered":"RENCONTRE Parents-Professeurs"},"content":{"rendered":"<p>Le coll\u00e8ge organise une rencontre Parents &#8211; Professeurs le samedi 9 avril de 8H \u00e0 12H.<\/p>\n<ul>\n<li>Programme de la matin\u00e9e:\n<ul>\n<li>Accueil des parents des \u00e9l\u00e8ves de 3\u00e8me au R\u00e9fectoire d\u00e8s 8H pour une information sur l&rsquo;orientation en lyc\u00e9e.<\/li>\n<li>Les parents des \u00e9l\u00e8ves de 6e, 5e et 4e seront re\u00e7us de 8H \u00e0 8H10 par le Professeur Principal pour leur remettre le bulletin de leur enfant.<\/li>\n<li>De 9H \u00e0 9H10 : les parents d&rsquo;\u00e9l\u00e8ves de 3e seront re\u00e7us par le Professeur Principal pour la remise du bulletin.<\/li>\n<li>Les professeurs recevront les parents dans leur salle pour entretien selon le planning de rendez-vous qui sera \u00e0 votre disposition \u00e0 partir du jeudi 7 avril.<\/li>\n<\/ul>\n<\/li>\n<\/ul>\n<p>Tous les parents sont attendus.<\/p>\n<p>Nous vous remercions pour votre attention.<\/p>\n<p style=\"text-align: right\">Le Principal<\/p>\n","protected":false},"excerpt":{"rendered":"<p>Le coll\u00e8ge organise une rencontre Parents &#8211; Professeurs le samedi 9 avril de 8H \u00e0 12H. Programme de la matin\u00e9e: Accueil des parents des \u00e9l\u00e8ves de 3\u00e8me au R\u00e9fectoire d\u00e8s 8H pour une information sur l&rsquo;orientation en lyc\u00e9e. Les parents des \u00e9l\u00e8ves de 6e, 5e et 4e seront re\u00e7us de &hellip;<\/p>\n","protected":false},"author":37,"featured_media":0,"comment_status":"closed","ping_status":"open","sticky":false,"template":"","format":"standard","meta":{"footnotes":""},"categories":[10,1],"tags":[],"class_list":["post-1148","post","type-post","status-publish","format-standard","hentry","category-aux-familles","category-vie-de-letablissement"],"_links":{"self":[{"href":"https:\/\/etab.ac-reunion.fr\/clg-raymond-verges\/wp-json\/wp\/v2\/posts\/1148","targetHints":{"allow":["GET"]}}],"collection":[{"href":"https:\/\/etab.ac-reunion.fr\/clg-raymond-verges\/wp-json\/wp\/v2\/posts"}],"about":[{"href":"https:\/\/etab.ac-reunion.fr\/clg-raymond-verges\/wp-json\/wp\/v2\/types\/post"}],"author":[{"embeddable":true,"href":"https:\/\/etab.ac-reunion.fr\/clg-raymond-verges\/wp-json\/wp\/v2\/users\/37"}],"replies":[{"embeddable":true,"href":"https:\/\/etab.ac-reunion.fr\/clg-raymond-verges\/wp-json\/wp\/v2\/comments?post=1148"}],"version-history":[{"count":1,"href":"https:\/\/etab.ac-reunion.fr\/clg-raymond-verges\/wp-json\/wp\/v2\/posts\/1148\/revisions"}],"predecessor-version":[{"id":1149,"href":"https:\/\/etab.ac-reunion.fr\/clg-raymond-verges\/wp-json\/wp\/v2\/posts\/1148\/revisions\/1149"}],"wp:attachment":[{"href":"https:\/\/etab.ac-reunion.fr\/clg-raymond-verges\/wp-json\/wp\/v2\/media?parent=1148"}],"wp:term":[{"taxonomy":"category","embeddable":true,"href":"https:\/\/etab.ac-reunion.fr\/clg-raymond-verges\/wp-json\/wp\/v2\/categories?post=1148"},{"taxonomy":"post_tag","embeddable":true,"href":"https:\/\/etab.ac-reunion.fr\/clg-raymond-verges\/wp-json\/wp\/v2\/tags?post=1148"}],"curies":[{"name":"wp","href":"https:\/\/api.w.org\/{rel}","templated":true}]}}