{"id":1162,"date":"2016-04-25T08:42:22","date_gmt":"2016-04-25T04:42:22","guid":{"rendered":"http:\/\/college-raymondverges.ac-reunion.fr\/?p=1162"},"modified":"2016-04-25T08:49:34","modified_gmt":"2016-04-25T04:49:34","slug":"brevet-blanc-du-2-3-et-4-mai","status":"publish","type":"post","link":"https:\/\/etab.ac-reunion.fr\/clg-raymond-verges\/2016\/04\/25\/brevet-blanc-du-2-3-et-4-mai\/","title":{"rendered":"BREVET BLANC DU 2, 3 et 4 MAI"},"content":{"rendered":"<p style=\"text-align: center\"><span style=\"text-decoration: underline\"><strong>Les \u00e9l\u00e8ves de 3\u00e8me et de 4\u00e8me ont des devoirs sur table.<\/strong><\/span><\/p>\n<p>Les \u00e9l\u00e8ves de 3\u00e8me seront en brevet blanc le 2, 3 et 4 mai (\u00e9crits Fran\u00e7ais, Math et Histoire-G\u00e9ographie, Oraux d&rsquo;Anglais et Histoire des Arts).<\/p>\n<p>Les \u00e9l\u00e8ves de 4\u00e8me auront leurs devoirs communs le 2 et 4 mai (Fran\u00e7ais, Math et Histoire-G\u00e9ographie). Les classes de 401 et 405 seront en sortie volcan le mardi 3 mai, les autres \u00e9l\u00e8ves de 4\u00e8me n&rsquo;auront pas cours pendant cette journ\u00e9e.<\/p>\n<p>Les \u00e9l\u00e8ves de 6\u00e8me et de 5\u00e8me n&rsquo;auront pas cours pendant ces trois jours.<\/p>\n<p>Les \u00e9l\u00e8ves demi-pensionnaires ou\/et utilisateurs du transport scolaire seront assur\u00e9s de la prise en charge aux horaires habituels.<\/p>\n<div class='et-box et-info'>\n\t\t\t\t\t<div class='et-box-content'>AUTRE INFORMATION: Information donn\u00e9e au C.A. du 12\/04\/2016 : le vendredi 29 avril, les cours seront suspendus \u00e0 partir de 13h en raison de la derni\u00e8re journ\u00e9e de mise en \u0153uvre de la r\u00e9forme du coll\u00e8ge. La demi-pension sera assur\u00e9e normalement et les transports scolaires seront avanc\u00e9es \u00e0 12h. Merci pour votre attention.<\/div><\/div>\n<p style=\"text-align: right\">L&rsquo;\u00e9quipe de Direction.<\/p>\n","protected":false},"excerpt":{"rendered":"<p>Les \u00e9l\u00e8ves de 3\u00e8me et de 4\u00e8me ont des devoirs sur table. Les \u00e9l\u00e8ves de 3\u00e8me seront en brevet blanc le 2, 3 et 4 mai (\u00e9crits Fran\u00e7ais, Math et Histoire-G\u00e9ographie, Oraux d&rsquo;Anglais et Histoire des Arts). Les \u00e9l\u00e8ves de 4\u00e8me auront leurs devoirs communs le 2 et 4 mai &hellip;<\/p>\n","protected":false},"author":37,"featured_media":0,"comment_status":"closed","ping_status":"open","sticky":false,"template":"","format":"standard","meta":{"footnotes":""},"categories":[1],"tags":[],"class_list":["post-1162","post","type-post","status-publish","format-standard","hentry","category-vie-de-letablissement"],"_links":{"self":[{"href":"https:\/\/etab.ac-reunion.fr\/clg-raymond-verges\/wp-json\/wp\/v2\/posts\/1162","targetHints":{"allow":["GET"]}}],"collection":[{"href":"https:\/\/etab.ac-reunion.fr\/clg-raymond-verges\/wp-json\/wp\/v2\/posts"}],"about":[{"href":"https:\/\/etab.ac-reunion.fr\/clg-raymond-verges\/wp-json\/wp\/v2\/types\/post"}],"author":[{"embeddable":true,"href":"https:\/\/etab.ac-reunion.fr\/clg-raymond-verges\/wp-json\/wp\/v2\/users\/37"}],"replies":[{"embeddable":true,"href":"https:\/\/etab.ac-reunion.fr\/clg-raymond-verges\/wp-json\/wp\/v2\/comments?post=1162"}],"version-history":[{"count":4,"href":"https:\/\/etab.ac-reunion.fr\/clg-raymond-verges\/wp-json\/wp\/v2\/posts\/1162\/revisions"}],"predecessor-version":[{"id":1166,"href":"https:\/\/etab.ac-reunion.fr\/clg-raymond-verges\/wp-json\/wp\/v2\/posts\/1162\/revisions\/1166"}],"wp:attachment":[{"href":"https:\/\/etab.ac-reunion.fr\/clg-raymond-verges\/wp-json\/wp\/v2\/media?parent=1162"}],"wp:term":[{"taxonomy":"category","embeddable":true,"href":"https:\/\/etab.ac-reunion.fr\/clg-raymond-verges\/wp-json\/wp\/v2\/categories?post=1162"},{"taxonomy":"post_tag","embeddable":true,"href":"https:\/\/etab.ac-reunion.fr\/clg-raymond-verges\/wp-json\/wp\/v2\/tags?post=1162"}],"curies":[{"name":"wp","href":"https:\/\/api.w.org\/{rel}","templated":true}]}}