{"id":1167,"date":"2016-04-27T11:14:55","date_gmt":"2016-04-27T07:14:55","guid":{"rendered":"http:\/\/college-raymondverges.ac-reunion.fr\/?p=1167"},"modified":"2016-04-27T11:14:55","modified_gmt":"2016-04-27T07:14:55","slug":"journee-de-greve-du-jeudi-28-avril-2016","status":"publish","type":"post","link":"https:\/\/etab.ac-reunion.fr\/clg-raymond-verges\/2016\/04\/27\/journee-de-greve-du-jeudi-28-avril-2016\/","title":{"rendered":"JOURN\u00c9E DE GR\u00c8VE du jeudi 28 avril 2016"},"content":{"rendered":"<p class=\"western\" align=\"justify\"><span style=\"font-size: small\">Madame, Monsieur,<\/span><\/p>\n<p class=\"western\" align=\"justify\"><span style=\"font-size: small\">Suite \u00e0 un mouvement de gr\u00e8ve du personnel de vie scolaire, d\u2019\u00e9ducation et d\u2019enseignement <strong>le 28 avril 2016<\/strong>, de fortes perturbations sont \u00e0 pr\u00e9voir dans le fonctionnement habituel de l\u2019\u00e9tablissement. Les permanences ne seront pas assur\u00e9es normalement du fait de l&rsquo;absence de la vie scolaire et aucune prise en charge de votre enfant ne sera faite en 1\u00e8re heure et en derni\u00e8re heure de la journ\u00e9e. Merci pour votre aide et votre compr\u00e9hension. <\/span><\/p>\n<p class=\"western\" style=\"text-align: right\" align=\"justify\"><span style=\"font-size: small\"> L\u2019\u00e9quipe de direction<\/span><\/p>\n","protected":false},"excerpt":{"rendered":"<p>Madame, Monsieur, Suite \u00e0 un mouvement de gr\u00e8ve du personnel de vie scolaire, d\u2019\u00e9ducation et d\u2019enseignement le 28 avril 2016, de fortes perturbations sont \u00e0 pr\u00e9voir dans le fonctionnement habituel de l\u2019\u00e9tablissement. Les permanences ne seront pas assur\u00e9es normalement du fait de l&rsquo;absence de la vie scolaire et aucune prise &hellip;<\/p>\n","protected":false},"author":37,"featured_media":0,"comment_status":"closed","ping_status":"open","sticky":false,"template":"","format":"standard","meta":{"footnotes":""},"categories":[10],"tags":[],"class_list":["post-1167","post","type-post","status-publish","format-standard","hentry","category-aux-familles"],"_links":{"self":[{"href":"https:\/\/etab.ac-reunion.fr\/clg-raymond-verges\/wp-json\/wp\/v2\/posts\/1167","targetHints":{"allow":["GET"]}}],"collection":[{"href":"https:\/\/etab.ac-reunion.fr\/clg-raymond-verges\/wp-json\/wp\/v2\/posts"}],"about":[{"href":"https:\/\/etab.ac-reunion.fr\/clg-raymond-verges\/wp-json\/wp\/v2\/types\/post"}],"author":[{"embeddable":true,"href":"https:\/\/etab.ac-reunion.fr\/clg-raymond-verges\/wp-json\/wp\/v2\/users\/37"}],"replies":[{"embeddable":true,"href":"https:\/\/etab.ac-reunion.fr\/clg-raymond-verges\/wp-json\/wp\/v2\/comments?post=1167"}],"version-history":[{"count":1,"href":"https:\/\/etab.ac-reunion.fr\/clg-raymond-verges\/wp-json\/wp\/v2\/posts\/1167\/revisions"}],"predecessor-version":[{"id":1168,"href":"https:\/\/etab.ac-reunion.fr\/clg-raymond-verges\/wp-json\/wp\/v2\/posts\/1167\/revisions\/1168"}],"wp:attachment":[{"href":"https:\/\/etab.ac-reunion.fr\/clg-raymond-verges\/wp-json\/wp\/v2\/media?parent=1167"}],"wp:term":[{"taxonomy":"category","embeddable":true,"href":"https:\/\/etab.ac-reunion.fr\/clg-raymond-verges\/wp-json\/wp\/v2\/categories?post=1167"},{"taxonomy":"post_tag","embeddable":true,"href":"https:\/\/etab.ac-reunion.fr\/clg-raymond-verges\/wp-json\/wp\/v2\/tags?post=1167"}],"curies":[{"name":"wp","href":"https:\/\/api.w.org\/{rel}","templated":true}]}}