{"id":1186,"date":"2016-05-27T14:13:39","date_gmt":"2016-05-27T10:13:39","guid":{"rendered":"http:\/\/college-raymondverges.ac-reunion.fr\/?p=1186"},"modified":"2016-05-27T14:25:25","modified_gmt":"2016-05-27T10:25:25","slug":"proposition-de-nouveau-calendrier-scolaire-2017-2020-consultation-des-familles","status":"publish","type":"post","link":"https:\/\/etab.ac-reunion.fr\/clg-raymond-verges\/2016\/05\/27\/proposition-de-nouveau-calendrier-scolaire-2017-2020-consultation-des-familles\/","title":{"rendered":"Proposition de nouveau calendrier scolaire 2017-2020"},"content":{"rendered":"<p>Ci apr\u00e8s en lien les quatre <strong>propositions<\/strong> de calendrier scolaire dans le cadre de la <strong>consultation organis\u00e9e par l&rsquo;Acad\u00e9mie de la R\u00e9union<\/strong>.<\/p>\n<p>Merci de cliquer sur les liens en bleu pour acc\u00e9der aux fichiers (PDF)<\/p>\n<ul>\n<li>projet A : <a href=\"https:\/\/etab.ac-reunion.fr\/clg-raymond-verges\/wp-content\/uploads\/sites\/12\/2016\/05\/CS-2017-2020-MAQUETTE-INITIALEV1_Am\u00e9lior\u00e9e17MAI.pdf\">CS 2017 2020 MAQUETTE INITIALEV1<\/a><\/li>\n<li>projet B: <a href=\"https:\/\/etab.ac-reunion.fr\/clg-raymond-verges\/wp-content\/uploads\/sites\/12\/2016\/05\/CS-2017-2020-MAQUETTE-INITIALEV2_17MAIV1.pdf\">CS 2017 2020 MAQUETTE INITIALEV2<\/a><\/li>\n<li>projet C : <a href=\"https:\/\/etab.ac-reunion.fr\/clg-raymond-verges\/wp-content\/uploads\/sites\/12\/2016\/05\/CS-2017-2020-MAQUETTE-INITIALEV3_17MAI.pdf\">CS 2017 2020 MAQUETTE INITIALEV3<\/a><\/li>\n<li>projet D : <a href=\"https:\/\/etab.ac-reunion.fr\/clg-raymond-verges\/wp-content\/uploads\/sites\/12\/2016\/05\/CS-2017-2020-MAQUETTE-INITIALEV4_17MAI.pdf\">CS 2017 2020 MAQUETTE INITIALEV4<\/a><\/li>\n<\/ul>\n<p>Le coll\u00e8ge Raymond Verges vous remercie pour votre participation.<\/p>\n","protected":false},"excerpt":{"rendered":"<p>Ci apr\u00e8s en lien les quatre propositions de calendrier scolaire dans le cadre de la consultation organis\u00e9e par l&rsquo;Acad\u00e9mie de la R\u00e9union. Merci de cliquer sur les liens en bleu pour acc\u00e9der aux fichiers (PDF) projet A : CS 2017 2020 MAQUETTE INITIALEV1 projet B: CS 2017 2020 MAQUETTE INITIALEV2 &hellip;<\/p>\n","protected":false},"author":15,"featured_media":0,"comment_status":"closed","ping_status":"open","sticky":false,"template":"","format":"standard","meta":{"footnotes":""},"categories":[1],"tags":[],"class_list":["post-1186","post","type-post","status-publish","format-standard","hentry","category-vie-de-letablissement"],"_links":{"self":[{"href":"https:\/\/etab.ac-reunion.fr\/clg-raymond-verges\/wp-json\/wp\/v2\/posts\/1186","targetHints":{"allow":["GET"]}}],"collection":[{"href":"https:\/\/etab.ac-reunion.fr\/clg-raymond-verges\/wp-json\/wp\/v2\/posts"}],"about":[{"href":"https:\/\/etab.ac-reunion.fr\/clg-raymond-verges\/wp-json\/wp\/v2\/types\/post"}],"author":[{"embeddable":true,"href":"https:\/\/etab.ac-reunion.fr\/clg-raymond-verges\/wp-json\/wp\/v2\/users\/15"}],"replies":[{"embeddable":true,"href":"https:\/\/etab.ac-reunion.fr\/clg-raymond-verges\/wp-json\/wp\/v2\/comments?post=1186"}],"version-history":[{"count":2,"href":"https:\/\/etab.ac-reunion.fr\/clg-raymond-verges\/wp-json\/wp\/v2\/posts\/1186\/revisions"}],"predecessor-version":[{"id":1192,"href":"https:\/\/etab.ac-reunion.fr\/clg-raymond-verges\/wp-json\/wp\/v2\/posts\/1186\/revisions\/1192"}],"wp:attachment":[{"href":"https:\/\/etab.ac-reunion.fr\/clg-raymond-verges\/wp-json\/wp\/v2\/media?parent=1186"}],"wp:term":[{"taxonomy":"category","embeddable":true,"href":"https:\/\/etab.ac-reunion.fr\/clg-raymond-verges\/wp-json\/wp\/v2\/categories?post=1186"},{"taxonomy":"post_tag","embeddable":true,"href":"https:\/\/etab.ac-reunion.fr\/clg-raymond-verges\/wp-json\/wp\/v2\/tags?post=1186"}],"curies":[{"name":"wp","href":"https:\/\/api.w.org\/{rel}","templated":true}]}}