{"id":1212,"date":"2016-07-08T13:43:57","date_gmt":"2016-07-08T09:43:57","guid":{"rendered":"http:\/\/college-raymondverges.ac-reunion.fr\/?p=1212"},"modified":"2016-07-08T13:45:57","modified_gmt":"2016-07-08T09:45:57","slug":"rentree-scolaire-2016-2017","status":"publish","type":"post","link":"https:\/\/etab.ac-reunion.fr\/clg-raymond-verges\/2016\/07\/08\/rentree-scolaire-2016-2017\/","title":{"rendered":"Rentr\u00e9e scolaire 2016-2017"},"content":{"rendered":"<p><strong>POUR LES NOUVEAUX ENTRANTS\u00a0:<\/strong><\/p>\n<p>La rentr\u00e9e pour les \u00e9l\u00e8ves de 6\u00e8me aura lieu le <span style=\"color: #0000ff\">mercredi 17 ao\u00fbt 2016<\/span>.<br \/>\nLes \u00e9l\u00e8ves seront accueillis de 8h00 \u00e0 13h00 et mangeront tous \u00e0 la cantine.<br \/>\nIls seront lib\u00e9r\u00e9s \u00e0 13h00.<br \/>\nPour les \u00e9l\u00e8ves transport\u00e9s, le passage des bus est pr\u00e9vu \u00e0 13h00.<\/p>\n<p>Les parents des nouveaux \u00e9l\u00e8ves sont invit\u00e9s \u00e0 participer \u00e0 une<strong> r\u00e9union d\u2019information<\/strong> qui se tiendra au r\u00e9fectoire de <strong>8h30 \u00e0 10h00<\/strong> le mercredi 17 Ao\u00fbt.<br \/>\nPAS DE COURS POUR LES ELEVES DE 6EME LE JEUDI 18 AOUT 2016.<\/p>\n<p><strong>POUR LES AUTRES NIVEAUX\u00a0:<\/strong> La rentr\u00e9e aura lieu <span style=\"color: #0000ff\">Jeudi 18 ao\u00fbt 2016<\/span><br \/>\n*\u00a0\u00e0 8h\u00a0: les \u00e9l\u00e8ves de 5\u00e8me<br \/>\n*\u00a0\u00e0 9h\u00a0: les \u00e9l\u00e8ves de 4\u00e8me<br \/>\n*\u00a0\u00e0 10h\u00a0: les \u00e9l\u00e8ves de 3\u00e8me<br \/>\nLes externes seront lib\u00e9r\u00e9s \u00e0 12h00.<br \/>\nPour les \u00e9l\u00e8ves demi-pensionnaires, le passage des bus est pr\u00e9vu \u00e0 13h00.<\/p>\n<p><strong>TOUS LES ELEVES DU COLLEGE APPLIQUERONT LEUR EMPLOI DU TEMPS A PARTIR DU VENDREDI 19 AOUT 2016 \u00e0 8h00.<\/strong><\/p>\n<p>La Direction<\/p>\n","protected":false},"excerpt":{"rendered":"<p>POUR LES NOUVEAUX ENTRANTS\u00a0: La rentr\u00e9e pour les \u00e9l\u00e8ves de 6\u00e8me aura lieu le mercredi 17 ao\u00fbt 2016. Les \u00e9l\u00e8ves seront accueillis de 8h00 \u00e0 13h00 et mangeront tous \u00e0 la cantine. Ils seront lib\u00e9r\u00e9s \u00e0 13h00. Pour les \u00e9l\u00e8ves transport\u00e9s, le passage des bus est pr\u00e9vu \u00e0 13h00. Les &hellip;<\/p>\n","protected":false},"author":15,"featured_media":0,"comment_status":"closed","ping_status":"open","sticky":false,"template":"","format":"standard","meta":{"footnotes":""},"categories":[10],"tags":[25],"class_list":["post-1212","post","type-post","status-publish","format-standard","hentry","category-aux-familles","tag-dates-a-retenir"],"_links":{"self":[{"href":"https:\/\/etab.ac-reunion.fr\/clg-raymond-verges\/wp-json\/wp\/v2\/posts\/1212","targetHints":{"allow":["GET"]}}],"collection":[{"href":"https:\/\/etab.ac-reunion.fr\/clg-raymond-verges\/wp-json\/wp\/v2\/posts"}],"about":[{"href":"https:\/\/etab.ac-reunion.fr\/clg-raymond-verges\/wp-json\/wp\/v2\/types\/post"}],"author":[{"embeddable":true,"href":"https:\/\/etab.ac-reunion.fr\/clg-raymond-verges\/wp-json\/wp\/v2\/users\/15"}],"replies":[{"embeddable":true,"href":"https:\/\/etab.ac-reunion.fr\/clg-raymond-verges\/wp-json\/wp\/v2\/comments?post=1212"}],"version-history":[{"count":6,"href":"https:\/\/etab.ac-reunion.fr\/clg-raymond-verges\/wp-json\/wp\/v2\/posts\/1212\/revisions"}],"predecessor-version":[{"id":1233,"href":"https:\/\/etab.ac-reunion.fr\/clg-raymond-verges\/wp-json\/wp\/v2\/posts\/1212\/revisions\/1233"}],"wp:attachment":[{"href":"https:\/\/etab.ac-reunion.fr\/clg-raymond-verges\/wp-json\/wp\/v2\/media?parent=1212"}],"wp:term":[{"taxonomy":"category","embeddable":true,"href":"https:\/\/etab.ac-reunion.fr\/clg-raymond-verges\/wp-json\/wp\/v2\/categories?post=1212"},{"taxonomy":"post_tag","embeddable":true,"href":"https:\/\/etab.ac-reunion.fr\/clg-raymond-verges\/wp-json\/wp\/v2\/tags?post=1212"}],"curies":[{"name":"wp","href":"https:\/\/api.w.org\/{rel}","templated":true}]}}