{"id":1234,"date":"2016-09-01T08:14:32","date_gmt":"2016-09-01T04:14:32","guid":{"rendered":"http:\/\/college-raymondverges.ac-reunion.fr\/?p=1234"},"modified":"2016-09-01T08:26:54","modified_gmt":"2016-09-01T04:26:54","slug":"invitation","status":"publish","type":"post","link":"https:\/\/etab.ac-reunion.fr\/clg-raymond-verges\/2016\/09\/01\/invitation\/","title":{"rendered":"Invitation de l&rsquo;UNSS"},"content":{"rendered":"<p><strong>Nous informons tous les parents et les \u00e9l\u00e8ves que l&rsquo;assembl\u00e9e g\u00e9n\u00e9rale de l\u2019association sportive du coll\u00e8ge Raymond Verg\u00e8s se d\u00e9roulera le<span style=\"text-decoration: underline\"><span style=\"color: #0000ff;text-decoration: underline\"> lundi 12 septembre 2016 de 12h45 \u00e0 13h30<\/span><\/span> en salle de permanence.<\/strong><\/p>\n<p style=\"text-align: center\"><strong>ORDRE du JOUR:<\/strong><br \/>\n<strong> Bilan moral<\/strong><br \/>\n<strong> Bilan financier 2015-2016 et Projet de budget 2016-2017<\/strong><br \/>\n<strong> Le projet sportif 2016-2017<\/strong><br \/>\n<strong> Election du nouveau bureau<\/strong><br \/>\n<strong> Questions diverses<\/strong><\/p>\n<p style=\"text-align: left\"><strong>Nous vous remercions vivement de l&rsquo;importance que vous voudrez bien accorder \u00e0 cette r\u00e9union et <\/strong><strong>comptons sur votre pr\u00e9sence.<\/strong><\/p>\n<p><strong>Le secr\u00e9taire, Mr PINANA<\/strong><\/p>\n","protected":false},"excerpt":{"rendered":"<p>Nous informons tous les parents et les \u00e9l\u00e8ves que l&rsquo;assembl\u00e9e g\u00e9n\u00e9rale de l\u2019association sportive du coll\u00e8ge Raymond Verg\u00e8s se d\u00e9roulera le lundi 12 septembre 2016 de 12h45 \u00e0 13h30 en salle de permanence. ORDRE du JOUR: Bilan moral Bilan financier 2015-2016 et Projet de budget 2016-2017 Le projet sportif 2016-2017 &hellip;<\/p>\n","protected":false},"author":15,"featured_media":0,"comment_status":"closed","ping_status":"open","sticky":false,"template":"","format":"standard","meta":{"footnotes":""},"categories":[1],"tags":[],"class_list":["post-1234","post","type-post","status-publish","format-standard","hentry","category-vie-de-letablissement"],"_links":{"self":[{"href":"https:\/\/etab.ac-reunion.fr\/clg-raymond-verges\/wp-json\/wp\/v2\/posts\/1234","targetHints":{"allow":["GET"]}}],"collection":[{"href":"https:\/\/etab.ac-reunion.fr\/clg-raymond-verges\/wp-json\/wp\/v2\/posts"}],"about":[{"href":"https:\/\/etab.ac-reunion.fr\/clg-raymond-verges\/wp-json\/wp\/v2\/types\/post"}],"author":[{"embeddable":true,"href":"https:\/\/etab.ac-reunion.fr\/clg-raymond-verges\/wp-json\/wp\/v2\/users\/15"}],"replies":[{"embeddable":true,"href":"https:\/\/etab.ac-reunion.fr\/clg-raymond-verges\/wp-json\/wp\/v2\/comments?post=1234"}],"version-history":[{"count":3,"href":"https:\/\/etab.ac-reunion.fr\/clg-raymond-verges\/wp-json\/wp\/v2\/posts\/1234\/revisions"}],"predecessor-version":[{"id":1237,"href":"https:\/\/etab.ac-reunion.fr\/clg-raymond-verges\/wp-json\/wp\/v2\/posts\/1234\/revisions\/1237"}],"wp:attachment":[{"href":"https:\/\/etab.ac-reunion.fr\/clg-raymond-verges\/wp-json\/wp\/v2\/media?parent=1234"}],"wp:term":[{"taxonomy":"category","embeddable":true,"href":"https:\/\/etab.ac-reunion.fr\/clg-raymond-verges\/wp-json\/wp\/v2\/categories?post=1234"},{"taxonomy":"post_tag","embeddable":true,"href":"https:\/\/etab.ac-reunion.fr\/clg-raymond-verges\/wp-json\/wp\/v2\/tags?post=1234"}],"curies":[{"name":"wp","href":"https:\/\/api.w.org\/{rel}","templated":true}]}}