{"id":1240,"date":"2016-09-02T11:41:27","date_gmt":"2016-09-02T07:41:27","guid":{"rendered":"http:\/\/college-raymondverges.ac-reunion.fr\/?p=1240"},"modified":"2016-09-02T11:45:10","modified_gmt":"2016-09-02T07:45:10","slug":"rencontres-parents-professeurs","status":"publish","type":"post","link":"https:\/\/etab.ac-reunion.fr\/clg-raymond-verges\/2016\/09\/02\/rencontres-parents-professeurs\/","title":{"rendered":"Rencontres Parents-Professeurs"},"content":{"rendered":"<p><span style=\"color: #000000\">Cliquez sur les liens ci-dessous :<\/span><\/p>\n<ul>\n<li><a href=\"https:\/\/etab.ac-reunion.fr\/clg-raymond-verges\/wp-content\/uploads\/sites\/12\/2016\/09\/rencontre-parents-professeurs-jeudi-08-sept-6e-et-4e.pdf\">rencontre parents professeurs &#8211; jeudi 08 sept &#8211; 6e et 4e<\/a><\/li>\n<li><a href=\"https:\/\/etab.ac-reunion.fr\/clg-raymond-verges\/wp-content\/uploads\/sites\/12\/2016\/09\/rencontre-parents-professeurs-mardi-06-sept-5e-et-3e.pdf\">rencontre parents professeurs &#8211; mardi 06 sept &#8211; 5e et 3e<\/a><\/li>\n<\/ul>\n<p><span style=\"color: #000000\">pour conna\u00eetre les modalit\u00e9s des premi\u00e8res \u00ab\u00a0rencontres Parents-Professeurs\u00a0\u00bb des<\/span><strong><span style=\"color: #0000ff\"> Mardi 06 et Jeudi 08 Septembre 2016.<\/span><\/strong><\/p>\n<p><strong>ATTENTION : <span style=\"text-decoration: underline\">coupons-r\u00e9ponses<\/span> \u00e0 transmettre au bureau de la vie scolaire au plus vite !<\/strong><\/p>\n","protected":false},"excerpt":{"rendered":"<p>Cliquez sur les liens ci-dessous : rencontre parents professeurs &#8211; jeudi 08 sept &#8211; 6e et 4e rencontre parents professeurs &#8211; mardi 06 sept &#8211; 5e et 3e pour conna\u00eetre les modalit\u00e9s des premi\u00e8res \u00ab\u00a0rencontres Parents-Professeurs\u00a0\u00bb des Mardi 06 et Jeudi 08 Septembre 2016. ATTENTION : coupons-r\u00e9ponses \u00e0 transmettre au &hellip;<\/p>\n","protected":false},"author":15,"featured_media":0,"comment_status":"closed","ping_status":"open","sticky":false,"template":"","format":"standard","meta":{"footnotes":""},"categories":[10],"tags":[],"class_list":["post-1240","post","type-post","status-publish","format-standard","hentry","category-aux-familles"],"_links":{"self":[{"href":"https:\/\/etab.ac-reunion.fr\/clg-raymond-verges\/wp-json\/wp\/v2\/posts\/1240","targetHints":{"allow":["GET"]}}],"collection":[{"href":"https:\/\/etab.ac-reunion.fr\/clg-raymond-verges\/wp-json\/wp\/v2\/posts"}],"about":[{"href":"https:\/\/etab.ac-reunion.fr\/clg-raymond-verges\/wp-json\/wp\/v2\/types\/post"}],"author":[{"embeddable":true,"href":"https:\/\/etab.ac-reunion.fr\/clg-raymond-verges\/wp-json\/wp\/v2\/users\/15"}],"replies":[{"embeddable":true,"href":"https:\/\/etab.ac-reunion.fr\/clg-raymond-verges\/wp-json\/wp\/v2\/comments?post=1240"}],"version-history":[{"count":2,"href":"https:\/\/etab.ac-reunion.fr\/clg-raymond-verges\/wp-json\/wp\/v2\/posts\/1240\/revisions"}],"predecessor-version":[{"id":1244,"href":"https:\/\/etab.ac-reunion.fr\/clg-raymond-verges\/wp-json\/wp\/v2\/posts\/1240\/revisions\/1244"}],"wp:attachment":[{"href":"https:\/\/etab.ac-reunion.fr\/clg-raymond-verges\/wp-json\/wp\/v2\/media?parent=1240"}],"wp:term":[{"taxonomy":"category","embeddable":true,"href":"https:\/\/etab.ac-reunion.fr\/clg-raymond-verges\/wp-json\/wp\/v2\/categories?post=1240"},{"taxonomy":"post_tag","embeddable":true,"href":"https:\/\/etab.ac-reunion.fr\/clg-raymond-verges\/wp-json\/wp\/v2\/tags?post=1240"}],"curies":[{"name":"wp","href":"https:\/\/api.w.org\/{rel}","templated":true}]}}