{"id":1251,"date":"2016-09-29T10:25:36","date_gmt":"2016-09-29T06:25:36","guid":{"rendered":"http:\/\/college-raymondverges.ac-reunion.fr\/?p=1251"},"modified":"2016-09-29T10:25:36","modified_gmt":"2016-09-29T06:25:36","slug":"accompagnement-educatif","status":"publish","type":"post","link":"https:\/\/etab.ac-reunion.fr\/clg-raymond-verges\/2016\/09\/29\/accompagnement-educatif\/","title":{"rendered":"Accompagnement \u00e9ducatif"},"content":{"rendered":"<p>Madame, Monsieur,<\/p>\n<p>L&rsquo;accompagnement \u00e9ducatif commencera le 31\/10\/16.<\/p>\n<p>Cette ann\u00e9e l&rsquo;action concernera l&rsquo;aide aux \u00e9l\u00e8ves pour :<br \/>\n&#8211; les devoirs,<br \/>\n&#8211; la pratique orale de l&rsquo;espagnol et<br \/>\n&#8211; l&rsquo;apprentissage des outils num\u00e9riques cette ann\u00e9e.<\/p>\n<p>Un document d&rsquo;inscription est distribu\u00e9 \u00e0 tous les \u00e9l\u00e8ves.<\/p>\n<p>Il sera aussi \u00e0 votre disposition \u00e0 la Vie Scolaire en cas de besoin.<\/p>\n<p>Arnaud SHAYER<br \/>\nPrincipal adjoint<\/p>\n","protected":false},"excerpt":{"rendered":"<p>Madame, Monsieur, L&rsquo;accompagnement \u00e9ducatif commencera le 31\/10\/16. Cette ann\u00e9e l&rsquo;action concernera l&rsquo;aide aux \u00e9l\u00e8ves pour : &#8211; les devoirs, &#8211; la pratique orale de l&rsquo;espagnol et &#8211; l&rsquo;apprentissage des outils num\u00e9riques cette ann\u00e9e. Un document d&rsquo;inscription est distribu\u00e9 \u00e0 tous les \u00e9l\u00e8ves. Il sera aussi \u00e0 votre disposition \u00e0 la &hellip;<\/p>\n","protected":false},"author":12508,"featured_media":0,"comment_status":"closed","ping_status":"open","sticky":false,"template":"","format":"standard","meta":{"footnotes":""},"categories":[10],"tags":[],"class_list":["post-1251","post","type-post","status-publish","format-standard","hentry","category-aux-familles"],"_links":{"self":[{"href":"https:\/\/etab.ac-reunion.fr\/clg-raymond-verges\/wp-json\/wp\/v2\/posts\/1251","targetHints":{"allow":["GET"]}}],"collection":[{"href":"https:\/\/etab.ac-reunion.fr\/clg-raymond-verges\/wp-json\/wp\/v2\/posts"}],"about":[{"href":"https:\/\/etab.ac-reunion.fr\/clg-raymond-verges\/wp-json\/wp\/v2\/types\/post"}],"author":[{"embeddable":true,"href":"https:\/\/etab.ac-reunion.fr\/clg-raymond-verges\/wp-json\/wp\/v2\/users\/12508"}],"replies":[{"embeddable":true,"href":"https:\/\/etab.ac-reunion.fr\/clg-raymond-verges\/wp-json\/wp\/v2\/comments?post=1251"}],"version-history":[{"count":2,"href":"https:\/\/etab.ac-reunion.fr\/clg-raymond-verges\/wp-json\/wp\/v2\/posts\/1251\/revisions"}],"predecessor-version":[{"id":1262,"href":"https:\/\/etab.ac-reunion.fr\/clg-raymond-verges\/wp-json\/wp\/v2\/posts\/1251\/revisions\/1262"}],"wp:attachment":[{"href":"https:\/\/etab.ac-reunion.fr\/clg-raymond-verges\/wp-json\/wp\/v2\/media?parent=1251"}],"wp:term":[{"taxonomy":"category","embeddable":true,"href":"https:\/\/etab.ac-reunion.fr\/clg-raymond-verges\/wp-json\/wp\/v2\/categories?post=1251"},{"taxonomy":"post_tag","embeddable":true,"href":"https:\/\/etab.ac-reunion.fr\/clg-raymond-verges\/wp-json\/wp\/v2\/tags?post=1251"}],"curies":[{"name":"wp","href":"https:\/\/api.w.org\/{rel}","templated":true}]}}