{"id":1253,"date":"2016-09-08T18:00:42","date_gmt":"2016-09-08T14:00:42","guid":{"rendered":"http:\/\/college-raymondverges.ac-reunion.fr\/?p=1253"},"modified":"2016-09-09T08:14:13","modified_gmt":"2016-09-09T04:14:13","slug":"nouveaux-emplois-du-temps","status":"publish","type":"post","link":"https:\/\/etab.ac-reunion.fr\/clg-raymond-verges\/2016\/09\/08\/nouveaux-emplois-du-temps\/","title":{"rendered":"Nouveaux emplois du temps"},"content":{"rendered":"<p>Attention : de nouveaux emplois du temps vont entrer en service <strong>\u00e0 compter du 12 septembre 2016<\/strong>.<\/p>\n<p>Ils sont visibles sur Pronote \u00e0 partir des connexions <a href=\"http:\/\/metice.ac-reunion.fr\/\" target=\"_blank\">Metice<\/a> pour les \u00e9l\u00e8ves et les parents.<\/p>\n<p>La direction,<\/p>\n","protected":false},"excerpt":{"rendered":"<p>Attention : de nouveaux emplois du temps vont entrer en service \u00e0 compter du 12 septembre 2016. Ils sont visibles sur Pronote \u00e0 partir des connexions Metice pour les \u00e9l\u00e8ves et les parents. La direction,<\/p>\n","protected":false},"author":12508,"featured_media":0,"comment_status":"closed","ping_status":"open","sticky":false,"template":"","format":"standard","meta":{"footnotes":""},"categories":[10],"tags":[],"class_list":["post-1253","post","type-post","status-publish","format-standard","hentry","category-aux-familles"],"_links":{"self":[{"href":"https:\/\/etab.ac-reunion.fr\/clg-raymond-verges\/wp-json\/wp\/v2\/posts\/1253","targetHints":{"allow":["GET"]}}],"collection":[{"href":"https:\/\/etab.ac-reunion.fr\/clg-raymond-verges\/wp-json\/wp\/v2\/posts"}],"about":[{"href":"https:\/\/etab.ac-reunion.fr\/clg-raymond-verges\/wp-json\/wp\/v2\/types\/post"}],"author":[{"embeddable":true,"href":"https:\/\/etab.ac-reunion.fr\/clg-raymond-verges\/wp-json\/wp\/v2\/users\/12508"}],"replies":[{"embeddable":true,"href":"https:\/\/etab.ac-reunion.fr\/clg-raymond-verges\/wp-json\/wp\/v2\/comments?post=1253"}],"version-history":[{"count":2,"href":"https:\/\/etab.ac-reunion.fr\/clg-raymond-verges\/wp-json\/wp\/v2\/posts\/1253\/revisions"}],"predecessor-version":[{"id":1257,"href":"https:\/\/etab.ac-reunion.fr\/clg-raymond-verges\/wp-json\/wp\/v2\/posts\/1253\/revisions\/1257"}],"wp:attachment":[{"href":"https:\/\/etab.ac-reunion.fr\/clg-raymond-verges\/wp-json\/wp\/v2\/media?parent=1253"}],"wp:term":[{"taxonomy":"category","embeddable":true,"href":"https:\/\/etab.ac-reunion.fr\/clg-raymond-verges\/wp-json\/wp\/v2\/categories?post=1253"},{"taxonomy":"post_tag","embeddable":true,"href":"https:\/\/etab.ac-reunion.fr\/clg-raymond-verges\/wp-json\/wp\/v2\/tags?post=1253"}],"curies":[{"name":"wp","href":"https:\/\/api.w.org\/{rel}","templated":true}]}}