{"id":1273,"date":"2017-04-06T14:40:39","date_gmt":"2017-04-06T10:40:39","guid":{"rendered":"http:\/\/college-raymondverges.ac-reunion.fr\/?p=1273"},"modified":"2018-11-08T09:25:12","modified_gmt":"2018-11-08T05:25:12","slug":"journee-portes-ouvertes-en-lycee","status":"publish","type":"post","link":"https:\/\/etab.ac-reunion.fr\/clg-raymond-verges\/2017\/04\/06\/journee-portes-ouvertes-en-lycee\/","title":{"rendered":"Journ\u00e9es portes ouvertes en lyc\u00e9e (Mise \u00e0 jour 07\/04\/16)"},"content":{"rendered":"<p>Vous trouverez gr\u00e2ce au lien ci-dessous le r\u00e9capitulatif des journ\u00e9es portes ouvertes<\/p>\n<p><a href=\"https:\/\/etab.ac-reunion.fr\/clg-raymond-verges\/wp-content\/uploads\/sites\/12\/2017\/02\/jpo-3eme-infos-aux-familles-maj-070417.xls\">jpo 3eme infos aux familles &#8211; maj 070417<\/a><\/p>\n<p>Nous vous incitons \u00e0 vous y rendre avec votre enfant.<\/p>\n<p>Ceci afin de d\u00e9couvrir les formations propos\u00e9es. Peut \u00eatre certaines auxquelles il n&rsquo;aurait pas pens\u00e9 !<\/p>\n<p>L&rsquo;objectif \u00e9tant que vous construisiez ensemble le parcours d&rsquo;orientation auquel il va vous \u00eatre demand\u00e9 de participer \u00e0 partir du 2e trimestre de 3e.<\/p>\n<p style=\"text-align: right\">La Direction<\/p>\n","protected":false},"excerpt":{"rendered":"<p>Vous trouverez gr\u00e2ce au lien ci-dessous le r\u00e9capitulatif des journ\u00e9es portes ouvertes jpo 3eme infos aux familles &#8211; maj 070417 Nous vous incitons \u00e0 vous y rendre avec votre enfant. Ceci afin de d\u00e9couvrir les formations propos\u00e9es. Peut \u00eatre certaines auxquelles il n&rsquo;aurait pas pens\u00e9 ! L&rsquo;objectif \u00e9tant que vous &hellip;<\/p>\n","protected":false},"author":12508,"featured_media":0,"comment_status":"closed","ping_status":"closed","sticky":false,"template":"","format":"standard","meta":{"footnotes":""},"categories":[1],"tags":[],"class_list":["post-1273","post","type-post","status-publish","format-standard","hentry","category-vie-de-letablissement"],"_links":{"self":[{"href":"https:\/\/etab.ac-reunion.fr\/clg-raymond-verges\/wp-json\/wp\/v2\/posts\/1273","targetHints":{"allow":["GET"]}}],"collection":[{"href":"https:\/\/etab.ac-reunion.fr\/clg-raymond-verges\/wp-json\/wp\/v2\/posts"}],"about":[{"href":"https:\/\/etab.ac-reunion.fr\/clg-raymond-verges\/wp-json\/wp\/v2\/types\/post"}],"author":[{"embeddable":true,"href":"https:\/\/etab.ac-reunion.fr\/clg-raymond-verges\/wp-json\/wp\/v2\/users\/12508"}],"replies":[{"embeddable":true,"href":"https:\/\/etab.ac-reunion.fr\/clg-raymond-verges\/wp-json\/wp\/v2\/comments?post=1273"}],"version-history":[{"count":8,"href":"https:\/\/etab.ac-reunion.fr\/clg-raymond-verges\/wp-json\/wp\/v2\/posts\/1273\/revisions"}],"predecessor-version":[{"id":1278,"href":"https:\/\/etab.ac-reunion.fr\/clg-raymond-verges\/wp-json\/wp\/v2\/posts\/1273\/revisions\/1278"}],"wp:attachment":[{"href":"https:\/\/etab.ac-reunion.fr\/clg-raymond-verges\/wp-json\/wp\/v2\/media?parent=1273"}],"wp:term":[{"taxonomy":"category","embeddable":true,"href":"https:\/\/etab.ac-reunion.fr\/clg-raymond-verges\/wp-json\/wp\/v2\/categories?post=1273"},{"taxonomy":"post_tag","embeddable":true,"href":"https:\/\/etab.ac-reunion.fr\/clg-raymond-verges\/wp-json\/wp\/v2\/tags?post=1273"}],"curies":[{"name":"wp","href":"https:\/\/api.w.org\/{rel}","templated":true}]}}