{"id":1295,"date":"2017-03-27T16:35:23","date_gmt":"2017-03-27T12:35:23","guid":{"rendered":"http:\/\/college-raymondverges.ac-reunion.fr\/?p=1295"},"modified":"2017-03-27T16:35:23","modified_gmt":"2017-03-27T12:35:23","slug":"rencontres-parents-professeurs-2","status":"publish","type":"post","link":"https:\/\/etab.ac-reunion.fr\/clg-raymond-verges\/2017\/03\/27\/rencontres-parents-professeurs-2\/","title":{"rendered":"Rencontres Parents &#8211; Professeurs"},"content":{"rendered":"<p>Ces rencontres, qui donneront lieux \u00e0 la remise des bulletins, auront lieux le samedi 08\/04\/17 au matin selon l&rsquo;organisation pr\u00e9cis\u00e9e en document joint.<\/p>\n<p><a href=\"https:\/\/etab.ac-reunion.fr\/clg-raymond-verges\/wp-content\/uploads\/sites\/12\/2017\/03\/planning-rencontres.pdf\">planning rencontres<\/a><\/p>\n<p>Vous trouverez aussi les documents n\u00e9cessaires \u00e0 la communication avec les enseignants.<\/p>\n<p>L&rsquo;ensemble sera distribu\u00e9 \u00e0 votre enfant.<\/p>\n<p><a href=\"https:\/\/etab.ac-reunion.fr\/clg-raymond-verges\/wp-content\/uploads\/sites\/12\/2017\/03\/note-rencontre-parents-professeurs.pdf\">note &#8211; rencontre parents-professeurs<\/a><\/p>\n<p><a href=\"https:\/\/etab.ac-reunion.fr\/clg-raymond-verges\/wp-content\/uploads\/sites\/12\/2017\/03\/fiche-\u00e9l\u00e8ves-5e-et-3e.pdf\">fiche \u00e9l\u00e8ves 5e et 3e<\/a><\/p>\n<p><a href=\"https:\/\/etab.ac-reunion.fr\/clg-raymond-verges\/wp-content\/uploads\/sites\/12\/2017\/03\/fiche-\u00e9l\u00e8ves-6e-et-4e.pdf\">fiche \u00e9l\u00e8ves 6e et 4e<\/a><\/p>\n","protected":false},"excerpt":{"rendered":"<p>Ces rencontres, qui donneront lieux \u00e0 la remise des bulletins, auront lieux le samedi 08\/04\/17 au matin selon l&rsquo;organisation pr\u00e9cis\u00e9e en document joint. planning rencontres Vous trouverez aussi les documents n\u00e9cessaires \u00e0 la communication avec les enseignants. L&rsquo;ensemble sera distribu\u00e9 \u00e0 votre enfant. note &#8211; rencontre parents-professeurs fiche \u00e9l\u00e8ves 5e &hellip;<\/p>\n","protected":false},"author":12508,"featured_media":0,"comment_status":"closed","ping_status":"open","sticky":false,"template":"","format":"standard","meta":{"footnotes":""},"categories":[10],"tags":[],"class_list":["post-1295","post","type-post","status-publish","format-standard","hentry","category-aux-familles"],"_links":{"self":[{"href":"https:\/\/etab.ac-reunion.fr\/clg-raymond-verges\/wp-json\/wp\/v2\/posts\/1295","targetHints":{"allow":["GET"]}}],"collection":[{"href":"https:\/\/etab.ac-reunion.fr\/clg-raymond-verges\/wp-json\/wp\/v2\/posts"}],"about":[{"href":"https:\/\/etab.ac-reunion.fr\/clg-raymond-verges\/wp-json\/wp\/v2\/types\/post"}],"author":[{"embeddable":true,"href":"https:\/\/etab.ac-reunion.fr\/clg-raymond-verges\/wp-json\/wp\/v2\/users\/12508"}],"replies":[{"embeddable":true,"href":"https:\/\/etab.ac-reunion.fr\/clg-raymond-verges\/wp-json\/wp\/v2\/comments?post=1295"}],"version-history":[{"count":1,"href":"https:\/\/etab.ac-reunion.fr\/clg-raymond-verges\/wp-json\/wp\/v2\/posts\/1295\/revisions"}],"predecessor-version":[{"id":1300,"href":"https:\/\/etab.ac-reunion.fr\/clg-raymond-verges\/wp-json\/wp\/v2\/posts\/1295\/revisions\/1300"}],"wp:attachment":[{"href":"https:\/\/etab.ac-reunion.fr\/clg-raymond-verges\/wp-json\/wp\/v2\/media?parent=1295"}],"wp:term":[{"taxonomy":"category","embeddable":true,"href":"https:\/\/etab.ac-reunion.fr\/clg-raymond-verges\/wp-json\/wp\/v2\/categories?post=1295"},{"taxonomy":"post_tag","embeddable":true,"href":"https:\/\/etab.ac-reunion.fr\/clg-raymond-verges\/wp-json\/wp\/v2\/tags?post=1295"}],"curies":[{"name":"wp","href":"https:\/\/api.w.org\/{rel}","templated":true}]}}