{"id":1308,"date":"2017-05-05T12:47:35","date_gmt":"2017-05-05T08:47:35","guid":{"rendered":"http:\/\/college-raymondverges.ac-reunion.fr\/?p=1308"},"modified":"2017-05-05T12:48:28","modified_gmt":"2017-05-05T08:48:28","slug":"inscriptions-au-lycee","status":"publish","type":"post","link":"https:\/\/etab.ac-reunion.fr\/clg-raymond-verges\/2017\/05\/05\/inscriptions-au-lycee\/","title":{"rendered":"Inscriptions au lyc\u00e9e"},"content":{"rendered":"<p>Aux parents des \u00e9l\u00e8ves inscrits en 3\u00e8me<\/p>\n<p>Vous allez recevoir une nouvelle notification de vos comptes ATEN qu&rsquo;il conviendra d&rsquo;activer.<\/p>\n<p>Ce compte vous permettra de t\u00e9l\u00e9 inscrire votre enfant au lyc\u00e9e, d\u00e8s que vous aurez re\u00e7u la notification d&rsquo;affectation.<\/p>\n<p><strong>Cette proc\u00e9dure est obligatoire.<\/strong><\/p>\n<p>Les parents qui n&rsquo;ont pas acc\u00e8s \u00e0 internet pourront\u00a0 se pr\u00e9senter au coll\u00e8ge ou au lyc\u00e9e, muni de leur notification (compte ATEN) les 3 et 4 juillet 2017 o\u00f9 un acc\u00e8s sera mis \u00e0 leur disposition.<\/p>\n<p>Merci de bien vouloir contacter le coll\u00e8ge pour toute information.<\/p>\n<p>&nbsp;<\/p>\n","protected":false},"excerpt":{"rendered":"<p>Aux parents des \u00e9l\u00e8ves inscrits en 3\u00e8me Vous allez recevoir une nouvelle notification de vos comptes ATEN qu&rsquo;il conviendra d&rsquo;activer. Ce compte vous permettra de t\u00e9l\u00e9 inscrire votre enfant au lyc\u00e9e, d\u00e8s que vous aurez re\u00e7u la notification d&rsquo;affectation. Cette proc\u00e9dure est obligatoire. Les parents qui n&rsquo;ont pas acc\u00e8s \u00e0 &hellip;<\/p>\n","protected":false},"author":12506,"featured_media":0,"comment_status":"closed","ping_status":"open","sticky":false,"template":"","format":"standard","meta":{"footnotes":""},"categories":[1],"tags":[],"class_list":["post-1308","post","type-post","status-publish","format-standard","hentry","category-vie-de-letablissement"],"_links":{"self":[{"href":"https:\/\/etab.ac-reunion.fr\/clg-raymond-verges\/wp-json\/wp\/v2\/posts\/1308","targetHints":{"allow":["GET"]}}],"collection":[{"href":"https:\/\/etab.ac-reunion.fr\/clg-raymond-verges\/wp-json\/wp\/v2\/posts"}],"about":[{"href":"https:\/\/etab.ac-reunion.fr\/clg-raymond-verges\/wp-json\/wp\/v2\/types\/post"}],"author":[{"embeddable":true,"href":"https:\/\/etab.ac-reunion.fr\/clg-raymond-verges\/wp-json\/wp\/v2\/users\/12506"}],"replies":[{"embeddable":true,"href":"https:\/\/etab.ac-reunion.fr\/clg-raymond-verges\/wp-json\/wp\/v2\/comments?post=1308"}],"version-history":[{"count":1,"href":"https:\/\/etab.ac-reunion.fr\/clg-raymond-verges\/wp-json\/wp\/v2\/posts\/1308\/revisions"}],"predecessor-version":[{"id":1309,"href":"https:\/\/etab.ac-reunion.fr\/clg-raymond-verges\/wp-json\/wp\/v2\/posts\/1308\/revisions\/1309"}],"wp:attachment":[{"href":"https:\/\/etab.ac-reunion.fr\/clg-raymond-verges\/wp-json\/wp\/v2\/media?parent=1308"}],"wp:term":[{"taxonomy":"category","embeddable":true,"href":"https:\/\/etab.ac-reunion.fr\/clg-raymond-verges\/wp-json\/wp\/v2\/categories?post=1308"},{"taxonomy":"post_tag","embeddable":true,"href":"https:\/\/etab.ac-reunion.fr\/clg-raymond-verges\/wp-json\/wp\/v2\/tags?post=1308"}],"curies":[{"name":"wp","href":"https:\/\/api.w.org\/{rel}","templated":true}]}}