{"id":1336,"date":"2017-06-20T10:02:57","date_gmt":"2017-06-20T06:02:57","guid":{"rendered":"http:\/\/college-raymondverges.ac-reunion.fr\/?p=1336"},"modified":"2017-06-20T10:02:57","modified_gmt":"2017-06-20T06:02:57","slug":"3e-restitution-des-manuels-et-transports-lors-du-dnb","status":"publish","type":"post","link":"https:\/\/etab.ac-reunion.fr\/clg-raymond-verges\/2017\/06\/20\/3e-restitution-des-manuels-et-transports-lors-du-dnb\/","title":{"rendered":"3e &#8211; Restitution des manuels et transports lors du DNB"},"content":{"rendered":"<h1>3e &#8211; Information aux parents<\/h1>\n<p>&nbsp;<\/p>\n<p>Madame, Monsieur,<\/p>\n<p>Afin que les \u00e9l\u00e8ves de 3<sup>e<\/sup> puissent r\u00e9viser dans les meilleures conditions possibles, il a \u00e9t\u00e9 d\u00e9cid\u00e9 de laisser les manuels scolaires le plus longtemps possible aux candidats. Ainsi la collecte se fera le <strong>jeudi 29\/06\/17 \u00e0 11h<\/strong>.<\/p>\n<p>Nous rappelons que les certificats de radiations, qui permettent l\u2019inscription au lyc\u00e9e, ne pourront pas \u00eatre remis aux \u00e9l\u00e8ves le vendredi apr\u00e8s les \u00e9preuves si les manuels ne sont pas restitu\u00e9s.<\/p>\n<p>Les transports scolaires seront assur\u00e9s selon les modalit\u00e9s suivantes\u00a0:<\/p>\n<p><strong><u>Jeudi 29\/06\/2017<\/u><\/strong>\u00a0:\u00a0\u00a0\u00a0\u00a0 &#8211;\u00a0ALLER\u00a0: ramassage des \u00e9l\u00e8ves \u00e0 leurs arr\u00eats habituels, \u00e0 <strong><u>10h00<\/u><\/strong> \u00a0pour une d\u00e9pose vers 10h45 au coll\u00e8ge<\/p>\n<p><strong>\u00a0\u00a0\u00a0\u00a0\u00a0\u00a0\u00a0\u00a0\u00a0\u00a0\u00a0\u00a0\u00a0\u00a0\u00a0\u00a0\u00a0\u00a0\u00a0\u00a0\u00a0\u00a0\u00a0\u00a0\u00a0\u00a0\u00a0\u00a0\u00a0\u00a0\u00a0 \u00a0 \u00a0 \u00a0 \u00a0 \u00a0 &#8211; <\/strong>RETOUR\u00a0: \u00a0ramassage devant le coll\u00e8ge \u00a0\u00e0 18h15<\/p>\n<p><strong><u>Vendredi 30\/06\/2017<\/u><\/strong>\u00a0: \u00a0\u00a0\u00a0\u00a0\u00a0\u00a0\u00a0\u00a0 &#8211; ALLER\u00a0: ramassage des \u00e9l\u00e8ves \u00e0 leurs arr\u00eats habituels, \u00e0 <strong><u>9h00<\/u><\/strong> \u00a0pour une d\u00e9pose vers 9h45 au coll\u00e8ge<\/p>\n<p><strong>\u00a0\u00a0\u00a0\u00a0\u00a0\u00a0\u00a0\u00a0\u00a0\u00a0\u00a0\u00a0\u00a0\u00a0\u00a0\u00a0\u00a0\u00a0\u00a0\u00a0\u00a0\u00a0\u00a0\u00a0\u00a0\u00a0\u00a0\u00a0\u00a0\u00a0 \u00a0\u00a0\u00a0\u00a0\u00a0\u00a0\u00a0\u00a0\u00a0\u00a0 \u00a0 \u00a0 \u00a0 \u00a0 \u00a0 \u00a0\u00a0 &#8211;\u00a0<\/strong>RETOUR\u00a0: \u00a0ramassage devant le coll\u00e8ge \u00a0\u00e0 18h30<\/p>\n<p style=\"text-align: right\">L\u2019\u00e9quipe de direction<\/p>\n","protected":false},"excerpt":{"rendered":"<p>3e &#8211; Information aux parents &nbsp; Madame, Monsieur, Afin que les \u00e9l\u00e8ves de 3e puissent r\u00e9viser dans les meilleures conditions possibles, il a \u00e9t\u00e9 d\u00e9cid\u00e9 de laisser les manuels scolaires le plus longtemps possible aux candidats. Ainsi la collecte se fera le jeudi 29\/06\/17 \u00e0 11h. Nous rappelons que les &hellip;<\/p>\n","protected":false},"author":12508,"featured_media":0,"comment_status":"closed","ping_status":"open","sticky":false,"template":"","format":"standard","meta":{"footnotes":""},"categories":[10],"tags":[],"class_list":["post-1336","post","type-post","status-publish","format-standard","hentry","category-aux-familles"],"_links":{"self":[{"href":"https:\/\/etab.ac-reunion.fr\/clg-raymond-verges\/wp-json\/wp\/v2\/posts\/1336","targetHints":{"allow":["GET"]}}],"collection":[{"href":"https:\/\/etab.ac-reunion.fr\/clg-raymond-verges\/wp-json\/wp\/v2\/posts"}],"about":[{"href":"https:\/\/etab.ac-reunion.fr\/clg-raymond-verges\/wp-json\/wp\/v2\/types\/post"}],"author":[{"embeddable":true,"href":"https:\/\/etab.ac-reunion.fr\/clg-raymond-verges\/wp-json\/wp\/v2\/users\/12508"}],"replies":[{"embeddable":true,"href":"https:\/\/etab.ac-reunion.fr\/clg-raymond-verges\/wp-json\/wp\/v2\/comments?post=1336"}],"version-history":[{"count":1,"href":"https:\/\/etab.ac-reunion.fr\/clg-raymond-verges\/wp-json\/wp\/v2\/posts\/1336\/revisions"}],"predecessor-version":[{"id":1337,"href":"https:\/\/etab.ac-reunion.fr\/clg-raymond-verges\/wp-json\/wp\/v2\/posts\/1336\/revisions\/1337"}],"wp:attachment":[{"href":"https:\/\/etab.ac-reunion.fr\/clg-raymond-verges\/wp-json\/wp\/v2\/media?parent=1336"}],"wp:term":[{"taxonomy":"category","embeddable":true,"href":"https:\/\/etab.ac-reunion.fr\/clg-raymond-verges\/wp-json\/wp\/v2\/categories?post=1336"},{"taxonomy":"post_tag","embeddable":true,"href":"https:\/\/etab.ac-reunion.fr\/clg-raymond-verges\/wp-json\/wp\/v2\/tags?post=1336"}],"curies":[{"name":"wp","href":"https:\/\/api.w.org\/{rel}","templated":true}]}}